{"id":92146,"date":"2025-01-25T13:35:56","date_gmt":"2025-01-25T19:35:56","guid":{"rendered":"https:\/\/redsemlac.com\/semmexico\/?p=92146"},"modified":"2025-01-25T13:35:56","modified_gmt":"2025-01-25T19:35:56","slug":"mujer-y-poder-ante-el-caos-migratorio-la-conciliacion-y-el-dialogo","status":"publish","type":"post","link":"https:\/\/redsemlac.com\/semmexico\/mujer-y-poder-ante-el-caos-migratorio-la-conciliacion-y-el-dialogo\/","title":{"rendered":"Mujer y poder| Ante el Caos Migratorio\u2026 la Conciliaci\u00f3n y el Di\u00e1logo"},"content":{"rendered":"\n<p class=\"wp-block-paragraph\">&nbsp;Natalia Vidales de Bitterlin*<\/p>\n\n\n\n<p class=\"wp-block-paragraph\">SemM\u00e9xico, Baja California,&nbsp;&nbsp; 25 de enero, 2025.- No nos parece nada bien que la actitud correcta de la presidenta Claudia Sheinbaum, de sus funcionarios y sus simpatizantes ante el&nbsp; discurso de investidura de Donald Trump&nbsp; deba de ser&nbsp;&nbsp; -como lo fue-&nbsp; de confrontaci\u00f3n e incluso de&nbsp; burla.<\/p>\n\n\n\n<p class=\"wp-block-paragraph\">Actuar as\u00ed no traer\u00e1 ning\u00fan beneficio ni al gobierno ni a los ciudadanos; por el contrario, aumentar\u00e1 la brecha de una relaci\u00f3n que no se avizora propositiva ni halag\u00fce\u00f1a&nbsp; entre los dos mandatarios, vecinos y con relaciones comerciales de provecho&nbsp; mutuo s\u00ed, pero sobre todo al nuestro\u2026 dado el contraste entre&nbsp; ambas econom\u00edas.<\/p>\n\n\n\n<p class=\"wp-block-paragraph\">Iniciar as\u00ed una relaci\u00f3n que deber\u00eda ser de cordialidad, no es algo que deba aplaudirse ni aceptarse por los mexicanos. El responder con mofa a las propuestas del mandatario Trump no abona al di\u00e1logo ni a la conciliaci\u00f3n que debe prevalecer entre dos pa\u00edses vecinos.<\/p>\n\n\n\n<p class=\"wp-block-paragraph\">Las medidas anunciadas -y firmadas ya- por el presidente Trump van dirigidas, por supuesto, a la b\u00fasqueda del bien mayor del pa\u00eds que gobierna. Como debe ser.&nbsp;&nbsp;&nbsp; Ya quisi\u00e9ramos en lo personal, escuchar algo similar de parte de Sheinbaum y de los presidentes que nos han antecedido.&nbsp;&nbsp; \u00a1Hacer grande a M\u00e9xico! sin duda incluir\u00eda acciones pol\u00e9micas, dif\u00edciles, dolorosas, pero el bien superior ser\u00eda, claro, el bienestar de los mexicanos\u2026 por sobre otros intereses populistas&nbsp; y de concentraci\u00f3n del poder.<strong>&nbsp;<\/strong><\/p>\n\n\n\n<p class=\"wp-block-paragraph\">En referencia al tema migratorio, nos duele, por supuesto, la situaci\u00f3n por la que est\u00e1n atravesando miles de familias que han quedado literalmente varadas en la frontera norte,&nbsp; pero consideramos que&nbsp; este problema&nbsp; -tan grave y complejo &#8212;&nbsp; debe atenderse con mayor atenci\u00f3n para evitar los enormes riesgos de la&nbsp; migraci\u00f3n indocumentada en ambos lados de la frontera.&nbsp;&nbsp;&nbsp;<\/p>\n\n\n\n<p class=\"wp-block-paragraph\">Las declaraciones de la presidenta de M\u00e9xico, Claudia Sheinbaum, aunque suenan muy humanas, no son las adecuadas ya que pretender \u00a8abrir los brazos\u00a8 a todos los migrantes es algo que traer\u00e1 caos, conflictos y muchos problemas al gobierno y a los ciudadanos\u2026.sobre todo a quienes residimos en la frontera con ese pa\u00eds.&nbsp;&nbsp;&nbsp;<\/p>\n\n\n\n<p class=\"wp-block-paragraph\">En este punto es imposible no recordar cuando AMLO&nbsp; asegur\u00f3 que el crecimiento econ\u00f3mico en nuestro pa\u00eds har\u00eda que millones de paisanos regresaran a vivir y a trabajar en M\u00e9xico y que solo ir\u00edan de paseo o a conocer a los Estados Unidos\u2026en una m\u00e1s de sus declaraciones demag\u00f3gicas.&nbsp;<\/p>\n\n\n\n<p class=\"wp-block-paragraph\">Mejor actitud y declaraci\u00f3n ser\u00eda una propuesta al mism\u00edsimo presidente Trump. Una propuesta que beneficie a ambos pa\u00edses como lo pudiera ser los permisos temporales de trabajo en la uni\u00f3n americana y el compromiso de impedir el internamiento de ciudadanos por la frontera sur.<\/p>\n\n\n\n<p class=\"wp-block-paragraph\">Eso, en el tema migratorio. Pero en el de seguridad, el decreto de Trump de designar a los c\u00e1rteles y otros grupos criminales como organizaciones terroristas debe recibirse con benepl\u00e1cito porque unir fuerzas para acabar con ese c\u00e1ncer que se expande a todo lo ancho de nuestro querido pa\u00eds debe ser m\u00e1s que bienvenido\u2026en lugar de rechazado, como ha sucedido.<\/p>\n\n\n\n<p class=\"wp-block-paragraph\">Aprovechemos la oportunidad de este cambio de gobierno en Norteam\u00e9rica para sacar beneficio para M\u00e9xico.&nbsp; Utilicen, por Dios, la diplomacia como instrumento para fortalecer una relaci\u00f3n de amistad entre las dos naciones vecinas.&nbsp;&nbsp; Eso s\u00ed ser\u00eda dar un paso adelante.<\/p>\n\n\n\n<p class=\"wp-block-paragraph\"><strong>*Periodista con m\u00e1s de 40 a\u00f1os de ejercicio profesional. Activista social, fundadora y directora de la revista Mujer y Poder. Comentarios: whats 6621441440. <\/strong><a href=\"http:\/\/www.mujerypoder.com.mx\">www.mujerypoder.com.mx<\/a><strong><\/strong><\/p>\n\n\n\n<p class=\"wp-block-paragraph\"><\/p>\n","protected":false},"excerpt":{"rendered":"<p>&nbsp;Natalia Vidales de Bitterlin* SemM\u00e9xico, Baja California,&nbsp;&nbsp; 25 de enero, 2025.- No nos parece nada bien que la actitud correcta de la presidenta Claudia Sheinbaum, de sus funcionarios y sus simpatizantes ante el&nbsp; discurso de investidura de Donald Trump&nbsp; deba de ser&nbsp;&nbsp; -como lo fue-&nbsp; de confrontaci\u00f3n e incluso de&nbsp; burla. Actuar as\u00ed no traer\u00e1 [&hellip;]<\/p>\n","protected":false},"author":3,"featured_media":38550,"comment_status":"open","ping_status":"open","sticky":false,"template":"","format":"standard","meta":{"_monsterinsights_skip_tracking":false,"footnotes":""},"categories":[100,72,35],"tags":[],"class_list":["post-92146","post","type-post","status-publish","format-standard","has-post-thumbnail","category-mujer-y-poder","category-natalia-vidales","category-opinion"],"_links":{"self":[{"href":"https:\/\/redsemlac.com\/semmexico\/wp-json\/wp\/v2\/posts\/92146","targetHints":{"allow":["GET"]}}],"collection":[{"href":"https:\/\/redsemlac.com\/semmexico\/wp-json\/wp\/v2\/posts"}],"about":[{"href":"https:\/\/redsemlac.com\/semmexico\/wp-json\/wp\/v2\/types\/post"}],"author":[{"embeddable":true,"href":"https:\/\/redsemlac.com\/semmexico\/wp-json\/wp\/v2\/users\/3"}],"replies":[{"embeddable":true,"href":"https:\/\/redsemlac.com\/semmexico\/wp-json\/wp\/v2\/comments?post=92146"}],"version-history":[{"count":0,"href":"https:\/\/redsemlac.com\/semmexico\/wp-json\/wp\/v2\/posts\/92146\/revisions"}],"wp:featuredmedia":[{"embeddable":true,"href":"https:\/\/redsemlac.com\/semmexico\/wp-json\/wp\/v2\/media\/38550"}],"wp:attachment":[{"href":"https:\/\/redsemlac.com\/semmexico\/wp-json\/wp\/v2\/media?parent=92146"}],"wp:term":[{"taxonomy":"category","embeddable":true,"href":"https:\/\/redsemlac.com\/semmexico\/wp-json\/wp\/v2\/categories?post=92146"},{"taxonomy":"post_tag","embeddable":true,"href":"https:\/\/redsemlac.com\/semmexico\/wp-json\/wp\/v2\/tags?post=92146"}],"curies":[{"name":"wp","href":"https:\/\/api.w.org\/{rel}","templated":true}]}}