{"id":9214,"date":"2019-06-26T21:09:04","date_gmt":"2019-06-26T21:09:04","guid":{"rendered":"https:\/\/redsemlac.com\/semmexico\/?p=9214"},"modified":"2023-07-21T14:49:39","modified_gmt":"2023-07-21T19:49:39","slug":"mujer-y-poder-29","status":"publish","type":"post","link":"https:\/\/redsemlac.com\/semmexico\/mujer-y-poder-29\/","title":{"rendered":"Mujer y Poder"},"content":{"rendered":"\n<h3 class=\"wp-block-heading\"> <em>\u00a1Protecci\u00f3n a los ni\u00f1os y ni\u00f1as de M\u00e9xico! <\/em> <\/h3>\n\n\n\n<p class=\"has-small-font-size wp-block-paragraph\"><em>MENSAJE AL PRESIDENTE ANDR\u00c9S MANUEL L\u00d3PEZ OBRADOR<\/em><\/p>\n\n\n\n<p class=\"wp-block-paragraph\"><strong>Natalia Vidales Rodr\u00edguez\u00a0<\/strong><\/p>\n\n\n\n<p class=\"wp-block-paragraph\">SemM\u00e9xico. Sonora. 26 de junio de 2019.- Hace un par de d\u00edas nos lleg\u00f3 el video que reproducimos al calce.&nbsp;&nbsp;Contra nuestra costumbre de no difundir escenas violentas y dram\u00e1ticas, lo hacemos en esta ocasi\u00f3n como excepci\u00f3n por la necesidad de mostrarlo al presidente de M\u00e9xico, Andr\u00e9s Manuel L\u00f3pez Obrador, con un solo objetivo: que el estado brinde protecci\u00f3n efectiva a los menores.<\/p>\n\n\n\n<p class=\"wp-block-paragraph\">Del video en cuesti\u00f3n, solo pudimos ver el inicio y ello nos fue suficiente para que esas dram\u00e1ticas im\u00e1genes est\u00e9n en nuestra mente, atorment\u00e1ndonos y no permiti\u00e9ndonos quedarnos calladas ante este maltrato a una menor\u2026 por su propia madre.<\/p>\n\n\n\n<p class=\"wp-block-paragraph\">Como esta ni\u00f1a, en M\u00e9xico \u2013por enfocarnos a nuestro pa\u00eds \u00fanicamente porque estamos conscientes de que el sufrimiento de los menores es global- hay&nbsp;&nbsp;millones de peque\u00f1itos&nbsp;&nbsp;que viven en un entorno por dem\u00e1s adverso y peligroso, con maltrato dentro de su propio hogar que los deteriora f\u00edsica, mental y espiritualmente.<\/p>\n\n\n\n<p class=\"wp-block-paragraph\">El infame trato que esta madre da a su ni\u00f1a no es aislado\u2026 sino constante, sobre todo en un estrato social econ\u00f3micamente bajo. Y de esto parece no estar consciente el presidente L\u00f3pez Obrador, quien quit\u00f3 el apoyo para el funcionamiento de guarder\u00edas que proporcionaban atenci\u00f3n profesional y humana a tantos ni\u00f1os con una vida de desgracia en sus propios hogares, en el lugar que deber\u00eda de ser el m\u00e1s apropiado para recibir amor, cuidados y educaci\u00f3n.<\/p>\n\n\n\n<p class=\"wp-block-paragraph\">Argumenta el presidente que hab\u00eda corrupci\u00f3n en el manejo de las guarder\u00edas y\u2026 no dudamos que en algunos casos as\u00ed haya sido pero bien se puede investigar y hacer las correcciones necesarias. Destinar a personal capacitado y sensible para el cuidado del bien m\u00e1s preciado de nuestra sociedad: los ni\u00f1os, logrando tal vez que las guarder\u00edas de M\u00e9xico se conviertan en sitios ejemplares.<\/p>\n\n\n\n<p class=\"wp-block-paragraph\">El otorgar a los padres, en la nueva pol\u00edtica del presidente, el recurso que antes se brindaba a las guarder\u00edas\u2026 no es la soluci\u00f3n. La soluci\u00f3n es asegurar que estos ni\u00f1os est\u00e9n en un ambiente apropiado, con psic\u00f3logas, terapeutas, educadoras, nutri\u00f3logas y todo lo necesario para un sano desarrollo que en millones de hogares mexicanos no se da. Y cabe mencionar: hemos escuchado que los apoyos directos del gobierno a las madres, estudiantes, adultos mayores, discapacitados y dem\u00e1s llevan la intenci\u00f3n de comprar votos para las pr\u00f3ximas elecciones incluyendo la eventual reelecci\u00f3n presidencial pero\u2026 no lo creemos porque de ser as\u00ed el asunto ser\u00eda entonces, peor.<\/p>\n\n\n\n<p class=\"wp-block-paragraph\">La madre del video muestra claramente que ella misma sufre una vida desgraciada en todos los sentidos\u00a0\u00a0\u00a0-econ\u00f3mico, afectivo, moral- pues de no ser as\u00ed otra ser\u00eda su actuaci\u00f3n. Luego entonces, el darle dinero \u2013que tal vez su esposo mismo le quitar\u00e1 o ella utilizar\u00e1 en otras necesidades que considera prioritarias que \u00a8mandar a la ni\u00f1a al kinder\u00a8-, no solucionar\u00e1 esta situaci\u00f3n y el da\u00f1o ser\u00e1 tambi\u00e9n para M\u00e9xico por estar permitiendo que dentro de los hogares se formen futuros delincuentes. Una nueva generaci\u00f3n violenta, por las condiciones en que fueron formados.<\/p>\n\n\n\n<p class=\"wp-block-paragraph\">Por ello, en este mensaje clamamos al presidente por protecci\u00f3n a estos ni\u00f1os. Por devolverles el lugar sano y seguro del que disfrutaban en las guarder\u00edas que ya no reciben apoyo gubernamental y que la sociedad civil no puede solventar con rifas y hamburguesadas \u2013como com\u00fanmente se ha venido haciendo-&nbsp;&nbsp;para obtener recursos para tantas obras sociales que las organizaciones civiles realizan para el mejoramiento de la sociedad.&nbsp;&nbsp;&nbsp;<\/p>\n\n\n\n<p class=\"wp-block-paragraph\">Es un hecho de extrema crueldad si, sabiendo lo que sucede a peque\u00f1itas como la ni\u00f1a del video, no se act\u00faa en consecuencia y de manera urgente.<\/p>\n\n\n\n<p class=\"has-text-color has-vivid-red-color wp-block-paragraph\"><a href=\"https:\/\/redsemlac.com\/semmexico\/wp-content\/uploads\/2019\/06\/VID-20190620-WA0039.mp4\"><strong>Acceso al video<\/strong><\/a><\/p>\n","protected":false},"excerpt":{"rendered":"<p>\u00a1Protecci\u00f3n a los ni\u00f1os y ni\u00f1as de M\u00e9xico! MENSAJE AL PRESIDENTE ANDR\u00c9S MANUEL L\u00d3PEZ OBRADOR Natalia Vidales Rodr\u00edguez\u00a0 SemM\u00e9xico. Sonora. 26 de junio de 2019.- Hace un par de d\u00edas nos lleg\u00f3 el video que reproducimos al calce.&nbsp;&nbsp;Contra nuestra costumbre de no difundir escenas violentas y dram\u00e1ticas, lo hacemos en esta ocasi\u00f3n como excepci\u00f3n por [&hellip;]<\/p>\n","protected":false},"author":3,"featured_media":9215,"comment_status":"open","ping_status":"open","sticky":false,"template":"","format":"standard","meta":{"_monsterinsights_skip_tracking":false,"footnotes":""},"categories":[690,100,72],"tags":[],"class_list":["post-9214","post","type-post","status-publish","format-standard","has-post-thumbnail","category-690","category-mujer-y-poder","category-natalia-vidales"],"_links":{"self":[{"href":"https:\/\/redsemlac.com\/semmexico\/wp-json\/wp\/v2\/posts\/9214","targetHints":{"allow":["GET"]}}],"collection":[{"href":"https:\/\/redsemlac.com\/semmexico\/wp-json\/wp\/v2\/posts"}],"about":[{"href":"https:\/\/redsemlac.com\/semmexico\/wp-json\/wp\/v2\/types\/post"}],"author":[{"embeddable":true,"href":"https:\/\/redsemlac.com\/semmexico\/wp-json\/wp\/v2\/users\/3"}],"replies":[{"embeddable":true,"href":"https:\/\/redsemlac.com\/semmexico\/wp-json\/wp\/v2\/comments?post=9214"}],"version-history":[{"count":0,"href":"https:\/\/redsemlac.com\/semmexico\/wp-json\/wp\/v2\/posts\/9214\/revisions"}],"wp:featuredmedia":[{"embeddable":true,"href":"https:\/\/redsemlac.com\/semmexico\/wp-json\/wp\/v2\/media\/9215"}],"wp:attachment":[{"href":"https:\/\/redsemlac.com\/semmexico\/wp-json\/wp\/v2\/media?parent=9214"}],"wp:term":[{"taxonomy":"category","embeddable":true,"href":"https:\/\/redsemlac.com\/semmexico\/wp-json\/wp\/v2\/categories?post=9214"},{"taxonomy":"post_tag","embeddable":true,"href":"https:\/\/redsemlac.com\/semmexico\/wp-json\/wp\/v2\/tags?post=9214"}],"curies":[{"name":"wp","href":"https:\/\/api.w.org\/{rel}","templated":true}]}}