{"id":92136,"date":"2025-01-24T19:29:15","date_gmt":"2025-01-25T01:29:15","guid":{"rendered":"https:\/\/redsemlac.com\/semmexico\/?p=92136"},"modified":"2025-01-25T12:57:04","modified_gmt":"2025-01-25T18:57:04","slug":"me-rindo-dice-maria-elena-rios-a-gobernador-de-oaxaca-delante-de-claudia-sheinbaum","status":"publish","type":"post","link":"https:\/\/redsemlac.com\/semmexico\/me-rindo-dice-maria-elena-rios-a-gobernador-de-oaxaca-delante-de-claudia-sheinbaum\/","title":{"rendered":"\u00a1Me rindo!, dice Mar\u00eda Elena R\u00edos a gobernador de Oaxaca delante de Claudia Sheinbaum"},"content":{"rendered":"\n<ul class=\"wp-block-list\">\n<li>Interrumpe el acto inaugural de la carretera Mitla-Istmo y asegura que su agresor no est\u00e1 en el hospital<\/li>\n<\/ul>\n\n\n\n<ul class=\"wp-block-list\">\n<li>Acusa que Salom\u00f3n Jara Cruz paga campa\u00f1as de desprestigio en su contra<\/li>\n<\/ul>\n\n\n\n<p class=\"wp-block-paragraph\">Soledad Jarqu\u00edn Edgar<\/p>\n\n\n\n<p class=\"wp-block-paragraph\">SemM\u00e9xico, Oaxaca, 24 de enero, 2025.- \u00a1Presidenta, presidenta! Soy Mar\u00eda Elena \u00bfMe recuerda? Se escuch\u00f3 desde el micr\u00f3fono d\u00f3nde segundos antes la presidenta hab\u00eda terminado de discurso. A unos metros la presidenta Claudia Sheinbaum Pardo asinti\u00f3. En tanto la cara del gobernador Salom\u00f3n Jara Cruz se desencant\u00f3 por un momento.<\/p>\n\n\n\n<p class=\"wp-block-paragraph\">Maria Elena R\u00edos v\u00edctima directa de tentativa de feminicidio hab\u00eda tomado el micr\u00f3fono para decir: \u00a1Me rindo! Al tiempo de acusar al Estado de hacer campa\u00f1as para difamarla dijo ante una rechifla tipo partido de f\u00fatbol que emitieron cientos de seguidores de la 4T, \u00ablos porros del gobernador\u00bb y que pretend\u00edan ahogar la voz de la saxofonista de la mixteca.<\/p>\n\n\n\n<p class=\"wp-block-paragraph\">En el templete Jara sosten\u00eda una sonrisa, lo mismo que Claudia Sheinbaum que se acerc\u00f3 hasta el pidi\u00f3 pretendiendo contener a Mar\u00eda Elena.<\/p>\n\n\n\n<p class=\"wp-block-paragraph\">\u00abQuiero decirle quiero decirle gobernador que me rindo, usted y con Antonio Vera Carrizal ganan. Vera Carrizal no est\u00e1 en el hospital me rindo gan\u00f3 el &nbsp;&nbsp;gobernador\u00bb.<\/p>\n\n\n\n<p class=\"wp-block-paragraph\">\u00abY el d\u00eda de hoy quiero decirle presidenta que las mujeres en Oaxaca no tenemos justicia\u00bb.<\/p>\n\n\n\n<p class=\"wp-block-paragraph\">Para entonces los gritos y chiflados hab\u00edan aumentado. Ella les dijo \u00aba ustedes no les voy a hacer caso son porros de Salom\u00f3n Jara\u00bb dijo tomo su manta y se pas\u00f3 casi al centro del templete para mostrarla.<\/p>\n\n\n\n<p class=\"wp-block-paragraph\">En la manta reafirmaba su postura: \u00a1Me rindo gobernador! Aqu\u00ed mi lucha termina, libera a #VeraCarrizal ustedes ganan porque en OAXACA NO ES TIEMPO DE MUJERES. \u00a1Bienvenida presidenta!<\/p>\n\n\n\n<p class=\"wp-block-paragraph\">Mar\u00eda Elena se despidi\u00f3 de Sheinbaum y sali\u00f3 del lugar, mientras el grito era \u00a1presidenta, presidenta\u2026!<\/p>\n\n\n\n<p class=\"wp-block-paragraph\">La presidenta mexicana, el gobernador de Oaxaca y otros funcionarios cortaron hoy el list\u00f3n inaugural de la carretera Mitla-Tehuantepec, desde el entronque con San Pablo Mitla, la ciudad de los muertos.<\/p>\n\n\n\n<p class=\"wp-block-paragraph\">La obra cost\u00f3 32 mil 977 millones de pesos, conectar\u00e1 a la capital de Oaxaca con una reducci\u00f3n del tiempo de traslado del 50 por ciento, al pasar de cuatro y media a dos horas y media.<\/p>\n\n\n\n<p class=\"wp-block-paragraph\">SEM\/sj<\/p>\n\n\n\n<figure class=\"wp-block-video\"><video height=\"384\" style=\"aspect-ratio: 848 \/ 384;\" width=\"848\" controls src=\"https:\/\/redsemlac.com\/semmexico\/wp-content\/uploads\/2025\/01\/WhatsApp-Video-2025-01-24-at-3.00.21-PM.mp4\"><\/video><\/figure>\n","protected":false},"excerpt":{"rendered":"<p>Soledad Jarqu\u00edn Edgar SemM\u00e9xico, Oaxaca, 24 de enero, 2025.- \u00a1Presidenta, presidenta! Soy Mar\u00eda Elena \u00bfMe recuerda? Se escuch\u00f3 desde el micr\u00f3fono d\u00f3nde segundos antes la presidenta hab\u00eda terminado de discurso. A unos metros la presidenta Claudia Sheinbaum Pardo asinti\u00f3. En tanto la cara del gobernador Salom\u00f3n Jara Cruz se desencant\u00f3 por un momento. Maria Elena [&hellip;]<\/p>\n","protected":false},"author":3,"featured_media":92137,"comment_status":"open","ping_status":"open","sticky":false,"template":"","format":"standard","meta":{"_monsterinsights_skip_tracking":false,"footnotes":""},"categories":[694,682],"tags":[],"class_list":["post-92136","post","type-post","status-publish","format-standard","has-post-thumbnail","category-destacadas","category-noticias"],"_links":{"self":[{"href":"https:\/\/redsemlac.com\/semmexico\/wp-json\/wp\/v2\/posts\/92136","targetHints":{"allow":["GET"]}}],"collection":[{"href":"https:\/\/redsemlac.com\/semmexico\/wp-json\/wp\/v2\/posts"}],"about":[{"href":"https:\/\/redsemlac.com\/semmexico\/wp-json\/wp\/v2\/types\/post"}],"author":[{"embeddable":true,"href":"https:\/\/redsemlac.com\/semmexico\/wp-json\/wp\/v2\/users\/3"}],"replies":[{"embeddable":true,"href":"https:\/\/redsemlac.com\/semmexico\/wp-json\/wp\/v2\/comments?post=92136"}],"version-history":[{"count":0,"href":"https:\/\/redsemlac.com\/semmexico\/wp-json\/wp\/v2\/posts\/92136\/revisions"}],"wp:featuredmedia":[{"embeddable":true,"href":"https:\/\/redsemlac.com\/semmexico\/wp-json\/wp\/v2\/media\/92137"}],"wp:attachment":[{"href":"https:\/\/redsemlac.com\/semmexico\/wp-json\/wp\/v2\/media?parent=92136"}],"wp:term":[{"taxonomy":"category","embeddable":true,"href":"https:\/\/redsemlac.com\/semmexico\/wp-json\/wp\/v2\/categories?post=92136"},{"taxonomy":"post_tag","embeddable":true,"href":"https:\/\/redsemlac.com\/semmexico\/wp-json\/wp\/v2\/tags?post=92136"}],"curies":[{"name":"wp","href":"https:\/\/api.w.org\/{rel}","templated":true}]}}