{"id":92135,"date":"2025-01-24T19:32:04","date_gmt":"2025-01-25T01:32:04","guid":{"rendered":"https:\/\/redsemlac.com\/semmexico\/?p=92135"},"modified":"2025-01-24T19:32:05","modified_gmt":"2025-01-25T01:32:05","slug":"aumenta-percepcion-de-inseguridad-en-mexico-dos-ciudades-de-guerrero-a-la-alza-acapulco-y-chilpancingo-y-una-a-la-baja-zihuatanejo","status":"publish","type":"post","link":"https:\/\/redsemlac.com\/semmexico\/aumenta-percepcion-de-inseguridad-en-mexico-dos-ciudades-de-guerrero-a-la-alza-acapulco-y-chilpancingo-y-una-a-la-baja-zihuatanejo\/","title":{"rendered":"Aumenta percepci\u00f3n de inseguridad en M\u00e9xico; dos ciudades de guerrero a la alza (Acapulco y Chilpancingo) y una a la baja (Zihuatanejo)"},"content":{"rendered":"\n<p class=\"wp-block-paragraph\"><br>Las mujeres en un 67% manifest\u00f3 sentirse insegura en su ciudad<br><br><\/p>\n\n\n\n<p class=\"wp-block-paragraph\">&nbsp;Isabel Ortega Morales<\/p>\n\n\n\n<p class=\"wp-block-paragraph\">SemM\u00e9xico\/ SURIANA RADIO\/ CEPROVYSA.COM, Chilpancingo, Guerrero., 24&nbsp; de enero, 2025.- En el primer trimestre del gobierno de Claudia Sheinbaum Pardo, en M\u00e9xico aument\u00f3 a un 61.7 por ciento la percepci\u00f3n de inseguridad y en el estado de Guerrero dos ciudades reflejaron a la alza, y uno a la baja.<\/p>\n\n\n\n<p class=\"wp-block-paragraph\">Seg\u00fan datos del INEGI, Instituto Nacional de Estad\u00edstica y Geograf\u00eda, en la Encuesta Nacional de Seguridad P\u00fablica Urbana, ENSU, el 67 por ciento de las mujeres manifest\u00f3 que es inseguro vivir en su ciudad, en tanto el 54.4% de los hombres lo indicaron as\u00ed tambi\u00e9n.<\/p>\n\n\n\n<p class=\"wp-block-paragraph\">La ENSU refleja que las ciudades donde m\u00e1s poblaci\u00f3n sinti\u00f3 inseguridad fueron: Villahermosa, Tabasco, (95.3 %); Uruapan Michoac\u00e1n, (92.5 %); Fresnillo, Zacatecas (90.9 %); Culiac\u00e1n Rosales, Sinaloa (90.6 %); Tuxtla Guti\u00e9rrez, Chiapas (90.6 %) y Tapachula, Chiapas. (90.1 %).<\/p>\n\n\n\n<p class=\"wp-block-paragraph\">De acuerdo al INEGI, en Guerrero dos ciudades fueron a la alza, Acapulco y Chilpancingo, y uno a la baja, Zihuatanejo.<\/p>\n\n\n\n<p class=\"wp-block-paragraph\">En el caso de Acapulco, en septiembre de 2024 la percepci\u00f3n de inseguridad fue de un 73.8% y en diciembre esta encuesta refleja un 80.9% de la poblaci\u00f3n que dijo sentirse insegura.<br>En el caso de Chilpancingo, la ENSU refleja que en septiembre de 2024 la percepci\u00f3n de inseguridad era del 79.6% y a diciembre esta cifra fue de 86.8 por ciento.<\/p>\n\n\n\n<p class=\"wp-block-paragraph\">En Ixtapa \u2013 Zihuatanejo, la percepci\u00f3n de inseguridad baj\u00f3. En septiembre fue del 57.7 por ciento y en diciembre se reflej\u00f3 en 48.4 por ciento.<br>La Encuesta Nacional de Seguridad P\u00fablica, ENSU, da conocer que el 68.9 % de la poblaci\u00f3n manifest\u00f3 sentirse insegura en los cajeros autom\u00e1ticos localizados en la v\u00eda p\u00fablica y 63.0 %, en el transporte p\u00fablico.<\/p>\n\n\n\n<p class=\"wp-block-paragraph\"><br>Sobre el grupo de edad que fue encuestada, consider\u00f3 61.7 % de la poblaci\u00f3n de 18 a\u00f1os y m\u00e1s inseguro vivir en su ciudad, en diciembre de 2024.<\/p>\n\n\n\n<figure class=\"wp-block-image size-full\"><a href=\"https:\/\/redsemlac.com\/semmexico\/wp-content\/uploads\/2025\/01\/percepcion-inseguridad-01.jpg\"><img loading=\"lazy\" decoding=\"async\" width=\"823\" height=\"1024\" src=\"https:\/\/redsemlac.com\/semmexico\/wp-content\/uploads\/2025\/01\/percepcion-inseguridad-01.jpg\" alt=\"\" class=\"wp-image-92144\"\/><\/a><\/figure>\n","protected":false},"excerpt":{"rendered":"<p>Las mujeres en un 67% manifest\u00f3 sentirse insegura en su ciudad &nbsp;Isabel Ortega Morales SemM\u00e9xico\/ SURIANA RADIO\/ CEPROVYSA.COM, Chilpancingo, Guerrero., 24&nbsp; de enero, 2025.- En el primer trimestre del gobierno de Claudia Sheinbaum Pardo, en M\u00e9xico aument\u00f3 a un 61.7 por ciento la percepci\u00f3n de inseguridad y en el estado de Guerrero dos ciudades reflejaron [&hellip;]<\/p>\n","protected":false},"author":3,"featured_media":92144,"comment_status":"open","ping_status":"open","sticky":false,"template":"","format":"standard","meta":{"_monsterinsights_skip_tracking":false,"footnotes":""},"categories":[48],"tags":[],"class_list":["post-92135","post","type-post","status-publish","format-standard","has-post-thumbnail","category-no-mas-impunidad-no-mas-impunidad"],"_links":{"self":[{"href":"https:\/\/redsemlac.com\/semmexico\/wp-json\/wp\/v2\/posts\/92135","targetHints":{"allow":["GET"]}}],"collection":[{"href":"https:\/\/redsemlac.com\/semmexico\/wp-json\/wp\/v2\/posts"}],"about":[{"href":"https:\/\/redsemlac.com\/semmexico\/wp-json\/wp\/v2\/types\/post"}],"author":[{"embeddable":true,"href":"https:\/\/redsemlac.com\/semmexico\/wp-json\/wp\/v2\/users\/3"}],"replies":[{"embeddable":true,"href":"https:\/\/redsemlac.com\/semmexico\/wp-json\/wp\/v2\/comments?post=92135"}],"version-history":[{"count":0,"href":"https:\/\/redsemlac.com\/semmexico\/wp-json\/wp\/v2\/posts\/92135\/revisions"}],"wp:featuredmedia":[{"embeddable":true,"href":"https:\/\/redsemlac.com\/semmexico\/wp-json\/wp\/v2\/media\/92144"}],"wp:attachment":[{"href":"https:\/\/redsemlac.com\/semmexico\/wp-json\/wp\/v2\/media?parent=92135"}],"wp:term":[{"taxonomy":"category","embeddable":true,"href":"https:\/\/redsemlac.com\/semmexico\/wp-json\/wp\/v2\/categories?post=92135"},{"taxonomy":"post_tag","embeddable":true,"href":"https:\/\/redsemlac.com\/semmexico\/wp-json\/wp\/v2\/tags?post=92135"}],"curies":[{"name":"wp","href":"https:\/\/api.w.org\/{rel}","templated":true}]}}