{"id":92131,"date":"2025-01-24T19:25:31","date_gmt":"2025-01-25T01:25:31","guid":{"rendered":"https:\/\/redsemlac.com\/semmexico\/?p=92131"},"modified":"2025-01-24T19:25:31","modified_gmt":"2025-01-25T01:25:31","slug":"iecdmx-crea-comisiones-para-la-eleccion-del-poder-judicial","status":"publish","type":"post","link":"https:\/\/redsemlac.com\/semmexico\/iecdmx-crea-comisiones-para-la-eleccion-del-poder-judicial\/","title":{"rendered":"IECDMX crea comisiones para la elecci\u00f3n del Poder Judicial"},"content":{"rendered":"\n<ul class=\"wp-block-list\">\n<li>Debe proponer un Consejo General un Plan Integral y Calendario del proceso electivo<\/li>\n\n\n\n<li>Tambi\u00e9n se encargar\u00e1 de promover y organizar ejercicios de informaci\u00f3n<\/li>\n<\/ul>\n\n\n\n<p class=\"wp-block-paragraph\">Elda Montiel<\/p>\n\n\n\n<p class=\"wp-block-paragraph\">SemM\u00e9xico. Ciudad de M\u00e9xico. 24 de enero 2025.- Para el Proceso Electoral Local Extraordinario 2024-2025 del Poder Judicial local el Consejo General del Instituto Electoral de la Ciudad de M\u00e9xico (IECM) aprob\u00f3 la conformaci\u00f3n de dos comisiones relacionadas con la organizaci\u00f3n; una que coordinar\u00e1n los trabajos de la elecci\u00f3n y otra que se encargar\u00e1 de los foros de debates.<\/p>\n\n\n\n<p class=\"wp-block-paragraph\">La Comisi\u00f3n Provisional que coordinar\u00e1 los trabajos de la elecci\u00f3n del Poder Judicial ser\u00e1 presidida por el consejero Ernesto Ramos Mega e integrada por las consejeras Cecilia A\u00edda Hern\u00e1ndez Cruz, Sonia P\u00e9rez P\u00e9rez y Mar\u00eda de los \u00c1ngeles Gil S\u00e1nchez, tendr\u00e1 entre sus atribuciones proponer al Consejo General un Plan Integral y Calendario del proceso electivo y dar seguimiento a su ejecuci\u00f3n y su&nbsp; vigencia concluir\u00e1 cuando se hayan resuelto todos los medios de impugnaci\u00f3n; o&nbsp; cuando el Tribunal Electoral Local apruebe el Dictamen correspondiente.<\/p>\n\n\n\n<p class=\"wp-block-paragraph\">La Comisi\u00f3n Provisional de Seguimiento para la Organizaci\u00f3n y Celebraci\u00f3n de los Foros de Debates tendr\u00e1 una vigencia de un a\u00f1o estar\u00e1 presidida por Erika Estrada Ruiz, e integrada por la consejera Cecilia A\u00edda Hern\u00e1ndez Cruz y el consejero Ernesto Ramos Mega.<\/p>\n\n\n\n<p class=\"wp-block-paragraph\">La Comisi\u00f3n que coordinar\u00e1 los trabajos realizar\u00e1 un diagn\u00f3stico sobre la normativa interna que deba ser emitida o requiera modificaci\u00f3n y opinar\u00e1 y propondr\u00e1 actividades, proyectos o tareas que se considere necesario para el proceso, excepto si se relacionan con el voto de personas en el extranjero, en estado de postraci\u00f3n y en prisi\u00f3n preventiva, ya que esas acciones ser\u00e1n realizadas por otra Comisi\u00f3n.<\/p>\n\n\n\n<p class=\"wp-block-paragraph\">Auxiliar\u00e1 a la presidencia del Consejo General a establecer con el INE las bases institucionales de capacitaci\u00f3n, asistencia electoral, implementaci\u00f3n de sistemas inform\u00e1ticos y dem\u00e1s actividades que se deriven con motivo de la Elecci\u00f3n y dar\u00e1 seguimiento y revisi\u00f3n de los sistemas inform\u00e1ticos que se requieran. Revisar\u00e1 los informes de monitoreo de encuestas y sondeos impresos y digitales, y tomar\u00e1 determinaciones sobre cualquier actividad y\/o resoluci\u00f3n necesaria para la adecuada organizaci\u00f3n y desarrollo del Proceso.<\/p>\n\n\n\n<p class=\"wp-block-paragraph\">Mientras que la Comisi\u00f3n que se encargar\u00e1 de los foros adem\u00e1s de promover y organizar ejercicios de informaci\u00f3n se asegurar\u00e1 de que en los foros de debates se respete la libertad de expresi\u00f3n, la equidad y el trato igualitario de quienes participen; que representen verdaderos ejercicios de informaci\u00f3n, an\u00e1lisis y contraste de ideas y que su difusi\u00f3n abarque toda el \u00e1rea geogr\u00e1fica de la elecci\u00f3n, entre otras atribuciones.<\/p>\n\n\n\n<p class=\"wp-block-paragraph\">En las sesiones extraordinarias tambi\u00e9n se han modificado las&nbsp; atribuciones de la Comisi\u00f3n Provisional para la Implementaci\u00f3n y Desarrollo de Acciones en materia de Voto de las Personas Residentes en el Extranjero, en estado de Postraci\u00f3n y en Prisi\u00f3n Preventiva para efectos de la elecci\u00f3n del Poder Judicial.<\/p>\n\n\n\n<p class=\"wp-block-paragraph\">As\u00ed como diversas reformas al Reglamento de Sesiones del Consejo General y Comisiones del IECM, para armonizarlo con las disposiciones legislativas en el sentido de que las representaciones de los partidos pol\u00edticos, invitadas permanentes y candidaturas sin partidos no integren ni participen en las sesiones del Consejo General que tienen que ver con la elecci\u00f3n del Poder Judicial.<\/p>\n\n\n\n<p class=\"wp-block-paragraph\">SEM\/em\/sj<\/p>\n","protected":false},"excerpt":{"rendered":"<p>Elda Montiel SemM\u00e9xico. Ciudad de M\u00e9xico. 24 de enero 2025.- Para el Proceso Electoral Local Extraordinario 2024-2025 del Poder Judicial local el Consejo General del Instituto Electoral de la Ciudad de M\u00e9xico (IECM) aprob\u00f3 la conformaci\u00f3n de dos comisiones relacionadas con la organizaci\u00f3n; una que coordinar\u00e1n los trabajos de la elecci\u00f3n y otra que se [&hellip;]<\/p>\n","protected":false},"author":3,"featured_media":92133,"comment_status":"open","ping_status":"open","sticky":false,"template":"","format":"standard","meta":{"_monsterinsights_skip_tracking":false,"footnotes":""},"categories":[682],"tags":[],"class_list":["post-92131","post","type-post","status-publish","format-standard","has-post-thumbnail","category-noticias"],"_links":{"self":[{"href":"https:\/\/redsemlac.com\/semmexico\/wp-json\/wp\/v2\/posts\/92131","targetHints":{"allow":["GET"]}}],"collection":[{"href":"https:\/\/redsemlac.com\/semmexico\/wp-json\/wp\/v2\/posts"}],"about":[{"href":"https:\/\/redsemlac.com\/semmexico\/wp-json\/wp\/v2\/types\/post"}],"author":[{"embeddable":true,"href":"https:\/\/redsemlac.com\/semmexico\/wp-json\/wp\/v2\/users\/3"}],"replies":[{"embeddable":true,"href":"https:\/\/redsemlac.com\/semmexico\/wp-json\/wp\/v2\/comments?post=92131"}],"version-history":[{"count":0,"href":"https:\/\/redsemlac.com\/semmexico\/wp-json\/wp\/v2\/posts\/92131\/revisions"}],"wp:featuredmedia":[{"embeddable":true,"href":"https:\/\/redsemlac.com\/semmexico\/wp-json\/wp\/v2\/media\/92133"}],"wp:attachment":[{"href":"https:\/\/redsemlac.com\/semmexico\/wp-json\/wp\/v2\/media?parent=92131"}],"wp:term":[{"taxonomy":"category","embeddable":true,"href":"https:\/\/redsemlac.com\/semmexico\/wp-json\/wp\/v2\/categories?post=92131"},{"taxonomy":"post_tag","embeddable":true,"href":"https:\/\/redsemlac.com\/semmexico\/wp-json\/wp\/v2\/tags?post=92131"}],"curies":[{"name":"wp","href":"https:\/\/api.w.org\/{rel}","templated":true}]}}