{"id":92114,"date":"2025-01-24T19:05:17","date_gmt":"2025-01-25T01:05:17","guid":{"rendered":"https:\/\/redsemlac.com\/semmexico\/?p=92114"},"modified":"2025-01-24T19:05:17","modified_gmt":"2025-01-25T01:05:17","slug":"el-museo-de-arte-moderno-profundiza-en-la-obra-de-la-artista-gabriela-gutierrez-ovalle","status":"publish","type":"post","link":"https:\/\/redsemlac.com\/semmexico\/el-museo-de-arte-moderno-profundiza-en-la-obra-de-la-artista-gabriela-gutierrez-ovalle\/","title":{"rendered":"El Museo de Arte Moderno profundiza en la obra de la artista Gabriela Guti\u00e9rrez Ovalle"},"content":{"rendered":"\n<ul class=\"wp-block-list\">\n<li>A trav\u00e9s de la charla\u00a0<em>Construyendo Conejo rojo<\/em>\u00a0y el performance\u00a0<em>Ah\u00ed en el desequilibrio<\/em>, que se presentar\u00e1n el 25 de enero, en el marco de la intervenci\u00f3n\u00a0<em>Conejo rojo<\/em>, que muestra las posibilidades de la pintura\u00a0\u00a0<\/li>\n<\/ul>\n\n\n\n<p class=\"wp-block-paragraph\">&nbsp;Redacci\u00f3n<\/p>\n\n\n\n<p class=\"wp-block-paragraph\">SemM\u00e9xico, Cd. de M\u00e9xico, 24 de enero, 2025.- En el marco de la intervenci\u00f3n espacial&nbsp;<em>Conejo rojo<\/em>, que ofrece Gabriela Guti\u00e9rrez Ovalle en el Museo de Arte Moderno (MAM) del Instituto Nacional de Bellas Artes y Literatura (INBAL), se llevar\u00e1n a cabo dos actividades que permitir\u00e1n indagar en los procesos de producci\u00f3n del trabajo que la artista gener\u00f3 a partir de grandes lajas de tela de lino, as\u00ed como en las posibilidades creativas exploradas a partir de la pintura y la corporalidad.<\/p>\n\n\n\n<p class=\"wp-block-paragraph\">&nbsp;El primer evento titulado&nbsp;<em>Construyendo Conejo rojo<\/em>&nbsp;se llevar\u00e1 a cabo el s\u00e1bado 25 de enero a las 12 horas, en las instalaciones del MAM. Se trata de una charla que contar\u00e1 con la participaci\u00f3n de la propia Gabriela Guti\u00e9rrez, acompa\u00f1ada de los curadores Michel Blancsub\u00e9 y M.S. Y\u00e1niz; la artista que fungi\u00f3 como asistente de Gabriela Guti\u00e9rrez, Claudia Luna; el fot\u00f3grafo Tom\u00e1s Casademunt y la fil\u00f3sofa y cr\u00edtica de arte, Gabriela Galindo.<\/p>\n\n\n\n<p class=\"wp-block-paragraph\">\u201cLa idea es que en conjunto se hable sobre la construcci\u00f3n de la intervenci\u00f3n Conejo rojo desde el punto de vista material, del proceso y de la trayectoria de la artista. Es una intervenci\u00f3n que tenemos en el museo desde el s\u00e1bado 19 de octubre y ahora con la charla queremos mediar toda la construcci\u00f3n de esta\u201d, afirm\u00f3 Silverio Ordu\u00f1a, curador del museo.&nbsp;<\/p>\n\n\n\n<p class=\"wp-block-paragraph\">La intervenci\u00f3n del sitio, espec\u00edfico, integra 16 lajas de tela te\u00f1ida, que fueron expuestas a la intemperie con un registro sobre los efectos provocados por la humedad, la luz y el aire. Posteriormente Gabriela Guti\u00e9rrez utiliz\u00f3, sobre las mismas, cola de conejo, un pigmento org\u00e1nico que se extrae del col\u00e1geno de este ser vivo, en una manera de encapsular el tiempo y visibilizar a la pintura como materia, pigmento, fibra y fijador.&nbsp;<\/p>\n\n\n\n<p class=\"wp-block-paragraph\">Por su naturaleza, la pieza se ubica en el espacio interior del MAM, en el umbral entre el edificio y la salida al Jard\u00edn Escult\u00f3rico, donde se pens\u00f3, al principio, que ser\u00eda colocada, pero que ahora, al ser montada en alto, modifica la percepci\u00f3n del espacio y provoca una interacci\u00f3n interesante con el espectador.&nbsp;<\/p>\n\n\n\n\n\n<p class=\"wp-block-paragraph\">Por otra parte, al t\u00e9rmino de la charla, a las 13:30 horas, se llevar\u00e1 cabo el performance&nbsp;<em>Ah\u00ed en el desequilibrio<\/em>, con la acci\u00f3n de Coral Montejano Cantoral y dise\u00f1o sonoro de Jon\u00e1s D\u00edaz.&nbsp; \u201cGabriela Guti\u00e9rrez se ha interesado en pensar la pintura como una presencia del espacio y para ello ha colaborado tambi\u00e9n con performances, bailarines, core\u00f3grafos o m\u00fasicos que le permitan generar la interacci\u00f3n de su obra con las corporalidades\u201d, explic\u00f3 el curador.&nbsp;<\/p>\n\n\n\n<p class=\"wp-block-paragraph\">En este sentido, el performance consiste en realizar una intervenci\u00f3n en las escaleras del museo por parte de Coral Montejano, quien va a usar ciertas referencias de las telas de Gabriela. \u201cEs una exploraci\u00f3n corporal que tiene que ver con el desequilibrio y c\u00f3mo el cuerpo, en cierta manera, activa sus saberes para balancearse y no caer, algo que resulta muy interesante\u201d.&nbsp;<\/p>\n\n\n\n<p class=\"wp-block-paragraph\">A\u00f1adi\u00f3 que Gabriela Guti\u00e9rrez es una artista que ha explorado, a lo largo del tiempo, las posibilidades de la pintura y su relaci\u00f3n con el cuerpo, y la&nbsp;<em>intervenci\u00f3n Conejo rojo<\/em>&nbsp;tiene que ver tambi\u00e9n en c\u00f3mo estas pinturas pueden encapsular el tiempo. \u201cEs interesante lo que elabora en relaci\u00f3n con estas reflexiones y c\u00f3mo la pintura puede ser tambi\u00e9n una corporalidad para hablar sobre el paso del tiempo en la misma\u201d.<\/p>\n\n\n\n\n\n<p class=\"wp-block-paragraph\">La charla&nbsp;<em>Construyendo Conejo rojo<\/em>&nbsp;y el performance&nbsp;<em>Ah\u00ed en el desequilibrio<\/em>&nbsp;est\u00e1n dirigidas al p\u00fablico en general, sobre todo, a los interesados en los procesos creativos y la relaci\u00f3n entre la pintura y el cuerpo. La entrada es libre. El MAM se localiza en avenida Paseo de la Reforma S\/N, Bosque de Chapultepec, 1 secci\u00f3n, alcald\u00eda Miguel Hidalgo, Ciudad de M\u00e9xico.&nbsp; El horario de visita es de 10:15 a 17:30 horas.&nbsp;&nbsp;<\/p>\n\n\n","protected":false},"excerpt":{"rendered":"<p>&nbsp;Redacci\u00f3n SemM\u00e9xico, Cd. de M\u00e9xico, 24 de enero, 2025.- En el marco de la intervenci\u00f3n espacial&nbsp;Conejo rojo, que ofrece Gabriela Guti\u00e9rrez Ovalle en el Museo de Arte Moderno (MAM) del Instituto Nacional de Bellas Artes y Literatura (INBAL), se llevar\u00e1n a cabo dos actividades que permitir\u00e1n indagar en los procesos de producci\u00f3n del trabajo que [&hellip;]<\/p>\n","protected":false},"author":3,"featured_media":92121,"comment_status":"open","ping_status":"open","sticky":false,"template":"","format":"standard","meta":{"_monsterinsights_skip_tracking":false,"footnotes":""},"categories":[748],"tags":[],"class_list":["post-92114","post","type-post","status-publish","format-standard","has-post-thumbnail","category-cultura-feminista"],"_links":{"self":[{"href":"https:\/\/redsemlac.com\/semmexico\/wp-json\/wp\/v2\/posts\/92114","targetHints":{"allow":["GET"]}}],"collection":[{"href":"https:\/\/redsemlac.com\/semmexico\/wp-json\/wp\/v2\/posts"}],"about":[{"href":"https:\/\/redsemlac.com\/semmexico\/wp-json\/wp\/v2\/types\/post"}],"author":[{"embeddable":true,"href":"https:\/\/redsemlac.com\/semmexico\/wp-json\/wp\/v2\/users\/3"}],"replies":[{"embeddable":true,"href":"https:\/\/redsemlac.com\/semmexico\/wp-json\/wp\/v2\/comments?post=92114"}],"version-history":[{"count":0,"href":"https:\/\/redsemlac.com\/semmexico\/wp-json\/wp\/v2\/posts\/92114\/revisions"}],"wp:featuredmedia":[{"embeddable":true,"href":"https:\/\/redsemlac.com\/semmexico\/wp-json\/wp\/v2\/media\/92121"}],"wp:attachment":[{"href":"https:\/\/redsemlac.com\/semmexico\/wp-json\/wp\/v2\/media?parent=92114"}],"wp:term":[{"taxonomy":"category","embeddable":true,"href":"https:\/\/redsemlac.com\/semmexico\/wp-json\/wp\/v2\/categories?post=92114"},{"taxonomy":"post_tag","embeddable":true,"href":"https:\/\/redsemlac.com\/semmexico\/wp-json\/wp\/v2\/tags?post=92114"}],"curies":[{"name":"wp","href":"https:\/\/api.w.org\/{rel}","templated":true}]}}