{"id":9208,"date":"2019-06-26T17:17:33","date_gmt":"2019-06-26T17:17:33","guid":{"rendered":"https:\/\/redsemlac.com\/semmexico\/?p=9208"},"modified":"2023-07-21T14:49:39","modified_gmt":"2023-07-21T19:49:39","slug":"la-situacion-de-las-mujeres-migrantes-en-mexico-crisis-humanitaria-veronica-ruiz-lager","status":"publish","type":"post","link":"https:\/\/redsemlac.com\/semmexico\/la-situacion-de-las-mujeres-migrantes-en-mexico-crisis-humanitaria-veronica-ruiz-lager\/","title":{"rendered":"La situaci\u00f3n de las mujeres migrantes en M\u00e9xico, crisis humanitaria: Ver\u00f3nica Ru\u00edz Lager"},"content":{"rendered":"\n<p class=\"wp-block-paragraph\"> <strong><em>Se estima que el 70% de las mujeres migrantes sufre alg\u00fan tipo de violencia.<\/em><\/strong><\/p>\n\n\n\n<p class=\"wp-block-paragraph\"><strong>Elda Montiel<\/strong><\/p>\n\n\n\n<p class=\"wp-block-paragraph\">SemM\u00e9xico. Cd. de M\u00e9xico. 26 de junio de 2019.- Ante un escenario de crisis humanitaria es urgente que el Estado implemente un programa emergente de atenci\u00f3n migratoria, negar la naturaleza de esta crisis no ayuda al pa\u00eds y s\u00ed demerita al gobierno que enarbola un discurso humano, de justicia social y respetuoso de los Derechos Humanos.<br><\/p>\n\n\n\n<p class=\"wp-block-paragraph\">M\u00e9xico se ha negado a atender el desplazamiento forzado mediante una mirada respetuosa de los derechos humanos con perspectiva de g\u00e9nero, se\u00f1ala la antrop\u00f3loga Ver\u00f3nica Ru\u00edz Lagier, investigadora del Instituto Nacional de Antropolog\u00eda e Historia, quien aborda el tema de \u201cLas mujeres en las caravanas migrantes\u201d, en el suplemento TODAS del Instituto Nacional de las Mujeres, del mes de junio.<br><\/p>\n\n\n\n<p class=\"wp-block-paragraph\">Se\u00f1ala que las mujeres en pol\u00edtica migratoria, son doblemente v\u00edctimas, porque adem\u00e1s de que vienen de una violencia estructural, por la marginaci\u00f3n y la amenaza de los \u201cmaras\u201d, tambi\u00e9n en los albergues registran un alto \u00edndice de violencia intrafamiliar, sin que puedan acudir a ninguna instituci\u00f3n que las auxilie y defienda sus derechos fundamentales.<br><\/p>\n\n\n\n<p class=\"wp-block-paragraph\">Las mujeres en las caravanas migrantes \u201ccargan a sus hijos y caminan en grupo sin m\u00e1s protecci\u00f3n que su cuerpo y una inimaginable voluntad\u201d. Se integran para eludir el pago de \u201ccoyotes o extorsi\u00f3n\u201d, pero no han logrado evadir violencia sexual o el secuestro.<\/p>\n\n\n\n<p class=\"wp-block-paragraph\">Es ilustrativo el testimonio de mujeres hondure\u00f1as: \u201cCuando cruc\u00e9 la frontera mexicana caminamos desde las 4 de la ma\u00f1ana hasta las 6 de la tarde que llegamos al primer albergue en Tapachula. No permit\u00edan que los autos nos dieran \u201cjal\u00f3n\u201d dec\u00edan que la polic\u00eda los deten\u00eda y les quitaban sus papeles, y en las casas nos hac\u00edan se\u00f1as de que la polic\u00eda los ten\u00eda amenazados para que no nos dieran agua.\u201d<\/p>\n\n\n\n<p class=\"wp-block-paragraph\">Entonces, \u201cdecidimos en Arriaga irnos en tren, pero lo pararon en un pueblo llamado Jes\u00fas Nazareno. Nos quer\u00edan bajar los federales y agarraron a muchas mujeres.\u201d<\/p>\n\n\n\n<p class=\"wp-block-paragraph\">\u201cNosotros vimos como agarraron a una mujer y a su hijita, como de cuatro a\u00f1os, y las golpearon contra la malla para que el padre se bajara del tren; despu\u00e9s lo golpearon a \u00e9l porque no les quer\u00eda entregar a la ni\u00f1a, y cuando bajaron otros hombres para defenderlos los polic\u00edas sacaron la pistola. Descargaban balas al aire y tambi\u00e9n a los pies. A la ni\u00f1a y a sus padres se los subieron muy golpeados a las perreras\u201d.<\/p>\n\n\n\n<p class=\"wp-block-paragraph\">Ru\u00edz Lagier sostiene que las caravanas migrantes que iniciaron su camino de Centroam\u00e9rica a los Estados Unidos en octubre del 2018 han incomodado tanto a las instituciones federales como a la sociedad civil en general, porque visibilizan lo que nadie quiere ver.<\/p>\n\n\n\n<p class=\"wp-block-paragraph\">Finalmente se\u00f1ala que se tienen que generar pol\u00edticas congruentes con lo expresado por Andr\u00e9s Manuel L\u00f3pez Obrador cuando en octubre de 2018 ofreci\u00f3 ayuda humanitaria, trabajo temporal y regularizaci\u00f3n migratoria a los miembros de la caravana.<\/p>\n\n\n\n<p class=\"wp-block-paragraph\"><strong>Las mujeres migrantes desconocen los riesgos de las caravanas<\/strong>.<\/p>\n\n\n\n<p class=\"wp-block-paragraph\">El principal problema que enfrenta la mayor\u00eda de las mujeres, una vez que han abandonado su pa\u00eds, es que desconocen sus derechos y est\u00e1n totalmente desinformadas respecto de los riesgos que correr\u00e1n al entrar a la caravana migrante, expresa la diputada M\u00f3nica Lara del Congreso de Puebla, presidenta de la Comisi\u00f3n de Migraciones.<\/p>\n\n\n\n<p class=\"wp-block-paragraph\">La petici\u00f3n de asilo, s\u00f3lo es una de las opciones con que cuentan, sin embargo, es imposible prevenir que las mujeres migrantes no se vean envueltas tambi\u00e9n en la vor\u00e1gine que viven diariamente las mujeres nacidas en este pa\u00eds.<br><\/p>\n\n\n\n<p class=\"wp-block-paragraph\">Tanto ellas como las que cruzan M\u00e9xico en busca de una mejor vida, son presas de la violencia que predomina en los entornos m\u00e1s hostiles por los que atravesar\u00e1n una y otra vez en busca de alcanzar la frontera norte.&nbsp;<br><\/p>\n\n\n\n<p class=\"wp-block-paragraph\">Se estima que el 70% de las mujeres migrantes sufre alg\u00fan tipo de violencia.<br><\/p>\n\n\n\n<p class=\"wp-block-paragraph\">Otro de los retos a que se enfrentan las mujeres migrantes en las caravanas son la vulnerabilidad a sus derechos sexuales y reproductivos, ya que no tienen acceso a servicios de salud sexual y reproductiva que incluyan m\u00e9todos anticonceptivos; acceso a la profilaxis post-exposici\u00f3n y anticoncepci\u00f3n de emergencia en caso de violencia sexual; servicios prenatales, o asistencia para tener un parto seguro.<br><\/p>\n\n\n\n<p class=\"wp-block-paragraph\">Por lo que, Alba Adriana Jim\u00e9nez, directora de la Red por los derechos sexuales y reproductivos en M\u00e9xico (Ddeser), sostiene que es necesaria una pol\u00edtica p\u00fablica que atienda a las mujeres migrantes, sin que exista la posibilidad de repatriaci\u00f3n, y una opci\u00f3n podr\u00eda ser implementar algunos servicios de salud sexual y reproductiva en las caravanas de las cuales son integrantes.<br><\/p>\n","protected":false},"excerpt":{"rendered":"<p>Se estima que el 70% de las mujeres migrantes sufre alg\u00fan tipo de violencia.<\/p>\n","protected":false},"author":3,"featured_media":9210,"comment_status":"open","ping_status":"open","sticky":false,"template":"","format":"standard","meta":{"_monsterinsights_skip_tracking":false,"footnotes":""},"categories":[690,119],"tags":[],"class_list":["post-9208","post","type-post","status-publish","format-standard","has-post-thumbnail","category-690","category-mujeres-migrantes"],"_links":{"self":[{"href":"https:\/\/redsemlac.com\/semmexico\/wp-json\/wp\/v2\/posts\/9208","targetHints":{"allow":["GET"]}}],"collection":[{"href":"https:\/\/redsemlac.com\/semmexico\/wp-json\/wp\/v2\/posts"}],"about":[{"href":"https:\/\/redsemlac.com\/semmexico\/wp-json\/wp\/v2\/types\/post"}],"author":[{"embeddable":true,"href":"https:\/\/redsemlac.com\/semmexico\/wp-json\/wp\/v2\/users\/3"}],"replies":[{"embeddable":true,"href":"https:\/\/redsemlac.com\/semmexico\/wp-json\/wp\/v2\/comments?post=9208"}],"version-history":[{"count":0,"href":"https:\/\/redsemlac.com\/semmexico\/wp-json\/wp\/v2\/posts\/9208\/revisions"}],"wp:featuredmedia":[{"embeddable":true,"href":"https:\/\/redsemlac.com\/semmexico\/wp-json\/wp\/v2\/media\/9210"}],"wp:attachment":[{"href":"https:\/\/redsemlac.com\/semmexico\/wp-json\/wp\/v2\/media?parent=9208"}],"wp:term":[{"taxonomy":"category","embeddable":true,"href":"https:\/\/redsemlac.com\/semmexico\/wp-json\/wp\/v2\/categories?post=9208"},{"taxonomy":"post_tag","embeddable":true,"href":"https:\/\/redsemlac.com\/semmexico\/wp-json\/wp\/v2\/tags?post=9208"}],"curies":[{"name":"wp","href":"https:\/\/api.w.org\/{rel}","templated":true}]}}