{"id":92078,"date":"2025-01-22T18:27:27","date_gmt":"2025-01-23T00:27:27","guid":{"rendered":"https:\/\/redsemlac.com\/semmexico\/?p=92078"},"modified":"2025-01-22T18:27:27","modified_gmt":"2025-01-23T00:27:27","slug":"ejerce-secretaria-de-las-mujeres-de-yucatan-violencia-laboral","status":"publish","type":"post","link":"https:\/\/redsemlac.com\/semmexico\/ejerce-secretaria-de-las-mujeres-de-yucatan-violencia-laboral\/","title":{"rendered":"Ejerce Secretar\u00eda de las Mujeres de Yucat\u00e1n violencia laboral"},"content":{"rendered":"\n<ul class=\"wp-block-list\">\n<li>La Comisi\u00f3n de Derechos Humanos de esa entidad dict\u00f3 una medida precautoria\u00a0<\/li>\n\n\n\n<li>Acusan cinco abogadas violencia laboral\u00a0<\/li>\n<\/ul>\n\n\n\n<p class=\"wp-block-paragraph\">Elda Montiel&nbsp;<\/p>\n\n\n\n<p class=\"wp-block-paragraph\">SemM\u00e9xico. Ciudad de M\u00e9xico. 22 de enero 2025.- La Comisi\u00f3n de Derechos Humanos de Yucat\u00e1n (Codhey) dict\u00f3 una medida precautoria contra la Secretar\u00eda de las Mujeres de esa entidad, para salvaguardar los derechos laborales de cinco abogadas a las que se les ha hostigado laboralmente por no firmar sus renuncias.<\/p>\n\n\n\n<p class=\"wp-block-paragraph\">La dependencia, cuya titular es Sisely Burgos Cano, fue denunciada por las funcionarias contra quienes se ejerce presi\u00f3n y violencia de g\u00e9nero en dicha dependencia.<\/p>\n\n\n\n<p class=\"wp-block-paragraph\">El despido de las abogadas del Centro de Justicia de Tizimin dejar\u00eda sin atenci\u00f3n a las usuarias v\u00edctimas de violencia en sus procesos penales.&nbsp;<\/p>\n\n\n\n<p class=\"wp-block-paragraph\">Las cinco empleadas se quejaron ante el organismo de derechos humanos por hostigamiento laboral y violencia institucional y presentaron en palacio de Gobierno un escrito en la que solicitaron una audiencia con el gobernador Joaqu\u00edn D\u00edaz Mena, que todav\u00eda no les han contestado, pese a que en el documento exponen la situaci\u00f3n que est\u00e1n viviendo.<\/p>\n\n\n\n<p class=\"wp-block-paragraph\">Se\u00f1alan que es ir\u00f3nico que en la instituci\u00f3n que se dedica a erradicar las diversas formas de violencia contra las mujeres, tenga en su titular a una agresora.&nbsp;<\/p>\n\n\n\n<p class=\"wp-block-paragraph\">La Comisi\u00f3n Estatal de Derechos Humanos preciso que las medidas cautelares tienen como objeto asegurar que los casos atendidos por las cinco abogadas reciban un adecuado seguimiento para una correcta impartici\u00f3n de justicia, dado que las abogadas siguen laborando en la Secretar\u00eda.<\/p>\n\n\n\n<p class=\"wp-block-paragraph\">Por otra parte, recuerdan que Sisely Burgos Cano trabaj\u00f3 en la delegaci\u00f3n de la Secretar\u00eda de Bienestar de Yucat\u00e1n cuando el titular era el actual gobernador y antes fungi\u00f3 como delegada de la Procuradur\u00eda del Consumidor, peso sali\u00f3 del cargo en 2021 por ejercer violencia contra el personal.<\/p>\n\n\n\n<p class=\"wp-block-paragraph\">El Diario de Yucat\u00e1n en su cuenta de X registr\u00f3 que desde el 8 de enero se inici\u00f3 la jornada de despidos. Abogadas del Centro de Tizimin fueron llevadas a M\u00e9rida para firmar sus renuncias, al regresar por no firmar las renuncias no las dejaron entrar a las oficinas.&nbsp;&nbsp;&nbsp;<\/p>\n\n\n\n<p class=\"wp-block-paragraph\">SEM\/em\/sj<\/p>\n","protected":false},"excerpt":{"rendered":"<p>Elda Montiel&nbsp; SemM\u00e9xico. Ciudad de M\u00e9xico. 22 de enero 2025.- La Comisi\u00f3n de Derechos Humanos de Yucat\u00e1n (Codhey) dict\u00f3 una medida precautoria contra la Secretar\u00eda de las Mujeres de esa entidad, para salvaguardar los derechos laborales de cinco abogadas a las que se les ha hostigado laboralmente por no firmar sus renuncias. La dependencia, cuya [&hellip;]<\/p>\n","protected":false},"author":3,"featured_media":92079,"comment_status":"open","ping_status":"open","sticky":false,"template":"","format":"standard","meta":{"_monsterinsights_skip_tracking":false,"footnotes":""},"categories":[48],"tags":[],"class_list":["post-92078","post","type-post","status-publish","format-standard","has-post-thumbnail","category-no-mas-impunidad-no-mas-impunidad"],"_links":{"self":[{"href":"https:\/\/redsemlac.com\/semmexico\/wp-json\/wp\/v2\/posts\/92078","targetHints":{"allow":["GET"]}}],"collection":[{"href":"https:\/\/redsemlac.com\/semmexico\/wp-json\/wp\/v2\/posts"}],"about":[{"href":"https:\/\/redsemlac.com\/semmexico\/wp-json\/wp\/v2\/types\/post"}],"author":[{"embeddable":true,"href":"https:\/\/redsemlac.com\/semmexico\/wp-json\/wp\/v2\/users\/3"}],"replies":[{"embeddable":true,"href":"https:\/\/redsemlac.com\/semmexico\/wp-json\/wp\/v2\/comments?post=92078"}],"version-history":[{"count":0,"href":"https:\/\/redsemlac.com\/semmexico\/wp-json\/wp\/v2\/posts\/92078\/revisions"}],"wp:featuredmedia":[{"embeddable":true,"href":"https:\/\/redsemlac.com\/semmexico\/wp-json\/wp\/v2\/media\/92079"}],"wp:attachment":[{"href":"https:\/\/redsemlac.com\/semmexico\/wp-json\/wp\/v2\/media?parent=92078"}],"wp:term":[{"taxonomy":"category","embeddable":true,"href":"https:\/\/redsemlac.com\/semmexico\/wp-json\/wp\/v2\/categories?post=92078"},{"taxonomy":"post_tag","embeddable":true,"href":"https:\/\/redsemlac.com\/semmexico\/wp-json\/wp\/v2\/tags?post=92078"}],"curies":[{"name":"wp","href":"https:\/\/api.w.org\/{rel}","templated":true}]}}