{"id":92066,"date":"2025-01-22T18:17:48","date_gmt":"2025-01-23T00:17:48","guid":{"rendered":"https:\/\/redsemlac.com\/semmexico\/?p=92066"},"modified":"2025-01-22T18:17:49","modified_gmt":"2025-01-23T00:17:49","slug":"judicializan-primer-caso-por-tentativa-de-matrimonio-forzoso-o-servil-en-oaxaca","status":"publish","type":"post","link":"https:\/\/redsemlac.com\/semmexico\/judicializan-primer-caso-por-tentativa-de-matrimonio-forzoso-o-servil-en-oaxaca\/","title":{"rendered":"Judicializan primer caso por tentativa de matrimonio forzoso o servil en Oaxaca"},"content":{"rendered":"\n<ul class=\"wp-block-list\">\n<li>Vinculan a proceso y dan prisi\u00f3n preventiva a una mujer<\/li>\n\n\n\n<li>En febrero pasado se modific\u00f3 el c\u00f3digo penal<\/li>\n<\/ul>\n\n\n\n<p class=\"wp-block-paragraph\">Redacci\u00f3n<\/p>\n\n\n\n<p class=\"wp-block-paragraph\">SemM\u00e9xico, Oaxaca, 22 de enero de 2025.- Por el delito de trata de personas en grado de tentativa en la modalidad de matrimonio forzoso o servil agravado, cometido en la Sierra de Flores Mag\u00f3n en agravio de una adolescente, fue vinculada a proceso E.M.R., inform\u00f3 hoy la Fiscal\u00eda General del Estado de Oaxaca (FGEO).<\/p>\n\n\n\n<p class=\"wp-block-paragraph\">Se trata del primer caso judicializado en esta modalidad, tras la reforma al C\u00f3digo Penal del Estado aprobada por la LXV Legislatura local, en febrero del a\u00f1o pasado, para combatir el matrimonio infantil.<\/p>\n\n\n\n<p class=\"wp-block-paragraph\">De acuerdo con el comunicado de la Fiscal\u00eda de Oaxaca, una menor de 13 a\u00f1os fue entregada por diversas personas adultas a fin de que contrajera matrimonio, situaci\u00f3n que se repiti\u00f3 en varias ocasiones, hasta que finalmente fueron denunciados en junio pasado tras realizar otro intento de lograr que la ni\u00f1a contrajera matrimonio.<\/p>\n\n\n\n<p class=\"wp-block-paragraph\">Una vez que la FGEO tom\u00f3 conocimiento del caso a trav\u00e9s de la Fiscal\u00eda Especializada para la Atenci\u00f3n a Delitos de Alto Impacto, inici\u00f3 las investigaciones correspondientes, gracias a las cuales se obtuvo una orden de aprehensi\u00f3n contra la imputada quien fue detenida para su proceso legal correspondiente.<\/p>\n\n\n\n<p class=\"wp-block-paragraph\">Durante el desahogo de pruebas aportadas por la FGEO, el Juez que atiende la causa determin\u00f3 dictar auto de vinculaci\u00f3n a proceso en contra de E.M.R., por el delito de trata de personas en grado de tentativa en la modalidad de matrimonio forzoso o servil agravado.<\/p>\n\n\n\n<p class=\"wp-block-paragraph\">Adem\u00e1s, como medida cautelar, la autoridad judicial impuso prisi\u00f3n preventiva justificada, otorgando un plazo de cinco meses para el cierre de la investigaci\u00f3n complementaria.<\/p>\n\n\n\n<p class=\"wp-block-paragraph\">SEM\/sj<\/p>\n","protected":false},"excerpt":{"rendered":"<p>Redacci\u00f3n SemM\u00e9xico, Oaxaca, 22 de enero de 2025.- Por el delito de trata de personas en grado de tentativa en la modalidad de matrimonio forzoso o servil agravado, cometido en la Sierra de Flores Mag\u00f3n en agravio de una adolescente, fue vinculada a proceso E.M.R., inform\u00f3 hoy la Fiscal\u00eda General del Estado de Oaxaca (FGEO). [&hellip;]<\/p>\n","protected":false},"author":3,"featured_media":92068,"comment_status":"open","ping_status":"open","sticky":false,"template":"","format":"standard","meta":{"_monsterinsights_skip_tracking":false,"footnotes":""},"categories":[700],"tags":[],"class_list":["post-92066","post","type-post","status-publish","format-standard","has-post-thumbnail","category-estados"],"_links":{"self":[{"href":"https:\/\/redsemlac.com\/semmexico\/wp-json\/wp\/v2\/posts\/92066","targetHints":{"allow":["GET"]}}],"collection":[{"href":"https:\/\/redsemlac.com\/semmexico\/wp-json\/wp\/v2\/posts"}],"about":[{"href":"https:\/\/redsemlac.com\/semmexico\/wp-json\/wp\/v2\/types\/post"}],"author":[{"embeddable":true,"href":"https:\/\/redsemlac.com\/semmexico\/wp-json\/wp\/v2\/users\/3"}],"replies":[{"embeddable":true,"href":"https:\/\/redsemlac.com\/semmexico\/wp-json\/wp\/v2\/comments?post=92066"}],"version-history":[{"count":0,"href":"https:\/\/redsemlac.com\/semmexico\/wp-json\/wp\/v2\/posts\/92066\/revisions"}],"wp:featuredmedia":[{"embeddable":true,"href":"https:\/\/redsemlac.com\/semmexico\/wp-json\/wp\/v2\/media\/92068"}],"wp:attachment":[{"href":"https:\/\/redsemlac.com\/semmexico\/wp-json\/wp\/v2\/media?parent=92066"}],"wp:term":[{"taxonomy":"category","embeddable":true,"href":"https:\/\/redsemlac.com\/semmexico\/wp-json\/wp\/v2\/categories?post=92066"},{"taxonomy":"post_tag","embeddable":true,"href":"https:\/\/redsemlac.com\/semmexico\/wp-json\/wp\/v2\/tags?post=92066"}],"curies":[{"name":"wp","href":"https:\/\/api.w.org\/{rel}","templated":true}]}}