{"id":92027,"date":"2025-01-21T09:43:34","date_gmt":"2025-01-21T15:43:34","guid":{"rendered":"https:\/\/redsemlac.com\/semmexico\/?p=92027"},"modified":"2025-01-21T09:43:35","modified_gmt":"2025-01-21T15:43:35","slug":"fue-una-gira-de-verdad-hermosa-por-la-montana-claudia-sheinbaum-pardo","status":"publish","type":"post","link":"https:\/\/redsemlac.com\/semmexico\/fue-una-gira-de-verdad-hermosa-por-la-montana-claudia-sheinbaum-pardo\/","title":{"rendered":"Fue una gira de verdad hermosa por la monta\u00f1a: Claudia Sheinbaum Pardo"},"content":{"rendered":"\n<p class=\"wp-block-paragraph\">&nbsp;Isabel Mart\u00ednez<\/p>\n\n\n\n<p class=\"wp-block-paragraph\">SemM\u00e9xico\/ CEPROVYSA.COM, Ciudad de M\u00e9xico,&nbsp; 21 de enero, 2025.- Para la Presidenta de M\u00e9xico, Claudia Sheinbaum Pardo, el recorrido por la monta\u00f1a de Guerrero \u201cfue una gira de verdad hermosa\u201d.<br>En su conferencia matutina llamada \u201cconferencia del pueblo\u201d, la Presidenta de M\u00e9xico se\u00f1al\u00f3 lo anterior en relaci\u00f3n a que su recorrido de la costa chica hacia la monta\u00f1a tuvo una duraci\u00f3n de cerca de 8 horas.<br>En sus palabras se\u00f1ala como inicio de su narraci\u00f3n la salida de San Luis Acatl\u00e1n, donde se reuni\u00f3 con productoras y productores \u201cde ah\u00ed nos subimos hacia la carretera hacia tlapa\u201d.<br>Sobre el tiempo dijo \u201cson alrededor de tres horas de camino e hicimos como casi ocho horas de camino. Casi siete horas de camino porque nos pararon como 30 veces en cada lugar\u201d.<br>Sobre la raz\u00f3n del tiempo de ese recorrido y de que su comitiva fuera parada en su trayectoria, agreg\u00f3 \u201cen algunos casos solicitando caminos, peticiones, pero en muchos casos como agradecimiento, como fiesta, como recibimiento, algo que tiene el pueblo de M\u00e9xico que es algo hermos\u00edsimo\u201d apunt\u00f3 la Presidenta de M\u00e9xico.<\/p>\n\n\n\n<figure class=\"wp-block-image\"><img decoding=\"async\" src=\"https:\/\/lh7-rt.googleusercontent.com\/docsz\/AD_4nXeyeueT4ZiBXtomGiBiWtzdz-ynF9Td4EzuiO50uAHZeCmcPhK5YaB-GouuCVds6wpNY2Dj19hz-MAxMJKur8ZxezR5qxHQiCmBTKNTe_vv5w_FAwoTsQeOZH3meT9OWLzdAs2kaTQfuTUHo3eUJA?key=linkfuSo6Jnsuf_oZq2FYRqd\" alt=\"Grupo de personas en un coche\n\nDescripci\u00f3n generada autom\u00e1ticamente\"\/><\/figure>\n\n\n\n<p class=\"wp-block-paragraph\"><br><br>A su arribo a Tlapa, se dirigi\u00f3 al CRIT- TELET\u00d3N, donde la esperaban directivos de la Fundaci\u00f3n TELET\u00d3N M\u00e9xico, entre ellos Fernando Landeros, Presidente de esta que le hizo un recorrido por las diversas salas que componen este servicio y posteriormente, Claudia Sheinbaum Pardo, salud\u00f3 a las ni\u00f1as y ni\u00f1os que reciben servicios de rehabilitaci\u00f3n.<br>En esta gira de trabajo estuvo acompa\u00f1ada de la Gobernadora Evelyn Salgado Pineda, as\u00ed como integrantes de su gabinete federal.<\/p>\n","protected":false},"excerpt":{"rendered":"<p>&nbsp;Isabel Mart\u00ednez SemM\u00e9xico\/ CEPROVYSA.COM, Ciudad de M\u00e9xico,&nbsp; 21 de enero, 2025.- Para la Presidenta de M\u00e9xico, Claudia Sheinbaum Pardo, el recorrido por la monta\u00f1a de Guerrero \u201cfue una gira de verdad hermosa\u201d.En su conferencia matutina llamada \u201cconferencia del pueblo\u201d, la Presidenta de M\u00e9xico se\u00f1al\u00f3 lo anterior en relaci\u00f3n a que su recorrido de la costa [&hellip;]<\/p>\n","protected":false},"author":3,"featured_media":92028,"comment_status":"open","ping_status":"open","sticky":false,"template":"","format":"standard","meta":{"_monsterinsights_skip_tracking":false,"footnotes":""},"categories":[903],"tags":[],"class_list":["post-92027","post","type-post","status-publish","format-standard","has-post-thumbnail","category-presidenta-y-mas"],"_links":{"self":[{"href":"https:\/\/redsemlac.com\/semmexico\/wp-json\/wp\/v2\/posts\/92027","targetHints":{"allow":["GET"]}}],"collection":[{"href":"https:\/\/redsemlac.com\/semmexico\/wp-json\/wp\/v2\/posts"}],"about":[{"href":"https:\/\/redsemlac.com\/semmexico\/wp-json\/wp\/v2\/types\/post"}],"author":[{"embeddable":true,"href":"https:\/\/redsemlac.com\/semmexico\/wp-json\/wp\/v2\/users\/3"}],"replies":[{"embeddable":true,"href":"https:\/\/redsemlac.com\/semmexico\/wp-json\/wp\/v2\/comments?post=92027"}],"version-history":[{"count":0,"href":"https:\/\/redsemlac.com\/semmexico\/wp-json\/wp\/v2\/posts\/92027\/revisions"}],"wp:featuredmedia":[{"embeddable":true,"href":"https:\/\/redsemlac.com\/semmexico\/wp-json\/wp\/v2\/media\/92028"}],"wp:attachment":[{"href":"https:\/\/redsemlac.com\/semmexico\/wp-json\/wp\/v2\/media?parent=92027"}],"wp:term":[{"taxonomy":"category","embeddable":true,"href":"https:\/\/redsemlac.com\/semmexico\/wp-json\/wp\/v2\/categories?post=92027"},{"taxonomy":"post_tag","embeddable":true,"href":"https:\/\/redsemlac.com\/semmexico\/wp-json\/wp\/v2\/tags?post=92027"}],"curies":[{"name":"wp","href":"https:\/\/api.w.org\/{rel}","templated":true}]}}