{"id":92021,"date":"2025-01-21T09:40:44","date_gmt":"2025-01-21T15:40:44","guid":{"rendered":"https:\/\/redsemlac.com\/semmexico\/?p=92021"},"modified":"2025-01-21T09:40:45","modified_gmt":"2025-01-21T15:40:45","slug":"disminuyen-los-homicidios-y-no-aparecen-los-feminicidios","status":"publish","type":"post","link":"https:\/\/redsemlac.com\/semmexico\/disminuyen-los-homicidios-y-no-aparecen-los-feminicidios\/","title":{"rendered":"Disminuyen los homicidios y no aparecen los feminicidios"},"content":{"rendered":"\n<p class=\"wp-block-paragraph\">Teresa Vald\u00e9s Betancourt<\/p>\n\n\n\n<p class=\"wp-block-paragraph\">SemM\u00e9xico, Ciudad de M\u00e9xico, 21 enero 2025.-\u00a0Buenas noticias que crean incertidumbre. Vale reconocer que los\u00a0 datos\u00a0 sobre\u00a0 la disminuci\u00f3n de los homicidios dolosos son alentadores, ante las nuevas circunstancias que rodean las condiciones pol\u00edticas y sociales que identifican a M\u00e9xico, como uno de los pa\u00edses m\u00e1s importantes de Am\u00e9rica Latina\u00a0 que con\u00a0 Brasil y Argentina, presentan las econom\u00edas m\u00e1s fuertes de la regi\u00f3n.<\/p>\n\n\n\n<p class=\"wp-block-paragraph\">Presidenta Claudia Sheinbaum se\u00f1al\u00f3 recientemente, la disminuci\u00f3n de m\u00e1s del 50 por ciento en el promedio diario de homicidios dolosos registrados entre septiembre y diciembre de 2024 con el mes de diciembre que cerr\u00f3 en 1.06 v\u00edctimas al d\u00eda, tambi\u00e9n el m\u00e1s bajo del a\u00f1o.<\/p>\n\n\n\n<p class=\"wp-block-paragraph\">Asimismo explic\u00f3 aspectos de la Estrategia Nacional de Seguridad y sus cuatro ejes: Atenci\u00f3n a las causas; consolidaci\u00f3n de la Guardia Nacional; fortalecimiento de la inteligencia e investigaci\u00f3n; as\u00ed como la coordinaci\u00f3n con las entidades federativas.&nbsp; <em>https:\/\/www.gob.mx\/presidencia\/prensa&nbsp;&nbsp;<\/em><\/p>\n\n\n\n<p class=\"wp-block-paragraph\">Por qu\u00e9 reconocer como alentadora estas declaraciones a pesar de sus&nbsp; diagn\u00f3sticos precedentes&nbsp; donde se&nbsp; reclaman otros diagn\u00f3sticos&nbsp; y an\u00e1lisis con comentarios especializados.&nbsp;<\/p>\n\n\n\n<p class=\"wp-block-paragraph\">Seg\u00fan datos del Secretariado Ejecutivo del Sistema Nacional de Seguridad P\u00fablica (SSPC). M\u00e9xico cerr\u00f3 2024 con 26.715 personas asesinadas, seg\u00fan cifras preliminares de las fiscal\u00edas estatales y el Informe de Seguridad del Gobierno. La cifra representa un ligero incremento del delito comparado con el mismo periodo de 2023.<\/p>\n\n\n\n<p class=\"wp-block-paragraph\"><em>M\u00e9xico Unido Contra la Delincuencia. https:\/\/www.mucd.org.mx \u203a atlas-de-homicidios-M\u00e9xico.&nbsp;<\/em><\/p>\n\n\n\n<p class=\"wp-block-paragraph\">Al inicio de 2025 se informa que el fin&nbsp; de semana del 10 al 12 de enero, se cometieron en el pa\u00eds 208 homicidios dolosos, 12 casos menos en relaci\u00f3n con el mismo periodo de la semana anterior. <em>https:\/\/www.excelsior.com.mx\/<\/em><\/p>\n\n\n\n<p class=\"wp-block-paragraph\">LAS PALABRAS INFORMAN Y LOS DATOS CONFIRMAN<\/p>\n\n\n\n<p class=\"wp-block-paragraph\">En las m\u00e1s recientes informaciones sobre alentadores resultados de la Estrategia Nacional de Seguridad se presentan omisiones que afectan la interpretaci\u00f3n y desaprovechan la experiencia acumulada sobre estos asuntos en las estad\u00edsticas mexicanas del INEGI,&nbsp; que responden con precisi\u00f3n estos datos: \u00bfCu\u00e1ntos hombres y cu\u00e1ntas mujeres matan en M\u00e9xico?&nbsp;&nbsp;<\/p>\n\n\n\n<p class=\"wp-block-paragraph\">A pesar de m\u00faltiples reclamos jur\u00eddicos y feministas, a\u00fan las instancias de Fiscal\u00edas asumen el t\u00e9rmino Homicidio doloso, \u201ccomo delito que no depende del g\u00e9nero de la v\u00edctima\u201d y elimina de manera dr\u00e1stica&nbsp; la clasificaci\u00f3n del Feminicidio . No obstante, vale asumir la experiencia acumulada por el INEGI en la desagregaci\u00f3n de datos donde se aclara la diferencia hombre y mujer. <em>https:\/\/www.inegi.org.mx\/<\/em><\/p>\n\n\n\n<p class=\"wp-block-paragraph\">De acuerdo con el Instituto Nacional de Estad\u00edstica y Geograf\u00eda (INEGI), en 2020 en M\u00e9xico, se registraron 35,644 homicidios de las cuales el 88% fueron hombres y el 11% mujeres.&nbsp;<\/p>\n\n\n\n<p class=\"wp-block-paragraph\">De enero a diciembre de 2022, en M\u00e9xico se registraron, de manera preliminar, 32 223 homicidios. A nivel nacional, la tasa fue de 25 homicidios por cada 100 mil habitantes. En el caso de los hombres, la tasa en 2022 fue de 44.4 homicidios por cada 100 mil habitantes; para las mujeres, fue de 5.8 por cada 100 mil.<\/p>\n\n\n\n<p class=\"wp-block-paragraph\">En 2023, los hombres muertos fueron 43.1 % homicidios por cada 100 mil habitantes de sexo masculino; para las mujeres, de 5.4 por cada 100 mil habitantes de sexo femenino.<\/p>\n\n\n\n<p class=\"wp-block-paragraph\">Entre enero y marzo de 2024 se registraron 212 404 defunciones. De las defunciones registradas, 44.4 % correspondi\u00f3 a mujeres y 55.5 %, a hombres. En 97 casos no se especific\u00f3 el sexo de la persona. La tasa de defunciones registradas por cada 100 mil habitantes fue de 163.7, similar a la del mismo periodo en 2023&nbsp;<\/p>\n\n\n\n<p class=\"wp-block-paragraph\">Vale recordar la experiencia de \u201creordenamiento\u201d de homicidios a&nbsp; feminicidio en el estado de Colima, en 2024,&nbsp; donde la Fiscal\u00eda General del Estado reclasific\u00f3 16 casos de mujeres v\u00edctimas de homicidio doloso como Feminicidio. Esta correcci\u00f3n la hizo luego de que al registrar 8 asesinatos de mujeres y un feminicidio, de acuerdo con las mismas estad\u00edsticas del Secretariado Ejecutivo del Sistema Nacional de Seguridad P\u00fablica. <em>https:\/\/elcomentario.ucol.mx\/&nbsp;<\/em><\/p>\n\n\n\n<figure class=\"wp-block-embed is-type-wp-embed is-provider-mexicanos-contra-la-corrupci-n-y-la-impunidad wp-block-embed-mexicanos-contra-la-corrupci-n-y-la-impunidad\"><div class=\"wp-block-embed__wrapper\">\n<blockquote class=\"wp-embedded-content\" data-secret=\"daUpxmiBtL\"><a href=\"https:\/\/contralacorrupcion.mx\/\">Home<\/a><\/blockquote><iframe loading=\"lazy\" class=\"wp-embedded-content\" sandbox=\"allow-scripts\" security=\"restricted\" style=\"position: absolute; visibility: hidden;\" title=\"\u00abHome\u00bb \u2014 Mexicanos Contra la Corrupci\u00f3n y la Impunidad\" src=\"https:\/\/contralacorrupcion.mx\/embed\/#?secret=Sa19RKdArT#?secret=daUpxmiBtL\" data-secret=\"daUpxmiBtL\" width=\"600\" height=\"338\" frameborder=\"0\" marginwidth=\"0\" marginheight=\"0\" scrolling=\"no\"><\/iframe>\n<\/div><\/figure>\n\n\n\n<p class=\"wp-block-paragraph\">INICIATIVA LEGISLATIVA POR M\u00c1S PREPARACI\u00d3N<\/p>\n\n\n\n<p class=\"wp-block-paragraph\">Con tales experiencias publicadas como evidencias, urge que las entidades legislativas federativas y locales aprueben la obligatoriedad por ley de incorporar los datos georreferenciados de INEGI en las estadistas de los delitos de muertes y asesinatos, para que las mujeres muertas tambi\u00e9n aparezcan.<\/p>\n\n\n\n<p class=\"wp-block-paragraph\">La paridad alcanzada, por las luchas sufragistas y feministas est\u00e1 presente en los esca\u00f1os y bancas del Parlamento Federal, el Senado y los H. Congresos estatales, lo que hace posible conocer de otras iniciativas encaminadas al desarrollo de las mujeres en la pol\u00edtica para contribuir a nuevas propuestas&nbsp; que fundamenten el cambio social con perspectiva de g\u00e9nero.<\/p>\n\n\n\n<p class=\"wp-block-paragraph\">Con ese objetivo vale estimular la aprobaci\u00f3n de la iniciativa presentada por la diputada Evangelina Bustamante Morales representante del Partido del Trabajo en el H . Congreso de Colima, quien propone incrementar los recursos para la formaci\u00f3n de pol\u00edtica y ciudadan\u00eda a trav\u00e9s de la capacitaci\u00f3n, promoci\u00f3n y el desarrollo del liderazgo pol\u00edtico de las mujeres como establece el presente C\u00f3digo Electoral del Estado de Colima.&nbsp;<\/p>\n\n\n\n<p class=\"wp-block-paragraph\">Las palabras identifican las experiencias, generan nuevos conceptos que cambian la realidad y las leyes garantizan su cumplimiento.<\/p>\n\n\n\n<p class=\"wp-block-paragraph\">@Letra Clara&nbsp;<\/p>\n","protected":false},"excerpt":{"rendered":"<p>Teresa Vald\u00e9s Betancourt SemM\u00e9xico, Ciudad de M\u00e9xico, 21 enero 2025.-\u00a0Buenas noticias que crean incertidumbre. Vale reconocer que los\u00a0 datos\u00a0 sobre\u00a0 la disminuci\u00f3n de los homicidios dolosos son alentadores, ante las nuevas circunstancias que rodean las condiciones pol\u00edticas y sociales que identifican a M\u00e9xico, como uno de los pa\u00edses m\u00e1s importantes de Am\u00e9rica Latina\u00a0 que con\u00a0 [&hellip;]<\/p>\n","protected":false},"author":3,"featured_media":69824,"comment_status":"open","ping_status":"open","sticky":false,"template":"","format":"standard","meta":{"_monsterinsights_skip_tracking":false,"footnotes":""},"categories":[35],"tags":[],"class_list":["post-92021","post","type-post","status-publish","format-standard","has-post-thumbnail","category-opinion"],"_links":{"self":[{"href":"https:\/\/redsemlac.com\/semmexico\/wp-json\/wp\/v2\/posts\/92021","targetHints":{"allow":["GET"]}}],"collection":[{"href":"https:\/\/redsemlac.com\/semmexico\/wp-json\/wp\/v2\/posts"}],"about":[{"href":"https:\/\/redsemlac.com\/semmexico\/wp-json\/wp\/v2\/types\/post"}],"author":[{"embeddable":true,"href":"https:\/\/redsemlac.com\/semmexico\/wp-json\/wp\/v2\/users\/3"}],"replies":[{"embeddable":true,"href":"https:\/\/redsemlac.com\/semmexico\/wp-json\/wp\/v2\/comments?post=92021"}],"version-history":[{"count":0,"href":"https:\/\/redsemlac.com\/semmexico\/wp-json\/wp\/v2\/posts\/92021\/revisions"}],"wp:featuredmedia":[{"embeddable":true,"href":"https:\/\/redsemlac.com\/semmexico\/wp-json\/wp\/v2\/media\/69824"}],"wp:attachment":[{"href":"https:\/\/redsemlac.com\/semmexico\/wp-json\/wp\/v2\/media?parent=92021"}],"wp:term":[{"taxonomy":"category","embeddable":true,"href":"https:\/\/redsemlac.com\/semmexico\/wp-json\/wp\/v2\/categories?post=92021"},{"taxonomy":"post_tag","embeddable":true,"href":"https:\/\/redsemlac.com\/semmexico\/wp-json\/wp\/v2\/tags?post=92021"}],"curies":[{"name":"wp","href":"https:\/\/api.w.org\/{rel}","templated":true}]}}