{"id":91962,"date":"2025-01-20T18:07:53","date_gmt":"2025-01-21T00:07:53","guid":{"rendered":"https:\/\/redsemlac.com\/semmexico\/?p=91962"},"modified":"2025-01-20T18:07:54","modified_gmt":"2025-01-21T00:07:54","slug":"cuba-caminos-para-enfrentar-la-violencia-en-las-comunidades","status":"publish","type":"post","link":"https:\/\/redsemlac.com\/semmexico\/cuba-caminos-para-enfrentar-la-violencia-en-las-comunidades\/","title":{"rendered":"Cuba: Caminos para enfrentar la violencia en las comunidades"},"content":{"rendered":"\n<ul class=\"wp-block-list\">\n<li>Identificar necesidades y marcar rutas propias que les permitan defender sus derechos y autonom\u00eda econ\u00f3mica<\/li>\n\n\n\n<li>Urgente apropiarse de los recursos que existen en su municipio y que no suelen beneficiar a las que m\u00e1s lo necesitan<\/li>\n<\/ul>\n\n\n\n<p class=\"wp-block-paragraph\">Lirians Gordillo Pi\u00f1a y Dixie Edith<br>SemM\u00e9xico\/SEMlac, La Habana, 20 de enero, 2025.- Fortalecer habilidades para identificar y atender las violencias machistas, conocer las leyes que las amparan y construir rutas integradas de atenci\u00f3n en las comunidades son necesidades identificadas en dos talleres realizados en La Habana, del 13 al 17 de enero, en busca de caminos para solucionar este problema social.<\/p>\n\n\n\n<p class=\"wp-block-paragraph\"><br>Otras demandas identificadas fueron un mayor apoyo de las autoridades decisoras a nivel local, ampliar sus habilidades para&nbsp;<a href=\"https:\/\/www.redsemlac-cuba.net\/redsemlac\/violencia\/miradas-diversas-en-el-recuento-de-las-violencias-machistas\/\" target=\"_blank\" rel=\"noreferrer noopener\">reconocer las violencias machistas y tener registros eficientes de su ocurrencia<\/a>, crear grupos de mujeres para el acompa\u00f1amiento y apoyo psicol\u00f3gico, adem\u00e1s de llegar a las comunidades con mensajes atractivos y que pongan en lenguaje coloquial los contenidos de normas y programas que protegen los derechos de las cubanas.<\/p>\n\n\n\n<p class=\"wp-block-paragraph\"><br>Emprendedoras, lideresas comunitarias, funcionarias de la Federaci\u00f3n de Mujeres Cubanas (FMC) y j\u00f3venes del municipio capitalino de Marianao se reunieron los d\u00edas 16 y 17 de enero, en la sede del Centro Martin Luther King (CMLK), para identificar necesidades y marcar rutas propias que les permitan defender sus derechos y autonom\u00eda econ\u00f3mica, as\u00ed como para enfrentar las violencias machistas en sus \u00e1mbitos m\u00e1s cercanos.<\/p>\n\n\n\n<p class=\"wp-block-paragraph\"><br>La cita forma parte de la iniciativa \u201cPuntos de encuentro: propuestas de juventudes y mujeres emprendedoras para la prevenci\u00f3n de las violencias de g\u00e9nero\u201d, financiada por el Fondo de Iniciativas Locales de la Embajada de Canad\u00e1 en La Habana.<\/p>\n\n\n\n<p class=\"wp-block-paragraph\"><br>En paralelo, equipos de las consejer\u00edas de la FMC de seis municipios de las provincias de Las Tunas, Granma, Guant\u00e1namo y La Habana trabajaron toda la semana, con sede en el municipio Plaza de la Revoluci\u00f3n, en busca de integrar concepciones te\u00f3ricas-metodol\u00f3gicas y experiencias pr\u00e1cticas para fortalecer sus capacidades y los servicios que ofrecen para la atenci\u00f3n y el acompa\u00f1amiento a las mujeres v\u00edctimas de violencia.<\/p>\n\n\n\n<p class=\"wp-block-paragraph\"><br>Ambos talleres tributan al proyecto&nbsp;<a href=\"https:\/\/www.redsemlac-cuba.net\/redsemlac\/violencia\/no-mas-articular-respuestas-contra-las-violencias-machistas\/\" target=\"_blank\" rel=\"noreferrer noopener\">\u00abNo m\u00e1s: prevenci\u00f3n y respuesta a la violencia contra las mujeres en Cuba\u00bb<\/a>, financiado por la Uni\u00f3n Europea en Cuba y que es liderado por la Federaci\u00f3n de Mujeres Cubanas (FMC), la Editorial de la Mujer y la asociaci\u00f3n italiana COSPE, en alianza con el CMLK, el grupo GALFISA del Instituto de Filosof\u00eda de Cuba y la Asociaci\u00f3n de Juristas de Cuba.<\/p>\n\n\n\n<p class=\"wp-block-paragraph\"><br>En general, contar con grupos de apoyo y espacios para el debate fueron reconocidos como esenciales en el camino de&nbsp;<a href=\"https:\/\/www.redsemlac-cuba.net\/redsemlac\/violencia\/atencion-y-prevencion-de-violencias-machistas-donde-estamos\/\" target=\"_blank\" rel=\"noreferrer noopener\">articular servicios<\/a>, pero tambi\u00e9n grupos de mujeres a nivel local para prevenir de la violencia por motivos de g\u00e9nero.<br><br><strong>Las mujeres en el centro<\/strong><\/p>\n\n\n\n<p class=\"wp-block-paragraph\"><br>\u00abMarianao tiene experiencia de a\u00f1os en el trabajo con las mujeres; primero, vinculado al desarrollo local, pero luego se incorporaron temas como la violencia de g\u00e9nero y la autonom\u00eda econ\u00f3mica, a trav\u00e9s de los emprendimientos\u00bb, reconoce&nbsp;<a href=\"https:\/\/bibliotecadegenero.redsemlac-cuba.net\/wp-content\/uploads\/2019\/09\/14_SEMlac_RS_CVD.pdf\" target=\"_blank\" rel=\"noreferrer noopener\">Sandra Am\u00e9rica Hidalgo<\/a>, del Taller de Transformaci\u00f3n Integral del Barrio (TTIB) Zamora Coco Solo y quien intervino en los debates en el CMLK.<\/p>\n\n\n\n<p class=\"wp-block-paragraph\"><br>Creados en 1988, los TTIB se subordinan a los gobiernos municipales en la capital cubana y promueven el desarrollo local, mediante la participaci\u00f3n ciudadana. En Marianao, estas experiencias mantienen un trabajo comunitario de larga data.<\/p>\n\n\n\n<p class=\"wp-block-paragraph\"><br>Sin embargo, las participantes reconocieron que queda mucho por hacer hasta lograr la creaci\u00f3n y permanencia de una consejer\u00eda para la atenci\u00f3n a v\u00edctimas de violencia machista en el municipio, hacer efectiva la formaci\u00f3n del funcionariado municipal y compartir con las mujeres herramientas que les permitan defender sus derechos.<\/p>\n\n\n\n<p class=\"wp-block-paragraph\"><br>Para avanzar en esa ruta, consideran urgente apropiarse de los recursos que existen en su municipio y que no suelen beneficiar a las que m\u00e1s lo necesitan. M\u00e1s de una decena de normas identificaron como herramientas para la protecci\u00f3n de las mujeres y la defensa de sus derechos. No obstante, admiten que se conocen muy poco y no siempre se aplican en las bases.<\/p>\n\n\n\n<p class=\"wp-block-paragraph\"><br>\u00abEllas mismas piden formaci\u00f3n sobre estos temas, porque las mujeres de aqu\u00ed son diversas, muchas no conocen esas palabras rebuscadas y entonces les cuesta trabajo comprender y conocer sus derechos\u00bb, reflexiona Caridad Mart\u00ednez, del&nbsp;<a href=\"https:\/\/www.instagram.com\/mujeres.en.espiral?igsh=MTV3ZnRtYm52ZWlrdA==\" target=\"_blank\" rel=\"noreferrer noopener\">Movimiento Mujeres en Espiral<\/a>, una red que re\u00fane a emprendedoras barriales en diferentes municipios de La Habana, incluyendo Marianao.<\/p>\n\n\n\n<p class=\"wp-block-paragraph\"><br>La buena noticia es que existen instituciones, organizaciones, redes de mujeres, proyectos y personas comprometidas, con la cuales se pueden articular. Un mapeo local les permiti\u00f3 identificar m\u00e1s de una docena de actores clave.<br>Las asistentes al encuentro consideran fundamental poner en el centro a las mujeres, sus necesidades y condiciones de vida, a la hora de organizar iniciativas y acciones que las involucren; adem\u00e1s de tener en cuenta espacios y eventos de amplia convocatoria en el municipio, como ferias comunitarias y de empleo que se organizan con sistematicidad.<\/p>\n\n\n\n<p class=\"wp-block-paragraph\"><br>La creatividad en las convocatorias, la utilidad de los contenidos a compartir, la sistematicidad para ganar la confianza de las mujeres son principios esenciales para tener \u00e9xito, coincidieron.<\/p>\n\n\n\n<p class=\"wp-block-paragraph\"><br>\u00abNo podemos organizar un encuentro en d\u00edas y horarios que las mujeres dedican a la reproducci\u00f3n de la vida, poque ellas no van a poder asistir; no se trata de que estos sean espacios que las sobrecarguen. Por ejemplo, no convoquemos para el d\u00eda en el que cuentan con agua para lavar o en los horarios de descanso de ellas\u00bb, alert\u00f3 Ania Mirabal Patterson, soci\u00f3loga y facilitadora del encuentro.<br><br><strong>Consejer\u00edas de la FMC: la coordinaci\u00f3n es esencial<\/strong><br>\u00bfQu\u00e9 estamos haciendo y c\u00f3mo articularlo mejor? \u00bfQue necesitamos para buscar puntos comunes y facilitar herramientas para la acogida a las v\u00edctimas de violencias machistas y su acompa\u00f1amiento?<\/p>\n\n\n\n<p class=\"wp-block-paragraph\"><br>Preguntas como estas guiaron los intercambios entre personas provenientes de la fiscal\u00eda, la polic\u00eda, la atenci\u00f3n de salud, los equipos de trabajadores sociales y otros espacios clave que integran las consejer\u00edas de la FMC en los municipios de El Salvador, Guant\u00e1namo, Bayamo y Las Tunas, en el oriente del pa\u00eds, adem\u00e1s de Marianao y Plaza de la Revoluci\u00f3n, en la capital cubana.<\/p>\n\n\n\n<p class=\"wp-block-paragraph\"><br>Un diagn\u00f3stico de las capacidades de las consejer\u00edas de estos seis municipios, realizado previamente, valor\u00f3 que todas han logrado adaptaciones a sus contextos, empleando procedimientos y formas organizativas espec\u00edficas, explic\u00f3 la sic\u00f3loga&nbsp;<a href=\"https:\/\/directoriogenero.redsemlac-cuba.net\/yohanka-valdes-jimenez-1976\/\" target=\"_blank\" rel=\"noreferrer noopener\">Yohanka Vald\u00e9s<\/a>, del equipo de COSPE, al inicio del taller.<\/p>\n\n\n\n<p class=\"wp-block-paragraph\"><br>En general, todas cuentan con alrededor de dos a\u00f1os de funcionamiento y suelen operar en las sedes municipales de la FMC, en la mayor\u00eda de los casos compartiendo con otras funciones que desarrolla esa organizaci\u00f3n.<\/p>\n\n\n\n<p class=\"wp-block-paragraph\"><br>Entre los problemas m\u00e1s reiterados que atienden estas consejer\u00edas se encuentran el maltrato psicol\u00f3gico, la violencia verbal, la agresi\u00f3n sexual y la f\u00edsica a mujeres, el maltrato infantil, la violencia de g\u00e9nero en espec\u00edfico y situaciones relacionadas con drogas, entre otras, detall\u00f3 Vald\u00e9s.<\/p>\n\n\n\n<p class=\"wp-block-paragraph\"><br>Experiencias pr\u00e1cticas de c\u00f3mo atender mujeres que viven o han vivido situaciones de maltrato, violencia o abuso fueron compartidas por Giovanna Zitiello, especialista de la Casa de la Mujer de Pisa, Italia, una asociaci\u00f3n feminista que trabaja desde los a\u00f1os 90 del pasado siglo atendiendo a v\u00edctimas de violencias, entre otras muchas actividades comunitarias.<\/p>\n\n\n\n<p class=\"wp-block-paragraph\"><br>Adriel Ru\u00edz Mart\u00ednez, trabajador social de la consejer\u00eda de Guant\u00e1namo, una de las de mayor experiencia seg\u00fan el diagn\u00f3stico, llam\u00f3 a activar redes de apoyo diversas cuando una mujer llega buscando ayuda, ya sea por violencia f\u00edsica o sicol\u00f3gica. Tambi\u00e9n a escuchar sin juzgar ni interrumpir, para luego poder determinar las herramientas con las cuales se puede ayudar.<\/p>\n\n\n\n<p class=\"wp-block-paragraph\"><br>El respeto de la vida privada, ofrecer garant\u00eda de anonimato y confidencialidad, adem\u00e1s de iniciar acciones con otras instituciones, solo tras el consentimiento de las v\u00edctimas, fueron recomendaciones de Zitiello, a partir de las experiencias del espacio donde trabaja en Pisa.<\/p>\n\n\n\n<p class=\"wp-block-paragraph\"><br>En ese sentido, una coincidencia general fue la necesidad de tener claras las rutas de derivaci\u00f3n a otros servicios y de mayor capacitaci\u00f3n para identificar las m\u00faltiples formas de violencias y poder tomar decisiones para su atenci\u00f3n.<br>Si bien existe un consenso de qu\u00e9 hacer para la denuncia y seguimiento de la violencia f\u00edsica, el contenido en legislaciones como el C\u00f3digo Penal y el de los Procesos, hay tambi\u00e9n muchos vac\u00edos,&nbsp;<a href=\"https:\/\/www.redsemlac-cuba.net\/redsemlac\/violencia\/consultas-a-especialistas-marcan-rutas-contra-las-violencias-machistas\/\" target=\"_blank\" rel=\"noreferrer noopener\">sobre todo de conocimiento<\/a>, en relaci\u00f3n con la violencia psicol\u00f3gica, valor\u00f3 Yadira Mart\u00edn Hern\u00e1ndez, de la fiscal\u00eda de Guant\u00e1namo.<\/p>\n\n\n\n<p class=\"wp-block-paragraph\"><br>Otra conclusi\u00f3n compartida fue la necesidad urgente de articular los servicios, bajo pautas claras y comunes de actuaci\u00f3n, aun cuando \u00abning\u00fan municipio se parece a otro\u00bb, como valor\u00f3 la soci\u00f3loga&nbsp;<a href=\"https:\/\/directoriogenero.redsemlac-cuba.net\/clotilde-proveyer-cervantes-la-habana-1955\/\" target=\"_blank\" rel=\"noreferrer noopener\">Clotilde Proveyer Cervantes<\/a>, quien present\u00f3 la propuesta de gu\u00eda para los&nbsp;<a href=\"https:\/\/www.redsemlac-cuba.net\/redsemlac\/violencia\/guia-de-servicios-integrales-propone-respuestas-a-las-violencias-de-genero\/\" target=\"_blank\" rel=\"noreferrer noopener\">servicios integrados e integrales<\/a>&nbsp;elaborada por el Grupo asesor FMC para la atenci\u00f3n y prevenci\u00f3n de la violencia de g\u00e9nero, que ella coordina.<\/p>\n\n\n\n<p class=\"wp-block-paragraph\"><br>\u00abDentro de un mismo municipio hay muchas diferencias; por tanto, hay que adecuar seg\u00fan las caracter\u00edsticas territoriales. Pero la subordinaci\u00f3n de los servicios debe ser nacional; por eso hemos propuesto y fundamentado, con mucha fuerza, que tiene que haber una entidad con identidad propia para dirigirlos\u00bb, precis\u00f3 la experta.<\/p>\n\n\n\n<p class=\"wp-block-paragraph\">SEM-SEMlac\/lgp<\/p>\n","protected":false},"excerpt":{"rendered":"<p>Lirians Gordillo Pi\u00f1a y Dixie EdithSemM\u00e9xico\/SEMlac, La Habana, 20 de enero, 2025.- Fortalecer habilidades para identificar y atender las violencias machistas, conocer las leyes que las amparan y construir rutas integradas de atenci\u00f3n en las comunidades son necesidades identificadas en dos talleres realizados en La Habana, del 13 al 17 de enero, en busca de [&hellip;]<\/p>\n","protected":false},"author":3,"featured_media":91963,"comment_status":"open","ping_status":"open","sticky":false,"template":"","format":"standard","meta":{"_monsterinsights_skip_tracking":false,"footnotes":""},"categories":[53,48],"tags":[],"class_list":["post-91962","post","type-post","status-publish","format-standard","has-post-thumbnail","category-internacional","category-no-mas-impunidad-no-mas-impunidad"],"_links":{"self":[{"href":"https:\/\/redsemlac.com\/semmexico\/wp-json\/wp\/v2\/posts\/91962","targetHints":{"allow":["GET"]}}],"collection":[{"href":"https:\/\/redsemlac.com\/semmexico\/wp-json\/wp\/v2\/posts"}],"about":[{"href":"https:\/\/redsemlac.com\/semmexico\/wp-json\/wp\/v2\/types\/post"}],"author":[{"embeddable":true,"href":"https:\/\/redsemlac.com\/semmexico\/wp-json\/wp\/v2\/users\/3"}],"replies":[{"embeddable":true,"href":"https:\/\/redsemlac.com\/semmexico\/wp-json\/wp\/v2\/comments?post=91962"}],"version-history":[{"count":0,"href":"https:\/\/redsemlac.com\/semmexico\/wp-json\/wp\/v2\/posts\/91962\/revisions"}],"wp:featuredmedia":[{"embeddable":true,"href":"https:\/\/redsemlac.com\/semmexico\/wp-json\/wp\/v2\/media\/91963"}],"wp:attachment":[{"href":"https:\/\/redsemlac.com\/semmexico\/wp-json\/wp\/v2\/media?parent=91962"}],"wp:term":[{"taxonomy":"category","embeddable":true,"href":"https:\/\/redsemlac.com\/semmexico\/wp-json\/wp\/v2\/categories?post=91962"},{"taxonomy":"post_tag","embeddable":true,"href":"https:\/\/redsemlac.com\/semmexico\/wp-json\/wp\/v2\/tags?post=91962"}],"curies":[{"name":"wp","href":"https:\/\/api.w.org\/{rel}","templated":true}]}}