{"id":91959,"date":"2025-01-20T17:52:12","date_gmt":"2025-01-20T23:52:12","guid":{"rendered":"https:\/\/redsemlac.com\/semmexico\/?p=91959"},"modified":"2025-01-20T17:52:13","modified_gmt":"2025-01-20T23:52:13","slug":"cubanas-aprovechemos-el-momento-para-crear-tecnologias-sin-sesgos","status":"publish","type":"post","link":"https:\/\/redsemlac.com\/semmexico\/cubanas-aprovechemos-el-momento-para-crear-tecnologias-sin-sesgos\/","title":{"rendered":"Cubanas: \u00abAprovechemos el momento para crear tecnolog\u00edas sin sesgos\u00bb"},"content":{"rendered":"\n<ul class=\"wp-block-list\">\n<li>Suilan Est\u00e9vez Velarde experta en IA considera que ense\u00f1ar es ahora su misi\u00f3n m\u00e1s relevante<\/li>\n\n\n\n<li>Fundamental una mayor presencia de mujeres en la ciencia<\/li>\n<\/ul>\n\n\n\n<p class=\"wp-block-paragraph\">Lisandra Fari\u00f1as<\/p>\n\n\n\n<p class=\"wp-block-paragraph\">SemM\u00e9xico\/SEMlac, La Habana, Cuba, 20 de enero, 2015.- Suilan Est\u00e9vez Velarde, doctora en Ciencias de la Computaci\u00f3n, est\u00e1 convencida de que es imprescindible aprovechar el momento de cambios que vive hoy el mundo para asegurar tecnolog\u00edas sin sesgos de g\u00e9nero, raciales o de otro tipo, que moldeen el futuro de las nuevas generaciones.<\/p>\n\n\n\n<p class=\"wp-block-paragraph\"><br>Profesora de la Universidad de La Habana y experta en Inteligencia Artificial (IA), asegura que es preciso preparar a estudiantes y futuros expertos en cuestiones de \u00e9tica; ense\u00f1arles sobre sesgos para que puedan imprimir su propio sello en todo lo nuevo que se crea.<\/p>\n\n\n\n<p class=\"wp-block-paragraph\"><br>Apasionada por las Matem\u00e1ticas, considera, igualmente, que es imprescindible instruir a la poblaci\u00f3n sobre estos temas, el funcionamiento de estas tecnolog\u00edas y qu\u00e9 ventajas y limitaciones tienen, \u00abporque llegaron para quedarse y, realmente, empoderan de cierta forma; pero hay que saber usarlas\u00bb, sostuvo.<\/p>\n\n\n\n<p class=\"wp-block-paragraph\"><br>No en balde considera que ense\u00f1ar es ahora mismo su misi\u00f3n m\u00e1s relevante, pues puede despertar la creatividad que tanto ama en otras personas y mostrarles infinidad de posibilidades, as\u00ed como tambi\u00e9n alertarles sobre los fen\u00f3menos de una tecnolog\u00eda que, si bien es novedosa hoy, terminar\u00e1 siendo b\u00e1sica.<\/p>\n\n\n\n<p class=\"wp-block-paragraph\"><br>La IA aprende de los documentos que tenemos en internet y de lo que estamos expuestos a leer todos los d\u00edas; de ah\u00ed extrae los sesgos de g\u00e9nero, raciales y de todo tipo que muchas personas advierten al usarlas, explic\u00f3 a SEMlac.<\/p>\n\n\n\n<p class=\"wp-block-paragraph\"><br>\u00abUna vez que usas&nbsp;<a href=\"https:\/\/www.redsemlac-cuba.net\/redsemlac\/comunicacion\/la-inteligencia-artificial-no-es-feminista\/\" target=\"_blank\" rel=\"noreferrer noopener\">una herramienta que contiene ese nivel de sesgo<\/a>&nbsp;para predecir a qui\u00e9n le das, por ejemplo, el empleo, por supuesto que lo usar\u00e1 en tu contra\u00bb, dijo y enfatiz\u00f3 en la necesidad de no permitir que se perpet\u00fae ese comportamiento.<\/p>\n\n\n\n<p class=\"wp-block-paragraph\"><br>\u00abDebemos poder evaluar esas herramientas; necesitamos transparencia en saber c\u00f3mo funcionan; necesitamos que la poblaci\u00f3n entienda que estos sesgos est\u00e1n ah\u00ed, en algunas de esas herramientas, y que no se los podemos quitar. Hay que entender qu\u00e9 limitaciones tienen y por d\u00f3nde pueden venir\u00bb, a\u00f1adi\u00f3.<\/p>\n\n\n\n<p class=\"wp-block-paragraph\"><br>Coment\u00f3 que la IA no es la ciencia ficci\u00f3n de las pel\u00edculas y que la comunidad cient\u00edfica no est\u00e1 preocupada porque ma\u00f1ana se vuelva inteligente y domine a la humanidad, como se escucha muchas veces en las conversaciones de las personas en la calle.<\/p>\n\n\n\n<p class=\"wp-block-paragraph\"><br>Tenemos que entender las ventajas y la productividad que podr\u00edan darnos en todos los puestos de trabajo, lo que podemos hacer, que antes no era posible. De pronto, tenemos dispositivos con internet, con todo el conocimiento del mundo al alcance de una pregunta y por primera vez la interacci\u00f3n con la computadora no depende de aprender a programar, sino que es m\u00e1s inclusiva y pueden acceder a ella personas de la tercera edad, los ni\u00f1ostodo tipo de personas, remarc\u00f3.<br>Valor\u00f3 que para Cuba son una oportunidad, incluso econ\u00f3mica, de dar un salto tecnol\u00f3gico relevante a pesar de la crisis, pues muchas de estas tecnolog\u00edas se utilizan para ahorrar y se venden muy bien en el mercado internacional.<\/p>\n\n\n\n<p class=\"wp-block-paragraph\"><br>\u00abEstamos ante una oportunidad, que yo quisiera que aprovech\u00e1ramos con el sello de la mujer en todos estos pasos. Estamos listas en Cuba para hacerlo, necesitamos participar en ese cambio y creo que ya lo estamos haciendo\u00bb, afirm\u00f3.<br><br><strong>Mujeres invisibles<\/strong><\/p>\n\n\n\n<p class=\"wp-block-paragraph\"><br>La experta valor\u00f3 como fundamental una mayor presencia de mujeres en la ciencia<a href=\"https:\/\/www.redsemlac-cuba.net\/redsemlac\/sociedad-y-cultura\/estereotipos-limitan-mayor-presencia-de-mujeres-en-la-ciencia\/\" target=\"_blank\" rel=\"noreferrer noopener\">, un asunto que no es nuevo y&nbsp;<\/a>est\u00e1 matizado por la discriminaci\u00f3n estructural. Hay muchas mujeres en las Ciencias de la Computaci\u00f3n, por ejemplo, pero no se visibilizan, explic\u00f3.<\/p>\n\n\n\n<p class=\"wp-block-paragraph\"><br>\u00abSi yo pregunto ahora nombres de empresas y de personalidades, en IA -que est\u00e1 de moda-, estoy segura de que podr\u00edan decirme el nombre de un mont\u00f3n de hombres, pero de ninguna mujer; sin embargo, ahora mismo una de las personalidades m\u00e1s grandes de la \u00e9tica en la inteligencia artificial, que es un tema s\u00faper discutido, es mujer\u00bb, apunt\u00f3.<\/p>\n\n\n\n<p class=\"wp-block-paragraph\"><br>Mencion\u00f3 que ellas tambi\u00e9n est\u00e1n presentes en cuestiones t\u00e9cnicas, algoritmos, lenguaje de programaci\u00f3n\u0085 pero no se ven y, al faltar los ejemplos, tambi\u00e9n se carece de modelos a seguir desde las edades m\u00e1s tempranas, lo cual tiene un impacto en la decisi\u00f3n de muchas j\u00f3venes de optar o no por estas carreras.<\/p>\n\n\n\n<p class=\"wp-block-paragraph\"><br>Signific\u00f3 que tanto Matem\u00e1tica como Ciencias de la Computaci\u00f3n o Ciencia de Datos son profesiones con muchas posibilidades laborales y muy bien pagadas, \u00abson carreras que te empoderan\u00bb, porque brindan muchas herramientas que expanden las capacidades de las personas.<\/p>\n\n\n\n<p class=\"wp-block-paragraph\"><br>Pero, se\u00f1al\u00f3, es preciso comenzar desde edades tempranas a estimular la inclinaci\u00f3n por ellas, fundamentalmente en el caso de las ni\u00f1as.<\/p>\n\n\n\n<p class=\"wp-block-paragraph\"><br>Existe la idea de que estas carreras son muy dif\u00edciles o que son especialidades masculinas y esto es resultado de los condicionamientos sociales, precis\u00f3 Est\u00e9vez Velarde, quien mencion\u00f3 que la computaci\u00f3n comenz\u00f3 como una carrera con mayor\u00eda de mujeres, pero al volverse m\u00e1s exitosa se ha masculinizado.<\/p>\n\n\n\n<p class=\"wp-block-paragraph\"><br>\u00abEs un fen\u00f3meno estudiado tambi\u00e9n en el mundo. A la vez que hay m\u00e1s competencia para entrar, m\u00e1s veces le dice la sociedad a las mujeres que no participen en la competencia\u00bb, detall\u00f3.<\/p>\n\n\n\n<p class=\"wp-block-paragraph\"><br>A ello se a\u00f1ade el peso que tienen los mensajes negativos que reciben las mujeres desde la infancia, presentando el mundo de las ciencias como dif\u00edcil, sacrificado y a veces hasta incompatible con el rol socialmente asignados de madres y esposas.<\/p>\n\n\n\n<p class=\"wp-block-paragraph\"><br><a href=\"https:\/\/www.redsemlac-cuba.net\/redsemlac\/sociedad-y-cultura\/un-camino-para-acortar-brechas-digitales-de-mujeres-y-ninas\/\" target=\"_blank\" rel=\"noreferrer noopener\">Hay sesgos hasta en la cantidad de tecnolog\u00edas que tienen ni\u00f1as y ni\u00f1os<\/a>, cu\u00e1ntos tienen celulares, cu\u00e1ntos tienen computadoras; a cu\u00e1ntos les compran como juguetes una computadora y a cu\u00e1ntos una mu\u00f1eca, o la cantidad de tiempo que invierten aprendiendo habilidades del hogar, explic\u00f3.<\/p>\n\n\n\n<p class=\"wp-block-paragraph\"><br>Para trabajar con ni\u00f1as y motivarlas para las carreras de tecnolog\u00edas en general, hay que hablarles tambi\u00e9n a los adultos que est\u00e1n en la casa y son sus patrones de referencia.<\/p>\n\n\n\n<p class=\"wp-block-paragraph\"><br>Est\u00e9vez Velarde valor\u00f3 como relevante la necesidad de propiciar actividades que vinculen a ni\u00f1os y ni\u00f1as con las ciencias y que se conviertan en espacios de interacci\u00f3n, donde empleen herramientas de investigaci\u00f3n y estimulen el pensamiento l\u00f3gico.<br><br>Cient\u00edficas bajo el reflector<\/p>\n\n\n\n<p class=\"wp-block-paragraph\"><br>Para la profesora universitaria, mostrar modelos de mujeres exitosas en el \u00e1mbito de las ciencias -y en particular en las tecnolog\u00edas- tambi\u00e9n resulta clave para estimular el deseo de estudiar estas especialidades y dedicarse a estas profesiones.<\/p>\n\n\n\n<p class=\"wp-block-paragraph\"><br>\u00bfCu\u00e1ntas veces vemos en las novelas o en una serie a mujeres que les va bien como programadoras o como creadoras de videojuegos, o trabajando en inteligencia artificial?, cuestion\u00f3.<\/p>\n\n\n\n<p class=\"wp-block-paragraph\"><br>Hay que poner esos modelos bajo los reflectores para que las ni\u00f1as y adolescentes se identifiquen y deseen llegar a esos espacios, enfatiz\u00f3. En Cuba hay much\u00edsimas mujeres en puestos de direcci\u00f3n en esta rama: la presidenta de la Uni\u00f3n de Inform\u00e1ticos, la ministra de Comunicaciones y directivas en empresas de software, entre otras, que no tienen la visibilidad que se requiere, \u00abcontra un internet muy permeado de figuras masculinas en la tecnolog\u00eda\u00bb, reflexion\u00f3.<\/p>\n\n\n\n<p class=\"wp-block-paragraph\"><br>Est\u00e9vez Velarde llam\u00f3 la atenci\u00f3n tambi\u00e9n sobre la maternidad y las redes de apoyo que se necesitan, tanto en el \u00e1mbito familiar como en el laboral, para que las cient\u00edficas contin\u00faen con su labor.<\/p>\n\n\n\n<p class=\"wp-block-paragraph\"><br>La familia le pone un peso muy grande a las que deciden estudiar estas especialidades, pues muchas veces, incluso cuando ellas han sido mejores acad\u00e9micamente, le dan m\u00e1s relevancia al trabajo del esposo o la decisi\u00f3n de d\u00f3nde trabajar se ve influenciada por el rol familiar que se supone deben desempe\u00f1ar, acot\u00f3.<\/p>\n\n\n\n<p class=\"wp-block-paragraph\"><br>Consider\u00f3 que este es un tema sobre el cual se puede incidir con diversas pol\u00edticas, teniendo en cuenta que, si bien la decisi\u00f3n es personal, se pueden dise\u00f1ar acciones que estimulen la presencia femenina en determinados espacios.<\/p>\n\n\n\n<p class=\"wp-block-paragraph\"><br>Abord\u00f3 igualmente el impacto de estereotipos asociados a una imagen de las cient\u00edficas como de apariencia descuidada o \u00abpoco femeninas\u00bb, algo que en un mundo marcado por c\u00e1nones de belleza estereotipados impacta en la visi\u00f3n que tienen las adolescentes sobre estas especialidades.<\/p>\n\n\n\n<p class=\"wp-block-paragraph\"><br>A las ni\u00f1as hay que alentarlas y no dejar que las convenzan de que no pueden o de que es demasiado dif\u00edcil, insisti\u00f3 Est\u00e9vez Velarde.<\/p>\n\n\n\n<p class=\"wp-block-paragraph\"><br>\u00abSi quiere se puede, y despu\u00e9s que quieran y puedan, se van a sentir espectacular\u00bb, dijo la experta, quien insisti\u00f3 en la necesidad de m\u00e1s exposici\u00f3n a modelos de \u00e9xito para estimular la presencia femenina en las ciencias.<\/p>\n\n\n\n<p class=\"wp-block-paragraph\"><br>\u00abHabr\u00eda que valorar d\u00f3nde hace falta discriminaci\u00f3n positiva y d\u00f3nde no, porque la discriminaci\u00f3n positiva es un mal necesario ahora mismo, pero yo no la quisiera a la larga. Yo quiero sentir que me lo gano por m\u00ed, no porque soy mujer; pero puede que en la actualidad sea necesario\u00bb, reflexion\u00f3.<\/p>\n","protected":false},"excerpt":{"rendered":"<p>Lisandra Fari\u00f1as SemM\u00e9xico\/SEMlac, La Habana, Cuba, 20 de enero, 2015.- Suilan Est\u00e9vez Velarde, doctora en Ciencias de la Computaci\u00f3n, est\u00e1 convencida de que es imprescindible aprovechar el momento de cambios que vive hoy el mundo para asegurar tecnolog\u00edas sin sesgos de g\u00e9nero, raciales o de otro tipo, que moldeen el futuro de las nuevas generaciones. [&hellip;]<\/p>\n","protected":false},"author":3,"featured_media":91960,"comment_status":"open","ping_status":"open","sticky":false,"template":"","format":"standard","meta":{"_monsterinsights_skip_tracking":false,"footnotes":""},"categories":[53],"tags":[],"class_list":["post-91959","post","type-post","status-publish","format-standard","has-post-thumbnail","category-internacional"],"_links":{"self":[{"href":"https:\/\/redsemlac.com\/semmexico\/wp-json\/wp\/v2\/posts\/91959","targetHints":{"allow":["GET"]}}],"collection":[{"href":"https:\/\/redsemlac.com\/semmexico\/wp-json\/wp\/v2\/posts"}],"about":[{"href":"https:\/\/redsemlac.com\/semmexico\/wp-json\/wp\/v2\/types\/post"}],"author":[{"embeddable":true,"href":"https:\/\/redsemlac.com\/semmexico\/wp-json\/wp\/v2\/users\/3"}],"replies":[{"embeddable":true,"href":"https:\/\/redsemlac.com\/semmexico\/wp-json\/wp\/v2\/comments?post=91959"}],"version-history":[{"count":0,"href":"https:\/\/redsemlac.com\/semmexico\/wp-json\/wp\/v2\/posts\/91959\/revisions"}],"wp:featuredmedia":[{"embeddable":true,"href":"https:\/\/redsemlac.com\/semmexico\/wp-json\/wp\/v2\/media\/91960"}],"wp:attachment":[{"href":"https:\/\/redsemlac.com\/semmexico\/wp-json\/wp\/v2\/media?parent=91959"}],"wp:term":[{"taxonomy":"category","embeddable":true,"href":"https:\/\/redsemlac.com\/semmexico\/wp-json\/wp\/v2\/categories?post=91959"},{"taxonomy":"post_tag","embeddable":true,"href":"https:\/\/redsemlac.com\/semmexico\/wp-json\/wp\/v2\/tags?post=91959"}],"curies":[{"name":"wp","href":"https:\/\/api.w.org\/{rel}","templated":true}]}}