{"id":91952,"date":"2025-01-20T17:22:32","date_gmt":"2025-01-20T23:22:32","guid":{"rendered":"https:\/\/redsemlac.com\/semmexico\/?p=91952"},"modified":"2025-01-20T17:40:01","modified_gmt":"2025-01-20T23:40:01","slug":"tarjetas-de-la-pension-mujeres-bienestar-contribuiran-a-la-autonomia-economica","status":"publish","type":"post","link":"https:\/\/redsemlac.com\/semmexico\/tarjetas-de-la-pension-mujeres-bienestar-contribuiran-a-la-autonomia-economica\/","title":{"rendered":"Tarjetas de la Pensi\u00f3n Mujeres Bienestar contribuir\u00e1n a la autonom\u00eda econ\u00f3mica"},"content":{"rendered":"\n<ul class=\"wp-block-list\">\n<li>La presidenta Sheinbaum trabaja todos los d\u00edas para alcanzar el piso parejo entre mujeres y hombres<\/li>\n\n\n\n<li>Sin violencia y el reconocimiento de las mujeres en todos los \u00e1mbitos, el llamado de la 4T<\/li>\n<\/ul>\n\n\n\n<p class=\"wp-block-paragraph\">Redacci\u00f3n<\/p>\n\n\n\n<p class=\"wp-block-paragraph\">SemM\u00e9xico, Puebla, 20 de enero, 2025.- Citlalli Hern\u00e1ndez Mora, titular de la Secretar\u00eda de las Mujeres, apunt\u00f3 que la entrega de tarjetas de la Pensi\u00f3n Mujeres Bienestar, que entreg\u00f3 la presidenta Claudia Sheinbaum, busca contribuir a la autonom\u00eda econ\u00f3mica de las mujeres.<\/p>\n\n\n\n<p class=\"wp-block-paragraph\">\u201cEste reconocimiento de la presidenta es a ustedes, a las mujeres que han transitado una vida, la historia de muchas historias\u201d.<\/p>\n\n\n\n<p class=\"wp-block-paragraph\">Hern\u00e1ndez Mora dijo que en el Segundo Piso de la Transformaci\u00f3n hay un llamado tambi\u00e9n a construir una nueva manera de convivir hombres y mujeres: a que el respeto, la no violencia, el reconocimiento a lo que somos las mujeres en todos los \u00e1mbitos de nuestra vida sea una realidad.<\/p>\n\n\n\n<p class=\"wp-block-paragraph\">Sobre el proceso de cambio que se vive en M\u00e9xico por el triunfo de la presidenta Claudia Sheinbaum, insisti\u00f3 en que se trabaja todos los d\u00edas para alcanzar el piso parejo entre hombre y mujeres.<\/p>\n\n\n\n<p class=\"wp-block-paragraph\">\u201cComo siempre lo decimos, no queremos ser m\u00e1s que los hombres, pero tampoco queremos ser menos. Y sabemos que hombres y mujeres podemos entender que en este proceso de cambio se puede construir una nueva convivencia\u201d, agreg\u00f3<\/p>\n\n\n\n<p class=\"wp-block-paragraph\">Finalmente, Citlalli Hern\u00e1ndez record\u00f3 a las mujeres asistentes que no est\u00e1n solas: \u201cla presidenta de M\u00e9xico ha llegado para cuidar a todas\u201d.<\/p>\n\n\n\n<p class=\"wp-block-paragraph\">SEM\/sj<\/p>\n\n\n\n<figure class=\"wp-block-gallery has-nested-images columns-default is-cropped wp-block-gallery-1 is-layout-flex wp-block-gallery-is-layout-flex\">\n<figure class=\"wp-block-image size-large\"><a href=\"https:\/\/redsemlac.com\/semmexico\/wp-content\/uploads\/2025\/01\/WhatsApp-Image-2025-01-20-at-1.59.01-PM-1.jpeg\"><img loading=\"lazy\" decoding=\"async\" width=\"1024\" height=\"682\" data-id=\"91956\" src=\"https:\/\/redsemlac.com\/semmexico\/wp-content\/uploads\/2025\/01\/WhatsApp-Image-2025-01-20-at-1.59.01-PM-1-1024x682.jpeg\" alt=\"\" class=\"wp-image-91956\" srcset=\"https:\/\/redsemlac.com\/semmexico\/wp-content\/uploads\/2025\/01\/WhatsApp-Image-2025-01-20-at-1.59.01-PM-1-1024x682.jpeg 1024w, https:\/\/redsemlac.com\/semmexico\/wp-content\/uploads\/2025\/01\/WhatsApp-Image-2025-01-20-at-1.59.01-PM-1-300x200.jpeg 300w, https:\/\/redsemlac.com\/semmexico\/wp-content\/uploads\/2025\/01\/WhatsApp-Image-2025-01-20-at-1.59.01-PM-1-768x512.jpeg 768w, https:\/\/redsemlac.com\/semmexico\/wp-content\/uploads\/2025\/01\/WhatsApp-Image-2025-01-20-at-1.59.01-PM-1-1536x1023.jpeg 1536w, https:\/\/redsemlac.com\/semmexico\/wp-content\/uploads\/2025\/01\/WhatsApp-Image-2025-01-20-at-1.59.01-PM-1-150x100.jpeg 150w, https:\/\/redsemlac.com\/semmexico\/wp-content\/uploads\/2025\/01\/WhatsApp-Image-2025-01-20-at-1.59.01-PM-1-696x464.jpeg 696w, https:\/\/redsemlac.com\/semmexico\/wp-content\/uploads\/2025\/01\/WhatsApp-Image-2025-01-20-at-1.59.01-PM-1-1068x712.jpeg 1068w, https:\/\/redsemlac.com\/semmexico\/wp-content\/uploads\/2025\/01\/WhatsApp-Image-2025-01-20-at-1.59.01-PM-1.jpeg 1600w\" sizes=\"auto, (max-width: 1024px) 100vw, 1024px\" \/><\/a><\/figure>\n\n\n\n<figure class=\"wp-block-image size-large\"><a href=\"https:\/\/redsemlac.com\/semmexico\/wp-content\/uploads\/2025\/01\/WhatsApp-Image-2025-01-20-at-1.59.01-PM-2.jpeg\"><img loading=\"lazy\" decoding=\"async\" width=\"1024\" height=\"682\" data-id=\"91955\" src=\"https:\/\/redsemlac.com\/semmexico\/wp-content\/uploads\/2025\/01\/WhatsApp-Image-2025-01-20-at-1.59.01-PM-2-1024x682.jpeg\" alt=\"\" class=\"wp-image-91955\" srcset=\"https:\/\/redsemlac.com\/semmexico\/wp-content\/uploads\/2025\/01\/WhatsApp-Image-2025-01-20-at-1.59.01-PM-2-1024x682.jpeg 1024w, https:\/\/redsemlac.com\/semmexico\/wp-content\/uploads\/2025\/01\/WhatsApp-Image-2025-01-20-at-1.59.01-PM-2-300x200.jpeg 300w, https:\/\/redsemlac.com\/semmexico\/wp-content\/uploads\/2025\/01\/WhatsApp-Image-2025-01-20-at-1.59.01-PM-2-768x512.jpeg 768w, https:\/\/redsemlac.com\/semmexico\/wp-content\/uploads\/2025\/01\/WhatsApp-Image-2025-01-20-at-1.59.01-PM-2-1536x1023.jpeg 1536w, https:\/\/redsemlac.com\/semmexico\/wp-content\/uploads\/2025\/01\/WhatsApp-Image-2025-01-20-at-1.59.01-PM-2-150x100.jpeg 150w, https:\/\/redsemlac.com\/semmexico\/wp-content\/uploads\/2025\/01\/WhatsApp-Image-2025-01-20-at-1.59.01-PM-2-696x464.jpeg 696w, https:\/\/redsemlac.com\/semmexico\/wp-content\/uploads\/2025\/01\/WhatsApp-Image-2025-01-20-at-1.59.01-PM-2-1068x712.jpeg 1068w, https:\/\/redsemlac.com\/semmexico\/wp-content\/uploads\/2025\/01\/WhatsApp-Image-2025-01-20-at-1.59.01-PM-2.jpeg 1600w\" sizes=\"auto, (max-width: 1024px) 100vw, 1024px\" \/><\/a><\/figure>\n<\/figure>\n","protected":false},"excerpt":{"rendered":"<p>Redacci\u00f3n SemM\u00e9xico, Puebla, 20 de enero, 2025.- Citlalli Hern\u00e1ndez Mora, titular de la Secretar\u00eda de las Mujeres, apunt\u00f3 que la entrega de tarjetas de la Pensi\u00f3n Mujeres Bienestar, que entreg\u00f3 la presidenta Claudia Sheinbaum, busca contribuir a la autonom\u00eda econ\u00f3mica de las mujeres. \u201cEste reconocimiento de la presidenta es a ustedes, a las mujeres que [&hellip;]<\/p>\n","protected":false},"author":3,"featured_media":91957,"comment_status":"open","ping_status":"open","sticky":false,"template":"","format":"standard","meta":{"_monsterinsights_skip_tracking":false,"footnotes":""},"categories":[903],"tags":[],"class_list":["post-91952","post","type-post","status-publish","format-standard","has-post-thumbnail","category-presidenta-y-mas"],"_links":{"self":[{"href":"https:\/\/redsemlac.com\/semmexico\/wp-json\/wp\/v2\/posts\/91952","targetHints":{"allow":["GET"]}}],"collection":[{"href":"https:\/\/redsemlac.com\/semmexico\/wp-json\/wp\/v2\/posts"}],"about":[{"href":"https:\/\/redsemlac.com\/semmexico\/wp-json\/wp\/v2\/types\/post"}],"author":[{"embeddable":true,"href":"https:\/\/redsemlac.com\/semmexico\/wp-json\/wp\/v2\/users\/3"}],"replies":[{"embeddable":true,"href":"https:\/\/redsemlac.com\/semmexico\/wp-json\/wp\/v2\/comments?post=91952"}],"version-history":[{"count":0,"href":"https:\/\/redsemlac.com\/semmexico\/wp-json\/wp\/v2\/posts\/91952\/revisions"}],"wp:featuredmedia":[{"embeddable":true,"href":"https:\/\/redsemlac.com\/semmexico\/wp-json\/wp\/v2\/media\/91957"}],"wp:attachment":[{"href":"https:\/\/redsemlac.com\/semmexico\/wp-json\/wp\/v2\/media?parent=91952"}],"wp:term":[{"taxonomy":"category","embeddable":true,"href":"https:\/\/redsemlac.com\/semmexico\/wp-json\/wp\/v2\/categories?post=91952"},{"taxonomy":"post_tag","embeddable":true,"href":"https:\/\/redsemlac.com\/semmexico\/wp-json\/wp\/v2\/tags?post=91952"}],"curies":[{"name":"wp","href":"https:\/\/api.w.org\/{rel}","templated":true}]}}