{"id":91942,"date":"2025-01-20T16:55:16","date_gmt":"2025-01-20T22:55:16","guid":{"rendered":"https:\/\/redsemlac.com\/semmexico\/?p=91942"},"modified":"2025-01-20T16:55:17","modified_gmt":"2025-01-20T22:55:17","slug":"unam-pide-cerrar-filas-ante-el-retorno-de-trump-a-la-casa-blanca","status":"publish","type":"post","link":"https:\/\/redsemlac.com\/semmexico\/unam-pide-cerrar-filas-ante-el-retorno-de-trump-a-la-casa-blanca\/","title":{"rendered":"UNAM pide cerrar filas ante el retorno de Trump a la Casa Blanca"},"content":{"rendered":"\n<ul class=\"wp-block-list\">\n<li>El rector de la Universidad Nacional llam\u00f3 defender los derechos y la dignidad de las personas migrantes<\/li>\n\n\n\n<li>ACNUR: En EE.UU viven cerca de 12 millones de personas migrantes mexicanos, de ellas 4.1 millones no cuenta con documentos<\/li>\n<\/ul>\n\n\n\n<p class=\"wp-block-paragraph\">Redacci\u00f3n<\/p>\n\n\n\n<p class=\"wp-block-paragraph\">SemM\u00e9xico, Cd. de M\u00e9xico, 20 de enero, 2025.- \u201cEn las pr\u00f3ximas semanas, la Universidad Nacional anunciar\u00e1 m\u00e1s acciones para apoyar, desde M\u00e9xico y a trav\u00e9s de sus sedes en Estados Unidos, a nuestra poblaci\u00f3n migrante en ese pa\u00eds. De esta manera la UNAM ratifica su compromiso con la naci\u00f3n y con la defensa de la dignidad de las personas y los derechos humanos, sin importar su situaci\u00f3n migratoria\u201d, afirm\u00f3 el rector de la UNAM, Leonardo Lomel\u00ed Vanegas.<\/p>\n\n\n\n<p class=\"wp-block-paragraph\">Al presidir la Conferencia Universitaria por la Defensa de los Derechos y Dignidad de las Personas Migrantes y el Inter\u00e9s Nacional, Lomel\u00ed Vanegas, convoc\u00f3 a toda la sociedad mexicana a cerrar filas ante la agresi\u00f3n que se avecina a las comunidades mexicanas en Estados Unidos; a apoyar las iniciativas del gobierno de la Rep\u00fablica ante esta situaci\u00f3n de emergencia, y a desarrollar las acciones que est\u00e9n a nuestro alcance para acompa\u00f1ar a las personas migrantes que puedan verse afectadas por las medidas que ha anunciado el pr\u00f3ximo gobierno estadounidense.<\/p>\n\n\n\n<p class=\"wp-block-paragraph\">El rector de la UNAM ratific\u00f3 el compromiso de esta casa de estudios con el pensamiento libre, el conocimiento riguroso y la responsabilidad social y sostuvo que la Universidad, como una de las instituciones educativas m\u00e1s importantes de Iberoam\u00e9rica y el mundo, hace tambi\u00e9n un llamado a las instituciones de educaci\u00f3n superior, a los organismos internacionales, a los gobiernos y a la sociedad civil, para que trabajemos juntos en la construcci\u00f3n de sociedades que valoren la dignidad humana, la soberan\u00eda y la libertad por encima de ideolog\u00edas e intereses.<\/p>\n\n\n\n<p class=\"wp-block-paragraph\">\u201cEstados Unidos es una naci\u00f3n de migrantes. Por ello, resulta inaceptable que no se reconozca la contribuci\u00f3n de la inmigraci\u00f3n mexicana y latinoamericana a la econom\u00eda, a la sociedad y a la cultura estadounidenses\u201d, subray\u00f3.<\/p>\n\n\n\n<p class=\"wp-block-paragraph\">El rector tambi\u00e9n remarc\u00f3 que resulta preocupante la pretensi\u00f3n de pasar por encima del derecho y las instituciones internacionales que en los \u00faltimos 80 a\u00f1os han tratado de construir un orden internacional m\u00e1s justo e incluyente.<\/p>\n\n\n\n<p class=\"wp-block-paragraph\">\u201cCriminalizar la migraci\u00f3n como una estrategia para desviar la atenci\u00f3n de los grandes problemas de nuestro tiempo, representa una regresi\u00f3n hist\u00f3rica y una amenaza para la convivencia pac\u00edfica entre personas de distintas procedencias\u201d, asegur\u00f3 Lomel\u00ed Vanegas ante funcionarias y funcionarios, coordinadores, directoras y directores de entidades universitarias y de las sedes de la UNAM en Estados Unidos y en otras partes del mundo.<\/p>\n\n\n\n<p class=\"wp-block-paragraph\"><strong>La migraci\u00f3n, evento inherentemente humano<\/strong><\/p>\n\n\n\n<p class=\"wp-block-paragraph\">Antes, la secretaria de Desarrollo Institucional, Tamara Mart\u00ednez Ru\u00edz, destac\u00f3 que la&nbsp;migraci\u00f3n es un evento inherentemente humano y somos las personas, quienes, en las narrativas nacionalistas, la \u201ctransformamos\u201d en un acto criminal.<\/p>\n\n\n\n<p class=\"wp-block-paragraph\">De acuerdo con ACNUR, a nivel global, una de cada 69 personas vive en situaci\u00f3n de desplazamiento forzado, es decir, alrededor de 117.3 millones de personas. En Estados Unidos, agreg\u00f3, habitan cerca de 12 millones de personas migrantes de origen mexicano, de ellas 4.1 millones no cuenta con documentos. S\u00f3lo en California, Texas, Arizona e Illinois viven dos terceras partes de nuestros migrantes.<\/p>\n\n\n\n<p class=\"wp-block-paragraph\">\u201cLo decimos clara y contundentemente: La naci\u00f3n mexicana se extiende a cada rinc\u00f3n del mundo donde haya un connacional y la UNAM, nuestra gran universidad, est\u00e1 presente, sirviendo a la naci\u00f3n y, con firmeza, a la comunidad migrante en Estados Unidos\u201d, reiter\u00f3 la funcionaria.<\/p>\n\n\n\n<p class=\"wp-block-paragraph\">En el auditorio del tercer piso de la Torre de Rector\u00eda, el coordinador de Relaciones y Asuntos Internacionales, William Lee Alard\u00edn, refiri\u00f3 que<\/p>\n\n\n\n<p class=\"wp-block-paragraph\">hoy m\u00e1s que nunca es clave la misi\u00f3n de la Universidad en cuanto a la educaci\u00f3n, la generaci\u00f3n de ciudadan\u00eda cr\u00edtica, en el combate a la desinformaci\u00f3n, as\u00ed como para fomentar la capacidad de cuestionarnos y cuestionar a la autoridad aqu\u00ed y en cualquier sitio del mundo.<\/p>\n\n\n\n<p class=\"wp-block-paragraph\">Consider\u00f3 que en el&nbsp;corto plazo seguramente predominar\u00e1 la incertidumbre, la volatilidad y las acciones con alto impacto medi\u00e1tico, que tendr\u00e1n efectos reales en lo humano, en lo econ\u00f3mico y en la relaci\u00f3n bilateral. Confi\u00f3 en que las relaciones de largo plazo en lo acad\u00e9mico entre M\u00e9xico y Estados Unidos, que tienen ra\u00edces profundas, pueden y deben servir para apoyar iniciativas con impacto social en el mediano y largo plazo.<\/p>\n\n\n\n<p class=\"wp-block-paragraph\">En su oportunidad, el vicepresidente del Patronato Universitario, Mario Luis Fuentes Alcal\u00e1, y responsable del programa \u201cLa UNAM en las Fronteras\u201c, indic\u00f3 que la Conferencia Universitaria es testimonio de que esta casa de estudio est\u00e1 comprometida a sumarse a todo aquello que desde el \u00e1mbito p\u00fablico y privado, est\u00e9 dirigido a resolver los grandes problemas nacionales: desde acompa\u00f1ar la reflexi\u00f3n y estrategia jur\u00eddica del Gobierno de la Rep\u00fablica, hasta fomentar m\u00e1s investigaciones, tesis y di\u00e1logo acad\u00e9mico sobre la migraci\u00f3n y los derechos humanos.<\/p>\n\n\n\n<p class=\"wp-block-paragraph\">Manifest\u00f3 que las pol\u00edticas p\u00fablicas deben enfocarse a garantizar todos los derechos humanos e incluyen: proveer refugio digno y seguro para personas migrantes y en tr\u00e1nsito; garantizar acceso a servicios b\u00e1sicos como salud, educaci\u00f3n y asistencia legal para las personas migrantes, independientemente de su estatus migratorio; combatir la discriminaci\u00f3n y la xenofobia; impulsar la investigaci\u00f3n y la educaci\u00f3n sobre migraci\u00f3n, para que nuestras respuestas est\u00e9n basadas en evidencia y no en prejuicios o intereses pol\u00edticos; as\u00ed como fortalecer la acci\u00f3n de nuestra UNAM en el mundo.<\/p>\n\n\n\n<p class=\"wp-block-paragraph\">De igual forma, la directora de la Facultad de Econom\u00eda, Lorena Rodr\u00edguez Le\u00f3n, expuso que nuestro pa\u00eds enfrenta un&nbsp;escenario econ\u00f3mico&nbsp;lleno de retos para este a\u00f1o y una de las mayores fuentes de incertidumbre es el regreso de&nbsp;Donald Trump&nbsp;a la Casa Blanca, lo que implica fuertes consecuencias en las relaciones bilaterales debido a su discurso antiinmigrante, nacionalista y proteccionista de la econom\u00eda estadounidense.<\/p>\n\n\n\n<p class=\"wp-block-paragraph\">Desde su campa\u00f1a presidencial, record\u00f3, Trump prometi\u00f3 imponer un arancel de 25 por ciento sobre todos los productos importados desde M\u00e9xico y Canad\u00e1 y del 60 por ciento a los productos procedentes de China y un impuesto de al menos el 10 por ciento a todas las dem\u00e1s importaciones, bajo el argumento de fortalecer la econom\u00eda nacional estadounidense y regresar empleos al pa\u00eds. Sin embargo, en los hechos, una medida de este tipo podr\u00eda desencadenar una guerra comercial global, que ralentizar\u00eda las econom\u00edas de todo el mundo con terribles consecuencias.<\/p>\n\n\n\n<p class=\"wp-block-paragraph\">Remarc\u00f3 que M\u00e9xico y Estados Unidos son socios estrat\u00e9gicos y sus econom\u00edas son complementarias y se encuentran muy integradas, llevan a cabo un intenso comercio bilateral a lo largo de diversos segmentos de las cadenas globales de valor. M\u00e9xico es el principal socio comercial de Estados Unidos, superando a China y Canad\u00e1. Lo que se puede explicar por el dinamismo de los flujos comerciales y las cadenas de suministro en la regi\u00f3n.<\/p>\n\n\n\n<p class=\"wp-block-paragraph\">El director de la Facultad de Ciencias Pol\u00edticas y Sociales, Alejandro Chanona Burguete, manifest\u00f3 que frente al inicio de gobierno de Donald Trump ser\u00e1 prioritaria la asistencia y protecci\u00f3n de los mexicanos en Estados Unidos, a trav\u00e9s de los 53 consulados en esa naci\u00f3n, del Centro de Informaci\u00f3n y Asistencia a Mexicanos en el Exterior de la Secretar\u00eda de Relaciones Exteriores, as\u00ed como de organizaciones de la sociedad civil como Fuerza Migrante.<\/p>\n\n\n\n<p class=\"wp-block-paragraph\">A\u00f1adi\u00f3 que se deber\u00e1 tomar en cuenta que las pol\u00edticas que se establezcan estar\u00e1n dirigidas a destinatarios diversos desde trabajadores cuyas familias se encuentran en M\u00e9xico y dependen de la recepci\u00f3n de remesas para su sustento; familias binacionales; j\u00f3venes que est\u00e1n por perder los beneficios de programas como DACA, entre otros.<\/p>\n\n\n\n<p class=\"wp-block-paragraph\">Asimismo, plante\u00f3 que el escenario exige una renovada pol\u00edtica de Estado en temas de migraci\u00f3n, con acciones que incluyan la reforma al Instituto Nacional de Migraci\u00f3n, una mejor gesti\u00f3n de las fronteras norte y sur del pa\u00eds; as\u00ed como la urgente atenci\u00f3n que requiere la investigaci\u00f3n y acciones contra redes de tr\u00e1fico y trata de personas, de las que son v\u00edctimas los migrantes, entre otras.<\/p>\n\n\n\n<p class=\"wp-block-paragraph\">SEM\/sj<\/p>\n\n\n\n<figure class=\"wp-block-gallery has-nested-images columns-default is-cropped wp-block-gallery-1 is-layout-flex wp-block-gallery-is-layout-flex\">\n<figure class=\"wp-block-image size-large\"><a href=\"https:\/\/redsemlac.com\/semmexico\/wp-content\/uploads\/2025\/01\/0332-scaled.jpg\"><img loading=\"lazy\" decoding=\"async\" width=\"1024\" height=\"649\" data-id=\"91945\" src=\"https:\/\/redsemlac.com\/semmexico\/wp-content\/uploads\/2025\/01\/0332-1024x649.jpg\" alt=\"\" class=\"wp-image-91945\" srcset=\"https:\/\/redsemlac.com\/semmexico\/wp-content\/uploads\/2025\/01\/0332-1024x649.jpg 1024w, https:\/\/redsemlac.com\/semmexico\/wp-content\/uploads\/2025\/01\/0332-300x190.jpg 300w, https:\/\/redsemlac.com\/semmexico\/wp-content\/uploads\/2025\/01\/0332-768x487.jpg 768w, https:\/\/redsemlac.com\/semmexico\/wp-content\/uploads\/2025\/01\/0332-1536x974.jpg 1536w, https:\/\/redsemlac.com\/semmexico\/wp-content\/uploads\/2025\/01\/0332-2048x1298.jpg 2048w, https:\/\/redsemlac.com\/semmexico\/wp-content\/uploads\/2025\/01\/0332-150x95.jpg 150w, https:\/\/redsemlac.com\/semmexico\/wp-content\/uploads\/2025\/01\/0332-696x441.jpg 696w, https:\/\/redsemlac.com\/semmexico\/wp-content\/uploads\/2025\/01\/0332-1068x677.jpg 1068w, https:\/\/redsemlac.com\/semmexico\/wp-content\/uploads\/2025\/01\/0332-1920x1217.jpg 1920w\" sizes=\"auto, (max-width: 1024px) 100vw, 1024px\" \/><\/a><\/figure>\n\n\n\n<figure class=\"wp-block-image size-large\"><a href=\"https:\/\/redsemlac.com\/semmexico\/wp-content\/uploads\/2025\/01\/0333-scaled.jpg\"><img loading=\"lazy\" decoding=\"async\" width=\"1024\" height=\"592\" data-id=\"91944\" src=\"https:\/\/redsemlac.com\/semmexico\/wp-content\/uploads\/2025\/01\/0333-1024x592.jpg\" alt=\"\" class=\"wp-image-91944\" srcset=\"https:\/\/redsemlac.com\/semmexico\/wp-content\/uploads\/2025\/01\/0333-1024x592.jpg 1024w, https:\/\/redsemlac.com\/semmexico\/wp-content\/uploads\/2025\/01\/0333-300x173.jpg 300w, https:\/\/redsemlac.com\/semmexico\/wp-content\/uploads\/2025\/01\/0333-768x444.jpg 768w, https:\/\/redsemlac.com\/semmexico\/wp-content\/uploads\/2025\/01\/0333-1536x888.jpg 1536w, https:\/\/redsemlac.com\/semmexico\/wp-content\/uploads\/2025\/01\/0333-2048x1184.jpg 2048w, https:\/\/redsemlac.com\/semmexico\/wp-content\/uploads\/2025\/01\/0333-150x87.jpg 150w, https:\/\/redsemlac.com\/semmexico\/wp-content\/uploads\/2025\/01\/0333-696x402.jpg 696w, https:\/\/redsemlac.com\/semmexico\/wp-content\/uploads\/2025\/01\/0333-1068x617.jpg 1068w, https:\/\/redsemlac.com\/semmexico\/wp-content\/uploads\/2025\/01\/0333-1920x1110.jpg 1920w\" sizes=\"auto, (max-width: 1024px) 100vw, 1024px\" \/><\/a><\/figure>\n<\/figure>\n","protected":false},"excerpt":{"rendered":"<p>Redacci\u00f3n SemM\u00e9xico, Cd. de M\u00e9xico, 20 de enero, 2025.- \u201cEn las pr\u00f3ximas semanas, la Universidad Nacional anunciar\u00e1 m\u00e1s acciones para apoyar, desde M\u00e9xico y a trav\u00e9s de sus sedes en Estados Unidos, a nuestra poblaci\u00f3n migrante en ese pa\u00eds. De esta manera la UNAM ratifica su compromiso con la naci\u00f3n y con la defensa de [&hellip;]<\/p>\n","protected":false},"author":3,"featured_media":91943,"comment_status":"open","ping_status":"open","sticky":false,"template":"","format":"standard","meta":{"_monsterinsights_skip_tracking":false,"footnotes":""},"categories":[682],"tags":[],"class_list":["post-91942","post","type-post","status-publish","format-standard","has-post-thumbnail","category-noticias"],"_links":{"self":[{"href":"https:\/\/redsemlac.com\/semmexico\/wp-json\/wp\/v2\/posts\/91942","targetHints":{"allow":["GET"]}}],"collection":[{"href":"https:\/\/redsemlac.com\/semmexico\/wp-json\/wp\/v2\/posts"}],"about":[{"href":"https:\/\/redsemlac.com\/semmexico\/wp-json\/wp\/v2\/types\/post"}],"author":[{"embeddable":true,"href":"https:\/\/redsemlac.com\/semmexico\/wp-json\/wp\/v2\/users\/3"}],"replies":[{"embeddable":true,"href":"https:\/\/redsemlac.com\/semmexico\/wp-json\/wp\/v2\/comments?post=91942"}],"version-history":[{"count":0,"href":"https:\/\/redsemlac.com\/semmexico\/wp-json\/wp\/v2\/posts\/91942\/revisions"}],"wp:featuredmedia":[{"embeddable":true,"href":"https:\/\/redsemlac.com\/semmexico\/wp-json\/wp\/v2\/media\/91943"}],"wp:attachment":[{"href":"https:\/\/redsemlac.com\/semmexico\/wp-json\/wp\/v2\/media?parent=91942"}],"wp:term":[{"taxonomy":"category","embeddable":true,"href":"https:\/\/redsemlac.com\/semmexico\/wp-json\/wp\/v2\/categories?post=91942"},{"taxonomy":"post_tag","embeddable":true,"href":"https:\/\/redsemlac.com\/semmexico\/wp-json\/wp\/v2\/tags?post=91942"}],"curies":[{"name":"wp","href":"https:\/\/api.w.org\/{rel}","templated":true}]}}