{"id":91937,"date":"2025-01-20T14:47:14","date_gmt":"2025-01-20T20:47:14","guid":{"rendered":"https:\/\/redsemlac.com\/semmexico\/?p=91937"},"modified":"2025-01-20T14:47:15","modified_gmt":"2025-01-20T20:47:15","slug":"reabren-instalaciones-de-cejum-en-la-montana-de-guerrero","status":"publish","type":"post","link":"https:\/\/redsemlac.com\/semmexico\/reabren-instalaciones-de-cejum-en-la-montana-de-guerrero\/","title":{"rendered":"Reabren instalaciones de Cejum en la Monta\u00f1a de Guerrero"},"content":{"rendered":"\n<ul class=\"wp-block-list\">\n<li>Gobierno estatal pago sueldos retrasados correspondientes a 2024<\/li>\n\n\n\n<li>Pendientes los pagos de operaci\u00f3n, pedir\u00e1n ayuda de municipios<\/li>\n<\/ul>\n\n\n\n<p class=\"wp-block-paragraph\">Redacci\u00f3n<\/p>\n\n\n\n<p class=\"wp-block-paragraph\">SemM\u00e9xcico\/Ceprovysa, Tlapa de Comonfort, Gro., 20 de enero, 2025.- Este d\u00eda reinici\u00f3 actividades el Centro de Justicia para las Mujeres de la Regi\u00f3n de la Monta\u00f1a, quienes mantuvieron cerradas las instalaciones desde el pasado 4 de diciembre, por falta de pagos de salarios y adeudo de servicios para la operatividad de la instituci\u00f3n.<\/p>\n\n\n\n<p class=\"wp-block-paragraph\">En un comunicado, las trabajadoras informan que se entabl\u00f3 un di\u00e1logo con las autoridades responsable que gener\u00f3 el pago de salarios, pero no as\u00ed de los gastos de operatividad como vi\u00e1ticos, comisiones, servicios de mantenimiento del inmueble, internet, pipas de agua, gasolina, as\u00ed como gastos de alimentaci\u00f3n y traslado de usar\u00edas del albergue transitorio.<\/p>\n\n\n\n<p class=\"wp-block-paragraph\">Pese a esa condici\u00f3n, las y los trabajadores del Cejum reiniciaron hoy las laboresn \u201csabedores de la importancia que significa para las mujeres y ni\u00f1as de la regi\u00f3n Monta\u00f1a el seguir contando con los servicios que otorga el Centro de Justicia para las Mujeres\u201d, dice su comunicado en el que se\u00f1alan los jefes de operaci\u00f3n: atenci\u00f3n en trabajo social, psicolog\u00eda, jur\u00eddico, traducci\u00f3n, \u00e1rea l\u00fadica y psicolog\u00eda infantil, as\u00ed como prevenci\u00f3n y albergue.<\/p>\n\n\n\n<p class=\"wp-block-paragraph\">El Cejum de la regi\u00f3n de la Monta\u00f1a tiene una cobertura que alcanza a 20 municipios de la zona, lo que equivale aproximadamente al 30 por ciento de los municipios de nuestro estado de Guerrero.<\/p>\n\n\n\n<p class=\"wp-block-paragraph\">Explican que ante la falta del pago en los gastos de operatividad y la falta de respuesta que garantice su retribuci\u00f3n, van a solicitar el apoyo econ\u00f3mico de los ayuntamientos de donde sean originarias las usuarias que requieran del servicio de albergue transitorio para cubrir los gastos de alimentaci\u00f3n y traslado y que son atendidas por enfrentar violencia de machista.<\/p>\n\n\n\n<p class=\"wp-block-paragraph\">Para ello, anuncian una reuni\u00f3n de trabajo, con las instancias de la mujer, regidoras de igualdad de g\u00e9nero, sindicas y s\u00edndicos, presidenta y presidentes municipales de la regi\u00f3n Monta\u00f1a.<\/p>\n\n\n\n<p class=\"wp-block-paragraph\">Hacemos un llamado a las autoridades estatales para que los gastos de operatividad del a\u00f1o 2024 sean remunerados, por consiguiente, se realice un puntual seguimiento del recurso econ\u00f3mico asignado al Centro de Justicia del ejercicio fiscal 2025, para no se repita una situaci\u00f3n similar en la cual se vulneraron derechos laborales y humanos, de las trabajadoras y trabajadores, dejando en estado de anulaci\u00f3n a las usuarias de los servicios que se ofertan.<\/p>\n\n\n\n<p class=\"wp-block-paragraph\">SEM-Ceprovysa\/sj<\/p>\n","protected":false},"excerpt":{"rendered":"<p>Redacci\u00f3n SemM\u00e9xcico\/Ceprovysa, Tlapa de Comonfort, Gro., 20 de enero, 2025.- Este d\u00eda reinici\u00f3 actividades el Centro de Justicia para las Mujeres de la Regi\u00f3n de la Monta\u00f1a, quienes mantuvieron cerradas las instalaciones desde el pasado 4 de diciembre, por falta de pagos de salarios y adeudo de servicios para la operatividad de la instituci\u00f3n. En [&hellip;]<\/p>\n","protected":false},"author":3,"featured_media":91938,"comment_status":"open","ping_status":"open","sticky":false,"template":"","format":"standard","meta":{"_monsterinsights_skip_tracking":false,"footnotes":""},"categories":[48],"tags":[],"class_list":["post-91937","post","type-post","status-publish","format-standard","has-post-thumbnail","category-no-mas-impunidad-no-mas-impunidad"],"_links":{"self":[{"href":"https:\/\/redsemlac.com\/semmexico\/wp-json\/wp\/v2\/posts\/91937","targetHints":{"allow":["GET"]}}],"collection":[{"href":"https:\/\/redsemlac.com\/semmexico\/wp-json\/wp\/v2\/posts"}],"about":[{"href":"https:\/\/redsemlac.com\/semmexico\/wp-json\/wp\/v2\/types\/post"}],"author":[{"embeddable":true,"href":"https:\/\/redsemlac.com\/semmexico\/wp-json\/wp\/v2\/users\/3"}],"replies":[{"embeddable":true,"href":"https:\/\/redsemlac.com\/semmexico\/wp-json\/wp\/v2\/comments?post=91937"}],"version-history":[{"count":0,"href":"https:\/\/redsemlac.com\/semmexico\/wp-json\/wp\/v2\/posts\/91937\/revisions"}],"wp:featuredmedia":[{"embeddable":true,"href":"https:\/\/redsemlac.com\/semmexico\/wp-json\/wp\/v2\/media\/91938"}],"wp:attachment":[{"href":"https:\/\/redsemlac.com\/semmexico\/wp-json\/wp\/v2\/media?parent=91937"}],"wp:term":[{"taxonomy":"category","embeddable":true,"href":"https:\/\/redsemlac.com\/semmexico\/wp-json\/wp\/v2\/categories?post=91937"},{"taxonomy":"post_tag","embeddable":true,"href":"https:\/\/redsemlac.com\/semmexico\/wp-json\/wp\/v2\/tags?post=91937"}],"curies":[{"name":"wp","href":"https:\/\/api.w.org\/{rel}","templated":true}]}}