{"id":91933,"date":"2025-01-20T14:43:58","date_gmt":"2025-01-20T20:43:58","guid":{"rendered":"https:\/\/redsemlac.com\/semmexico\/?p=91933"},"modified":"2025-01-20T14:44:27","modified_gmt":"2025-01-20T20:44:27","slug":"no-estamos-superados-por-el-mal-ni-la-violencia-obispos-de-acapulco","status":"publish","type":"post","link":"https:\/\/redsemlac.com\/semmexico\/no-estamos-superados-por-el-mal-ni-la-violencia-obispos-de-acapulco\/","title":{"rendered":"No estamos superados por el mal ni la violencia: Obispos de Acapulco"},"content":{"rendered":"\n<ul class=\"wp-block-list\">\n<li>Centran sus esfuerzos en una sana relaci\u00f3n con la tierra, con las personas m\u00e1s pobres y quienes est\u00e1n en desgracia<\/li>\n\n\n\n<li>Urgente tarea de la construcci\u00f3n de la paz<\/li>\n<\/ul>\n\n\n\n<p class=\"wp-block-paragraph\">Redacci\u00f3n<\/p>\n\n\n\n<p class=\"wp-block-paragraph\">SemM\u00e9xico\/Ceprovysa, Acapulco, Gro., 20 de enero, 2025.- Todos somos convocados a ser peregrinos de la esperanza en los contextos donde vivimos, poniendo \u201catenci\u00f3n a todo lo bueno que hay en el mundo para no caer en la tentaci\u00f3n de considerarnos superados por el mal y la violencia\u201d y plantean una urgente construcci\u00f3n de la paz, se\u00f1alan los Obispos de la Provincia Eclesi\u00e1stica de Acapulco.<\/p>\n\n\n\n<p class=\"wp-block-paragraph\">En un mensaje emitido tras concluir el XXXIV Encuentro Provincial de Pastoral cuyo objetivo fue \u00abdise\u00f1ar estrategias para hacer realidad el eje transversal de \u201cla construcci\u00f3n del Reino en la justicia y la paz\u201d, asumiendo las propuestas pastorales del Papa y de nuestros Obispos, para promover el di\u00e1logo fraterno, la justicia y la reconciliaci\u00f3n en nuestras di\u00f3cesis.<\/p>\n\n\n\n<p class=\"wp-block-paragraph\">El texto se\u00f1ala que en octubre del a\u00f1o pasado se concluy\u00f3 la segunda etapa del S\u00ednodo de los Obispos con el tema \u201cPor una Iglesia Sinodal: comuni\u00f3n, participaci\u00f3n y misi\u00f3n\u201d. La s\u00edntesis final nos ha insistido en la conversi\u00f3n relacional para que podamos vivir relaciones sanas, recuperar la confianza mutua y el perd\u00f3n, crear as\u00ed comunidades acogedoras, en orden a tener una paz aut\u00e9ntica y duradera.<\/p>\n\n\n\n<p class=\"wp-block-paragraph\">Este acontecimiento provincial est\u00e1 enmarcado en el a\u00f1o jubilar con motivo del 2025 aniversario de la encarnaci\u00f3n de nuestro Se\u00f1or Jesucristo, el cual ha sido inaugurado por el Papa Francisco el pasado 24 de diciembre en Roma y el 29 del mismo mes en todas las Iglesias Particulares.<\/p>\n\n\n\n<p class=\"wp-block-paragraph\">El a\u00f1o jubilar es una oportunidad para que quienes formamos parte de esta Provincia Eclesi\u00e1stica nos esforcemos en restaurar una sana relaci\u00f3n con la tierra, los bienes, el pr\u00f3jimo, sobre todo con los m\u00e1s pobres y quienes est\u00e1n en desgracia y recuperar lo que hemos perdido: tierras, bienes, paz, libertad, confianza mutua, la armon\u00eda, las amistades. En este contexto jubilar invitamos a las autoridades correspondientes a revisar los casos de personas privadas indebidamente de la libertad y se d\u00e9 una pronta resoluci\u00f3n.<\/p>\n\n\n\n<p class=\"wp-block-paragraph\">En la urgente tarea de la construcci\u00f3n de la paz todos hemos de sentirnos corresponsables. Convocamos a las familias a ser escuelas de formaci\u00f3n en los valores y de respeto a la dignidad humana, de fraternidad, de socializaci\u00f3n y de educaci\u00f3n de la recta conciencia.<\/p>\n\n\n\n<p class=\"wp-block-paragraph\">Sigamos siendo solidarios y generosos para ayudar a las v\u00edctimas de la violencia y de los fen\u00f3menos naturales. Invitamos a todos a manifestar nuestra cercan\u00eda y nuestra ayuda espiritual y material con los habitantes del estado de California, a trav\u00e9s de las instituciones de la Iglesia Cat\u00f3lica.<\/p>\n\n\n\n<p class=\"wp-block-paragraph\">Finalmente, invitamos todos a aprovechar este a\u00f1o jubilar para lograr la reconciliaci\u00f3n, la conversi\u00f3n y la comuni\u00f3n plena en nuestras familias y en nuestras comunidades. El Se\u00f1or nos ofrece su gracia para que caminemos en esperanza y la compartamos con quienes m\u00e1s la necesitan.<\/p>\n\n\n\n<p class=\"wp-block-paragraph\">SEM-Ceprovysa<\/p>\n\n\n\n<figure class=\"wp-block-image size-full\"><a href=\"https:\/\/redsemlac.com\/semmexico\/wp-content\/uploads\/2025\/01\/obispos-2.png\"><img loading=\"lazy\" decoding=\"async\" width=\"394\" height=\"529\" src=\"https:\/\/redsemlac.com\/semmexico\/wp-content\/uploads\/2025\/01\/obispos-2.png\" alt=\"\" class=\"wp-image-91935\" srcset=\"https:\/\/redsemlac.com\/semmexico\/wp-content\/uploads\/2025\/01\/obispos-2.png 394w, https:\/\/redsemlac.com\/semmexico\/wp-content\/uploads\/2025\/01\/obispos-2-223x300.png 223w, https:\/\/redsemlac.com\/semmexico\/wp-content\/uploads\/2025\/01\/obispos-2-150x201.png 150w, https:\/\/redsemlac.com\/semmexico\/wp-content\/uploads\/2025\/01\/obispos-2-300x403.png 300w\" sizes=\"auto, (max-width: 394px) 100vw, 394px\" \/><\/a><\/figure>\n","protected":false},"excerpt":{"rendered":"<p>Redacci\u00f3n SemM\u00e9xico\/Ceprovysa, Acapulco, Gro., 20 de enero, 2025.- Todos somos convocados a ser peregrinos de la esperanza en los contextos donde vivimos, poniendo \u201catenci\u00f3n a todo lo bueno que hay en el mundo para no caer en la tentaci\u00f3n de considerarnos superados por el mal y la violencia\u201d y plantean una urgente construcci\u00f3n de la [&hellip;]<\/p>\n","protected":false},"author":3,"featured_media":91934,"comment_status":"open","ping_status":"open","sticky":false,"template":"","format":"standard","meta":{"_monsterinsights_skip_tracking":false,"footnotes":""},"categories":[700],"tags":[],"class_list":["post-91933","post","type-post","status-publish","format-standard","has-post-thumbnail","category-estados"],"_links":{"self":[{"href":"https:\/\/redsemlac.com\/semmexico\/wp-json\/wp\/v2\/posts\/91933","targetHints":{"allow":["GET"]}}],"collection":[{"href":"https:\/\/redsemlac.com\/semmexico\/wp-json\/wp\/v2\/posts"}],"about":[{"href":"https:\/\/redsemlac.com\/semmexico\/wp-json\/wp\/v2\/types\/post"}],"author":[{"embeddable":true,"href":"https:\/\/redsemlac.com\/semmexico\/wp-json\/wp\/v2\/users\/3"}],"replies":[{"embeddable":true,"href":"https:\/\/redsemlac.com\/semmexico\/wp-json\/wp\/v2\/comments?post=91933"}],"version-history":[{"count":0,"href":"https:\/\/redsemlac.com\/semmexico\/wp-json\/wp\/v2\/posts\/91933\/revisions"}],"wp:featuredmedia":[{"embeddable":true,"href":"https:\/\/redsemlac.com\/semmexico\/wp-json\/wp\/v2\/media\/91934"}],"wp:attachment":[{"href":"https:\/\/redsemlac.com\/semmexico\/wp-json\/wp\/v2\/media?parent=91933"}],"wp:term":[{"taxonomy":"category","embeddable":true,"href":"https:\/\/redsemlac.com\/semmexico\/wp-json\/wp\/v2\/categories?post=91933"},{"taxonomy":"post_tag","embeddable":true,"href":"https:\/\/redsemlac.com\/semmexico\/wp-json\/wp\/v2\/tags?post=91933"}],"curies":[{"name":"wp","href":"https:\/\/api.w.org\/{rel}","templated":true}]}}