{"id":91931,"date":"2025-01-20T14:33:22","date_gmt":"2025-01-20T20:33:22","guid":{"rendered":"https:\/\/redsemlac.com\/semmexico\/?p=91931"},"modified":"2025-01-20T14:33:23","modified_gmt":"2025-01-20T20:33:23","slug":"violeta-del-anahuac-la-presidenta-en-guerrero","status":"publish","type":"post","link":"https:\/\/redsemlac.com\/semmexico\/violeta-del-anahuac-la-presidenta-en-guerrero\/","title":{"rendered":"Violeta del An\u00e1huac| La presidenta en Guerrero"},"content":{"rendered":"\n<p class=\"wp-block-paragraph\">Isabel Ortega Morales<\/p>\n\n\n\n<p class=\"wp-block-paragraph\">SemM\u00e9xico, Cd. de M\u00e9xico, 20 de enero, 2024.- Cuando lleg\u00f3 al CRIT-Telet\u00f3n de la Monta\u00f1a, ubicado en Tlapa de Comonfort, Claudia Sheinbaum Pardo, presidenta Constitucional de M\u00e9xico, ya estaba demacrada, con la trenza despeinada, parec\u00eda de m\u00e1s edad de la que biol\u00f3gicamente tiene. Hab\u00edan pasado m\u00e1s de cinco horas de la agenda que indicaba.<\/p>\n\n\n\n<p class=\"wp-block-paragraph\">Disculparse con las madres y padres de las y los ni\u00f1os con discapacidad que la esperaban desde las 9 de la ma\u00f1ana, fue bueno. Ni\u00f1as y ni\u00f1os que, a pesar de que en el lapso recibieron fruta, jugo, bollos, participaron en din\u00e1micas, la ansiedad les lleg\u00f3, as\u00ed como a sus mam\u00e1s y pap\u00e1s.<\/p>\n\n\n\n<p class=\"wp-block-paragraph\">Es que la presidenta Claudia Sheinbaum sali\u00f3 de San Luis Acatl\u00e1n rumbo a Tlapa por la carretera que la SICT anuncia ampliar\u00e1 y que es el eje Marquelia \u2013 Tlapa \u2013 Cuautla, obra que se pretende concluir en octubre de este a\u00f1o, y en el trayecto, pobladores colocaron en al menos cuatro puntos troncos y piedras para obligar a la comitiva a detener su paso, saludar a la Presidenta y entregarle pliegos petitorios.<\/p>\n\n\n\n<p class=\"wp-block-paragraph\">La presencia de secretarias del Gabinete Presidencial provocaba la pregunta, \u00bfpor qu\u00e9 no lograron hacer fluido el paso de Sheinbaum Pardo y atend\u00edan directamente a las y los pobladores? \u00bfacaso no les creen? O era solo conocer y saludar a la presidenta.<\/p>\n\n\n\n<p class=\"wp-block-paragraph\">Pero Shienbaum Pardo dej\u00f3 al menos tres temas para la reflexi\u00f3n: la iniciativa privada con inversi\u00f3n en la industria sin chimeneas; la apertura de estancias infantiles; llevar el tema de la sucesi\u00f3n sin influencia de l\u00ednea consangu\u00ednea hasta el 2030.<\/p>\n\n\n\n<p class=\"wp-block-paragraph\">En el primero, junto con la gobernadora Evelyn Salgado Pineda, logran hacer que inversionistas de la estatura econ\u00f3mica de Carlos Slim le apuesten a recuperar Acapulco. En el segundo, muestra que su gur\u00fa, Andr\u00e9s Manuel L\u00f3pez Obrador, estaba equivocado al cerrarlas y, aun cuando no est\u00e1 tan claro c\u00f3mo ser\u00e1 el nuevo esquema, las madres y padres de familia lo agradecen; en el tercero, coloca en la l\u00ednea de sucesi\u00f3n a la gubernatura de Guerrero al Senador F\u00e9lix Salgado Macedonio y con ello, en otros niveles de representaci\u00f3n popular, se vuelven a colocar familiares a la cabeza de los cambios de mando.<\/p>\n\n\n\n<p class=\"wp-block-paragraph\">Pero otros temas, como el campo, las y los productores en San Luis Acatl\u00e1n no les qued\u00f3 claro si sembrando vida, la beca que reciben suplir\u00e1 la ausencia de cosechas y si el campo es importante en el gobierno de una mujer y con ello la alimentaci\u00f3n; en el tema de discapacidad, no se sabe si las becas a ni\u00f1as y ni\u00f1os suplir\u00e1 el fortalecimiento al esquema de los CRIT que ha dado con sensibilidad atenci\u00f3n y si el sistema m\u00e9dico, con el hospital en Tlapa, por ejemplo, da garant\u00eda a la poblaci\u00f3n\u2026<\/p>\n\n\n\n<p class=\"wp-block-paragraph\">O si todo es un asunto sin planeaci\u00f3n, solo salir al paso entregando tarjetas bienestar para mantener a una poblaci\u00f3n dependiendo de esa entrega, pero con una sociedad sin desarrollo.<\/p>\n\n\n\n<p class=\"wp-block-paragraph\">\u201cVamos a seguir trabajando\u201d me dijo la presidenta al preguntarle por Guerrero. S\u00ed, claro, lo deja en su s\u00e9ptima visita a esta entidad, en estar aqu\u00ed tres d\u00edas y en visitar cinco municipios. Pero temas como Migraci\u00f3n quedan volando en una entidad donde la migraci\u00f3n hacia los estados unidos es a\u00fan la verdadera opci\u00f3n de progreso para una regi\u00f3n que debe su desarrollo al trabajo de sus mujeres y varones en el vecino pa\u00eds del norte y que tienen incertidumbre porque, a decir de sus familiares Trump aplicar\u00e1 medidas en zonas Dem\u00f3cratas y temen que ciudades santuario dejen de serlo.<\/p>\n\n\n\n<p class=\"wp-block-paragraph\">Las intervenciones, dicen asistentes, parec\u00edan de una ma\u00f1anera de pueblo como las llama ahora ella, a las palabras diarias que no est\u00e1n transformando la realidad. Pero dejaba como un vac\u00edo, como que a\u00fan le falta asumir la investidura presidencial y que esa investidura tenga fuerza.<\/p>\n\n\n\n<p class=\"wp-block-paragraph\">Incluso el que, mientras la presidenta estaba en el CRIT se retirara del lugar el Diputado Federal del Distrito 5, Gerardo Olivares Mej\u00eda, y el alcalde de Cochoapa, Javier G\u00e1lvez Garc\u00eda, ambos del PT, estando ah\u00ed la presidenta, es un acto de \u00bfno respeto? \u00bfCu\u00e1ndo no est\u00e1 escrito, pero se asume, que no se siga comiendo si la reina o el rey han terminado y se termine el banquete al ponerse de pie, o en una fiesta del jefe nadie deje el lugar si \u00e9l contin\u00faa en ese espacio, porqu\u00e9 aqu\u00ed s\u00ed? \u00bfO porqu\u00e9 a ella s\u00ed? \u00bfPor ser mujer?<\/p>\n","protected":false},"excerpt":{"rendered":"<p>Isabel Ortega Morales SemM\u00e9xico, Cd. de M\u00e9xico, 20 de enero, 2024.- Cuando lleg\u00f3 al CRIT-Telet\u00f3n de la Monta\u00f1a, ubicado en Tlapa de Comonfort, Claudia Sheinbaum Pardo, presidenta Constitucional de M\u00e9xico, ya estaba demacrada, con la trenza despeinada, parec\u00eda de m\u00e1s edad de la que biol\u00f3gicamente tiene. Hab\u00edan pasado m\u00e1s de cinco horas de la agenda [&hellip;]<\/p>\n","protected":false},"author":3,"featured_media":38576,"comment_status":"open","ping_status":"open","sticky":false,"template":"","format":"standard","meta":{"_monsterinsights_skip_tracking":false,"footnotes":""},"categories":[198,35,197],"tags":[],"class_list":["post-91931","post","type-post","status-publish","format-standard","has-post-thumbnail","category-isabel-ortega-morales","category-opinion","category-violeta-del-anahuac"],"_links":{"self":[{"href":"https:\/\/redsemlac.com\/semmexico\/wp-json\/wp\/v2\/posts\/91931","targetHints":{"allow":["GET"]}}],"collection":[{"href":"https:\/\/redsemlac.com\/semmexico\/wp-json\/wp\/v2\/posts"}],"about":[{"href":"https:\/\/redsemlac.com\/semmexico\/wp-json\/wp\/v2\/types\/post"}],"author":[{"embeddable":true,"href":"https:\/\/redsemlac.com\/semmexico\/wp-json\/wp\/v2\/users\/3"}],"replies":[{"embeddable":true,"href":"https:\/\/redsemlac.com\/semmexico\/wp-json\/wp\/v2\/comments?post=91931"}],"version-history":[{"count":0,"href":"https:\/\/redsemlac.com\/semmexico\/wp-json\/wp\/v2\/posts\/91931\/revisions"}],"wp:featuredmedia":[{"embeddable":true,"href":"https:\/\/redsemlac.com\/semmexico\/wp-json\/wp\/v2\/media\/38576"}],"wp:attachment":[{"href":"https:\/\/redsemlac.com\/semmexico\/wp-json\/wp\/v2\/media?parent=91931"}],"wp:term":[{"taxonomy":"category","embeddable":true,"href":"https:\/\/redsemlac.com\/semmexico\/wp-json\/wp\/v2\/categories?post=91931"},{"taxonomy":"post_tag","embeddable":true,"href":"https:\/\/redsemlac.com\/semmexico\/wp-json\/wp\/v2\/tags?post=91931"}],"curies":[{"name":"wp","href":"https:\/\/api.w.org\/{rel}","templated":true}]}}