{"id":91923,"date":"2025-01-20T14:10:15","date_gmt":"2025-01-20T20:10:15","guid":{"rendered":"https:\/\/redsemlac.com\/semmexico\/?p=91923"},"modified":"2025-01-20T14:10:16","modified_gmt":"2025-01-20T20:10:16","slug":"sheinbaum-pardo-abre-camino-a-felix-salgado-macedonio-al-informar-que-la-reforma-contra-el-nepotismo-sera-hasta-el-2030","status":"publish","type":"post","link":"https:\/\/redsemlac.com\/semmexico\/sheinbaum-pardo-abre-camino-a-felix-salgado-macedonio-al-informar-que-la-reforma-contra-el-nepotismo-sera-hasta-el-2030\/","title":{"rendered":"Sheinbaum Pardo abre camino a F\u00e9lix Salgado Macedonio al informar que la reforma contra el nepotismo ser\u00e1 hasta el 2030"},"content":{"rendered":"\n<p class=\"wp-block-paragraph\"><a href=\"https:\/\/ceprovysa.com\/?p=99310\"><\/a>Sara Lovera\/ con informaci\u00f3n de Ceprovysa<\/p>\n\n\n\n<p class=\"wp-block-paragraph\">SemM\u00e9xico,&nbsp; Cd. de M\u00e9xico, 20 de enero, &nbsp;2025 . \u2013 \u00abLa decisi\u00f3n de la posible candidatura del senador, F\u00e9lix Salgado Macedonio, para gobernador de Guerrero en 2027 le corresponde a Morena\u00bb, expres\u00f3 la&nbsp; &nbsp;ma\u00f1ana del 17 de enero, la presidenta de la Rep\u00fablica, Claudia Sheinbaum Pardo, quien precis\u00f3 que la Reforma Electoral, que en una primera etapa abordar\u00e1 el tema del nepotismo, tendr\u00e1 efecto a partir de 2030.<\/p>\n\n\n\n<p class=\"wp-block-paragraph\">\u201cEso ya lo decidir\u00e1n despu\u00e9s, el propio partido pol\u00edtico, pero nuestra propuesta es que sea a partir del 2030\u201d, remarc\u00f3, al ser cuestionada al respecto el viernes pasado &nbsp;durante La Ma\u00f1anera del Pueblo, efectuada en Acapulco.<\/p>\n\n\n\n<figure class=\"wp-block-embed is-type-wp-embed is-provider-semm-xico wp-block-embed-semm-xico\"><div class=\"wp-block-embed__wrapper\">\n<blockquote class=\"wp-embedded-content\" data-secret=\"8k2180Kxtu\"><a href=\"https:\/\/redsemlac.com\/semmexico\/morena-amenaza-de-muerte-a-basilia-castaneda-maciel-por-haber-denunciado-a-felix-salgado-macedonio\/\">Morena amenaza de muerte a Basilia Casta\u00f1eda Maciel, por haber denunciado a F\u00e9lix Salgado Macedonio<\/a><\/blockquote><iframe loading=\"lazy\" class=\"wp-embedded-content\" sandbox=\"allow-scripts\" security=\"restricted\" style=\"position: absolute; visibility: hidden;\" title=\"\u00abMorena amenaza de muerte a Basilia Casta\u00f1eda Maciel, por haber denunciado a F\u00e9lix Salgado Macedonio\u00bb \u2014 SemM\u00e9xico\" src=\"https:\/\/redsemlac.com\/semmexico\/morena-amenaza-de-muerte-a-basilia-castaneda-maciel-por-haber-denunciado-a-felix-salgado-macedonio\/embed\/#?secret=rbm0LbiT8u#?secret=8k2180Kxtu\" data-secret=\"8k2180Kxtu\" width=\"600\" height=\"338\" frameborder=\"0\" marginwidth=\"0\" marginheight=\"0\" scrolling=\"no\"><\/iframe>\n<\/div><\/figure>\n\n\n\n<p class=\"wp-block-paragraph\"><br>De manera reciente, Salgado Macedonio declar\u00f3 que \u00e9l est\u00e1 a favor de la Reforma \u00abas\u00ed aplicara para ma\u00f1ana\u00bb, porque nunca estar\u00e1 contra Claudia Sheinbaum Pardo, y puntualiz\u00f3 que no est\u00e1 impedido ni legal ni jur\u00eddicamente para ser candidato, aunque no haya dicho si va o no va.<\/p>\n\n\n\n<p class=\"wp-block-paragraph\"><br>Sheinbaum fue cuestionada sobre la posibilidad de que el senador F\u00e9lix Salgado Macedonio sea el candidato de Morena para la gubernatura de Guerrero en las pr\u00f3ximas elecciones.<br>En respuesta, se\u00f1al\u00f3 que dicha decisi\u00f3n ser\u00e1 tomada en su momento por el partido, dejando abierta la puerta para la postulaci\u00f3n del pol\u00edtico guerrerense.<\/p>\n\n\n\n<p class=\"wp-block-paragraph\">El caso es que se olvida que Salgado Macedonio tiene acusaciones de violencia contra las mujeres, y una sostenida y conocida por violaci\u00f3n sexual, que en su tiempo se ocult\u00f3 en el gobierno de Guerrero.<\/p>\n\n\n\n<figure class=\"wp-block-embed is-type-wp-embed is-provider-semm-xico wp-block-embed-semm-xico\"><div class=\"wp-block-embed__wrapper\">\n<blockquote class=\"wp-embedded-content\" data-secret=\"ZByUGcRVNe\"><a href=\"https:\/\/redsemlac.com\/semmexico\/castigo-a-un-marido-golpeador-perteneciente-a-la-guardia-nacional-festina-amlo-en-contraste-lo-llaman-cinico-las-feministas-cuando-defiende-a-felix-salgado-macedonio-acusado-de\/\">Castigo a un marido golpeador  perteneciente a la Guardia Nacional, festina AMLO, en contraste lo llaman  \u201cc\u00ednico\u201d  las feministas cuando defiende a F\u00e9lix Salgado Macedonio acusado de violaci\u00f3n<\/a><\/blockquote><iframe loading=\"lazy\" class=\"wp-embedded-content\" sandbox=\"allow-scripts\" security=\"restricted\" style=\"position: absolute; visibility: hidden;\" title=\"\u00abCastigo a un marido golpeador  perteneciente a la Guardia Nacional, festina AMLO, en contraste lo llaman  \u201cc\u00ednico\u201d  las feministas cuando defiende a F\u00e9lix Salgado Macedonio acusado de violaci\u00f3n\u00bb \u2014 SemM\u00e9xico\" src=\"https:\/\/redsemlac.com\/semmexico\/castigo-a-un-marido-golpeador-perteneciente-a-la-guardia-nacional-festina-amlo-en-contraste-lo-llaman-cinico-las-feministas-cuando-defiende-a-felix-salgado-macedonio-acusado-de\/embed\/#?secret=EjLNoMqulf#?secret=ZByUGcRVNe\" data-secret=\"ZByUGcRVNe\" width=\"600\" height=\"338\" frameborder=\"0\" marginwidth=\"0\" marginheight=\"0\" scrolling=\"no\"><\/iframe>\n<\/div><\/figure>\n\n\n\n<p class=\"wp-block-paragraph\"><br>\u201cEs un tema que decidir\u00e1 Morena dado el momento. Por ahora, la Reforma Constitucional que incluye medidas contra el nepotismo y la reelecci\u00f3n est\u00e1 proyectada para el 2030\u201d, puntualiz\u00f3 la mandataria federal.<br><br><\/p>\n\n\n\n<p class=\"wp-block-paragraph\">El anuncio ha generado diversas reacciones en el \u00e1mbito pol\u00edtico, especialmente en Guerrero, donde Salgado Macedonio mantiene una fuerte presencia y apoyo entre la militancia morenista. Sin embargo, tambi\u00e9n reaviva el debate sobre la postergaci\u00f3n de reformas clave en materia de transparencia y democracia interna.<\/p>\n\n\n\n<p class=\"wp-block-paragraph\"><br>Con esta declaraci\u00f3n, Sheinbaum deja claro que el panorama pol\u00edtico en Guerrero depender\u00e1 del partido y las decisiones que tome en los pr\u00f3ximos a\u00f1os, manteniendo abiertas las posibilidades para sus principales figuras pol\u00edticas.&nbsp; Refiri\u00e9ndose indirectamente a \u00e9l, que gener\u00f3 en 2021 una repulsa internacional, entonces no pudo ser candidato porque el INE lo vet\u00f3, tras haberse excedido en gastos de precampa\u00f1a, una soluci\u00f3n que impidi\u00f3 que este violentador llegar\u00e1. Dej\u00f3 en el cargo a su hija, pero hoy podr\u00eda serlo, puesto que Morena&nbsp; lo encubri\u00f3 entonces y ahora parece que&nbsp; lo encubrir\u00e1 otra vez.<\/p>\n\n\n\n<figure class=\"wp-block-embed is-type-wp-embed is-provider-semm-xico wp-block-embed-semm-xico\"><div class=\"wp-block-embed__wrapper\">\n<blockquote class=\"wp-embedded-content\" data-secret=\"IVJDC3RkeE\"><a href=\"https:\/\/redsemlac.com\/semmexico\/democracia-transparencia-y-derechos-humanos-la-4t-y-felix-salgado-macedonio\/\">Democracia, transparencia y derechos humanos: La 4T y F\u00e9lix Salgado Macedonio<\/a><\/blockquote><iframe loading=\"lazy\" class=\"wp-embedded-content\" sandbox=\"allow-scripts\" security=\"restricted\" style=\"position: absolute; visibility: hidden;\" title=\"\u00abDemocracia, transparencia y derechos humanos: La 4T y F\u00e9lix Salgado Macedonio\u00bb \u2014 SemM\u00e9xico\" src=\"https:\/\/redsemlac.com\/semmexico\/democracia-transparencia-y-derechos-humanos-la-4t-y-felix-salgado-macedonio\/embed\/#?secret=aExiuB78sF#?secret=IVJDC3RkeE\" data-secret=\"IVJDC3RkeE\" width=\"600\" height=\"338\" frameborder=\"0\" marginwidth=\"0\" marginheight=\"0\" scrolling=\"no\"><\/iframe>\n<\/div><\/figure>\n\n\n\n<p class=\"wp-block-paragraph\"><strong>Quien es F\u00e9lix Salgado Macedonio<\/strong><\/p>\n\n\n\n<p class=\"wp-block-paragraph\">La pretensi\u00f3n de obtener una candidatura al gobierno de Guerrero para 2027, de F\u00e9lix Salgado Macedonio, fue frustrada en 2021, y desde hace 4 a\u00f1os el mundo sabe qui\u00e9n es \u00e9l.<\/p>\n\n\n\n<p class=\"wp-block-paragraph\">Hay claros &nbsp;lineamientos para que los partidos pol\u00edticos prevengan, atiendan, sancionen, reparen y erradiquen la violencia pol\u00edtica contra las mujeres, sostenido por la ley 3 de 3 contra la violencia, establecida en la Constituci\u00f3n.<\/p>\n\n\n\n<p class=\"wp-block-paragraph\">No est\u00e1 a discusi\u00f3n, ni legal ni pol\u00edticamente. No deber\u00eda ser avalado cuando cuenta con cinco denuncias por violencia sexual , denuncias de r cinco mujeres, una por &nbsp;violaci\u00f3n, que no fueron suficientes para que la carrera pol\u00edtica de Salgado Macedonio, quien acaba de dejar el Senado.<\/p>\n\n\n\n<p class=\"wp-block-paragraph\">Hay un &nbsp;fondo \u00e9tico y pol\u00edtico al que el partido oficial Morena, dej\u00f3 pasar. Ese &nbsp;partido en el poder&nbsp; lo postul\u00f3, lo defendi\u00f3 hasta la ignominia, sometiendo a las mujeres militantes que hab\u00edan expresado su molestia por la candidatura. Y el expresidente Andr\u00e9s Manuel L\u00f3pez Obrador, en su defensa permanente de un candidato impresentable,&nbsp; en 2021 &nbsp;lo blind\u00f3 y arredr\u00f3 a sus cr\u00edticas y cr\u00edticos.<\/p>\n\n\n\n<figure class=\"wp-block-embed is-type-wp-embed is-provider-semm-xico wp-block-embed-semm-xico\"><div class=\"wp-block-embed__wrapper\">\n<blockquote class=\"wp-embedded-content\" data-secret=\"FXfxSyhKR3\"><a href=\"https:\/\/redsemlac.com\/semmexico\/senadora-veronica-camino-farjat-averguenza-a-las-mujeres-al-defender-a-felix-salgado-macedonio-frente-por-los-dh-de-las-mujeres-en-yucatan\/\">Senadora Ver\u00f3nica Camino Farjat, averg\u00fcenza a las mujeres al defender a F\u00e9lix Salgado Macedonio: Frente por los DH de las Mujeres en Yucat\u00e1n<\/a><\/blockquote><iframe loading=\"lazy\" class=\"wp-embedded-content\" sandbox=\"allow-scripts\" security=\"restricted\" style=\"position: absolute; visibility: hidden;\" title=\"\u00abSenadora Ver\u00f3nica Camino Farjat, averg\u00fcenza a las mujeres al defender a F\u00e9lix Salgado Macedonio: Frente por los DH de las Mujeres en Yucat\u00e1n\u00bb \u2014 SemM\u00e9xico\" src=\"https:\/\/redsemlac.com\/semmexico\/senadora-veronica-camino-farjat-averguenza-a-las-mujeres-al-defender-a-felix-salgado-macedonio-frente-por-los-dh-de-las-mujeres-en-yucatan\/embed\/#?secret=sUMCcDtXNF#?secret=FXfxSyhKR3\" data-secret=\"FXfxSyhKR3\" width=\"600\" height=\"338\" frameborder=\"0\" marginwidth=\"0\" marginheight=\"0\" scrolling=\"no\"><\/iframe>\n<\/div><\/figure>\n\n\n\n<p class=\"wp-block-paragraph\">Salgado Macedonio es un producto terminado de un sistema pol\u00edtico deleznable y hediondo, que no ha sido erradicado y que est\u00e1 alcanzando niveles no vistos antes, impregnados de cinismo y burla a la sociedad, detalla el columnista Raymundo Riva Palacio, en Estrictamente Personal del 28 de marzo de 2021. Entonces surgi\u00f3 una campa\u00f1a internacional llamada Pacto Patriarcal, denunci\u00e1ndolo y hubo una serie de documentos que mostraron sus fechor\u00edas. Ahora tampoco podr\u00eda ser candidato.<\/p>\n\n\n\n<p class=\"wp-block-paragraph\">Esas fechor\u00edas se socializaron, de \u201csus abusos contra mujeres\u201d. Lo grave es que ese a\u00f1o, como SemM\u00e9xico lo documento. Se conoci\u00f3 todo, &nbsp;sus antecedentes y sus excesos.<\/p>\n\n\n\n<p class=\"wp-block-paragraph\">La historia&nbsp; est\u00e1 ampliamente publicada. No podr\u00e1 ignorarlo hoy, ni Morena ni la presidenta&nbsp; Claudia Sheinbaum Pardo, quien en 2021 se aline\u00f3 a la defensa que hizo de \u00e9l L\u00f3pez Obrador. No olvidarlo. Adem\u00e1s de la sospecha de sus inaplicaciones con el negocio de la droga.<\/p>\n\n\n\n<p class=\"wp-block-paragraph\">Riva Palacio se\u00f1al\u00f3: &nbsp;Vale la pena hoy, en este contexto, recordar un texto que se public\u00f3 en este espacio el 5 de febrero de 2007, cuando era edil de Acapulco, \u2018El alcalde costales\u2019, como registro ante el error colectivo que se est\u00e1 construyendo con la unci\u00f3n de este candidato. La columna se\u00f1alaba:<\/p>\n\n\n\n<p class=\"wp-block-paragraph\">\u201cF\u00e9lix Salgado Macedonio se encuentra bajo el fuego de dos c\u00e1rteles de la droga que piensan que los traicion\u00f3\u2026 Es alcalde de Acapulco, controvertido no s\u00f3lo por sus acciones, sino por las sombras que sobre \u00e9l ha tendido el crimen organizado. (En 2006) promedi\u00f3 20 amenazas de muerte por d\u00eda, algunas p\u00fablicas, como llamadas telef\u00f3nicas a programas de radio en los que lo entrevistaban, o a su casa y oficinas\u2026\u201d.<\/p>\n\n\n\n<p class=\"wp-block-paragraph\">\u201cSu caso es un microcosmos de lo que est\u00e1 sucediendo en el pa\u00eds, donde los jefes del narcotr\u00e1fico se han (ido) apoderando de decenas de municipios donde negocian con los alcaldes que les entreguen el control de las polic\u00edas. Para los narcotraficantes, esa opci\u00f3n es m\u00e1s barata y segura para sus fines de seguridad en las rutas de distribuci\u00f3n de drogas y protecci\u00f3n\u2026 \u00bfQu\u00e9 tanto se meti\u00f3 el alcalde de Acapulco con los c\u00e1rteles de la droga?\u2026\u201d.<\/p>\n\n\n\n<p class=\"wp-block-paragraph\">\u201cNo hay acusaciones contra \u00e9l a nivel federal, ni averiguaci\u00f3n previa en marcha. S\u00ed se tienen indicios en el gobierno federal de que hubo dinero del narco en la campa\u00f1a de Salgado Macedonio, pero no de uno, sino de los dos c\u00e1rteles que se disputan la plaza de Acapulco, el de Sinaloa y el del Golfo, que encabezan los hermanos Beltr\u00e1n Leyva y su socio Joaqu\u00edn El Chapo Guzm\u00e1n, y el recientemente extraditado a Estados Unidos, Osiel C\u00e1rdenas\u201d.<\/p>\n\n\n\n<p class=\"wp-block-paragraph\">El problema en Acapulco se socializ\u00f3 de manera sonora en enero de 2005, cuando en la zona conocida como La Garita, cuatro narcotraficantes vinculados al C\u00e1rtel de Sinaloa, incluido un lugarteniente del Chapo Guzm\u00e1n, fueron ejecutados por polic\u00edas de la Secretar\u00eda de Protecci\u00f3n y Vialidad de Salgado Macedonio, al mando directo de su titular Genaro Garc\u00eda Jaimes, quien tras ser descubierto en los videos que mostraban el ataque, renunci\u00f3 \u201cpor motivos de salud\u201d. El polic\u00eda que le dio el tiro de gracia al brazo derecho de Guzm\u00e1n no vivi\u00f3 mucho para contarlo, y su cabeza apareci\u00f3 colgada de la reja de un inmueble del gobierno local.<\/p>\n\n\n\n<p class=\"wp-block-paragraph\">Las ejecuciones se incrementaron, hasta que, tras el env\u00edo de fuerzas federales a Acapulco, comenzaron a bajar los asesinatos. Pero los problemas no cesaron para Salgado Macedonio, que se mov\u00eda con una escolta de 14 personas, y hab\u00eda bajado 20 kilos de peso por el miedo. \u201cNo se puede meter uno con los c\u00e1rteles de la droga sin esperar consecuencias\u201d, dijo en aquel tiempo un funcionario federal refiri\u00e9ndose a Salgado Macedonio sin se\u00f1alarlo abiertamente. \u201cNo se puede pretender ser el rey de la mafia\u201d, agreg\u00f3 otro.<\/p>\n\n\n\n<p class=\"wp-block-paragraph\">El apoyo federal probablemente le salv\u00f3 la vida e indirectamente le prolong\u00f3 su carrera pol\u00edtica. Desde entonces aspiraba a ser gobernador de Guerrero y trabaj\u00f3 por ello. No muri\u00f3 asesinado por los c\u00e1rteles de la droga, como pensaban en el gobierno que ser\u00eda su destino, porque en 2007 empez\u00f3 la descomposici\u00f3n del C\u00e1rtel de Sinaloa y el realineamiento de las organizaciones criminales. Salgado Macedonio sigui\u00f3 trabajando en el estado, donde le perdonaron todo y encontr\u00f3 en L\u00f3pez Obrador, que revis\u00f3 las encuestas para ver qui\u00e9n ganaba por m\u00e1s votos Guerrero, el principal apoyo frente a las turbulencias que enfrent\u00f3, para alcanzar la gubernatura.<\/p>\n\n\n\n<p class=\"wp-block-paragraph\">No pod\u00eda haber encontrado un mejor padrino. Antes la coyuntura probablemente le salv\u00f3 la vida. Hoy, el Presidente lo rescat\u00f3 del hundimiento de su vida p\u00fablica. Personaje de principio a fin, fue protegido por el gobierno de Felipe Calder\u00f3n en 2007, y protegido por L\u00f3pez Obrador en 2021, aunque por razones totalmente distintas. Aquello fue un asunto de Estado; hoy es una burla al Estado mexicano.<\/p>\n","protected":false},"excerpt":{"rendered":"<p>Sara Lovera\/ con informaci\u00f3n de Ceprovysa SemM\u00e9xico,&nbsp; Cd. de M\u00e9xico, 20 de enero, &nbsp;2025 . \u2013 \u00abLa decisi\u00f3n de la posible candidatura del senador, F\u00e9lix Salgado Macedonio, para gobernador de Guerrero en 2027 le corresponde a Morena\u00bb, expres\u00f3 la&nbsp; &nbsp;ma\u00f1ana del 17 de enero, la presidenta de la Rep\u00fablica, Claudia Sheinbaum Pardo, quien precis\u00f3 que [&hellip;]<\/p>\n","protected":false},"author":3,"featured_media":91924,"comment_status":"open","ping_status":"open","sticky":false,"template":"","format":"standard","meta":{"_monsterinsights_skip_tracking":false,"footnotes":""},"categories":[694,903],"tags":[],"class_list":["post-91923","post","type-post","status-publish","format-standard","has-post-thumbnail","category-destacadas","category-presidenta-y-mas"],"_links":{"self":[{"href":"https:\/\/redsemlac.com\/semmexico\/wp-json\/wp\/v2\/posts\/91923","targetHints":{"allow":["GET"]}}],"collection":[{"href":"https:\/\/redsemlac.com\/semmexico\/wp-json\/wp\/v2\/posts"}],"about":[{"href":"https:\/\/redsemlac.com\/semmexico\/wp-json\/wp\/v2\/types\/post"}],"author":[{"embeddable":true,"href":"https:\/\/redsemlac.com\/semmexico\/wp-json\/wp\/v2\/users\/3"}],"replies":[{"embeddable":true,"href":"https:\/\/redsemlac.com\/semmexico\/wp-json\/wp\/v2\/comments?post=91923"}],"version-history":[{"count":0,"href":"https:\/\/redsemlac.com\/semmexico\/wp-json\/wp\/v2\/posts\/91923\/revisions"}],"wp:featuredmedia":[{"embeddable":true,"href":"https:\/\/redsemlac.com\/semmexico\/wp-json\/wp\/v2\/media\/91924"}],"wp:attachment":[{"href":"https:\/\/redsemlac.com\/semmexico\/wp-json\/wp\/v2\/media?parent=91923"}],"wp:term":[{"taxonomy":"category","embeddable":true,"href":"https:\/\/redsemlac.com\/semmexico\/wp-json\/wp\/v2\/categories?post=91923"},{"taxonomy":"post_tag","embeddable":true,"href":"https:\/\/redsemlac.com\/semmexico\/wp-json\/wp\/v2\/tags?post=91923"}],"curies":[{"name":"wp","href":"https:\/\/api.w.org\/{rel}","templated":true}]}}