{"id":9188,"date":"2019-06-26T16:01:09","date_gmt":"2019-06-26T16:01:09","guid":{"rendered":"https:\/\/redsemlac.com\/semmexico\/?p=9188"},"modified":"2023-07-21T14:49:39","modified_gmt":"2023-07-21T19:49:39","slug":"el-acoso-a-las-mujeres-en-el-sistema-transporte-colectivo-metro-de-cdmx","status":"publish","type":"post","link":"https:\/\/redsemlac.com\/semmexico\/el-acoso-a-las-mujeres-en-el-sistema-transporte-colectivo-metro-de-cdmx\/","title":{"rendered":"El acoso a las mujeres en el sistema transporte colectivo metro de CDMX"},"content":{"rendered":"\n<p class=\"wp-block-paragraph\"><strong><em>El acoso a las mujeres en el Sistema Transporte Colectivo Metro (STCM) en el periodo de febrero a abril del a\u00f1o 2019 tuvo un mayor n\u00famero de denuncias siendo 23 las efectuadas en comparaci\u00f3n con el a\u00f1o 2017 y 2018 que tuvieron 11 registros de acuerdo con datos de la Procuradur\u00eda General de Justicia de la Ciudad de M\u00e9xico (PGJCDMX).<\/em><\/strong><\/p>\n\n\n\n<p class=\"wp-block-paragraph\"><strong> Carlos Benito Pe\u00f1a Escobar <\/strong><\/p>\n\n\n\n<p class=\"wp-block-paragraph\">SemM\u00e9xico. Cd. de M\u00e9xico. 26 de junio de 2019.- El n\u00famero de\ndenuncias por acoso a las mujeres en el Sistema Transporte Colectivo Metro\n(STCM) duplic\u00f3 sus cifras en el periodo de\nfebrero a abril del a\u00f1o 2019 siendo 23 las efectuadas en comparaci\u00f3n con el a\u00f1o\n2017 y 2018 que registraron juntas 11, de acuerdo con datos de la Procuradur\u00eda\nGeneral de Justicia de la Ciudad de M\u00e9xico (PGJCDMX). Las denuncias fueron ante\nlas autoridades del Metro y los testimonios en las redes sociales principalmente\nen Facebook donde diferentes v\u00edctimas narraban el lugar o la estaci\u00f3n donde\nsufrieron el acoso, las personas que participaron, la reacci\u00f3n ante el\nhostigamiento, el apoyo que recibieron y el motivo por el cual tomaron valor\npara relatar la violencia que sufrieron.<\/p>\n\n\n\n<p class=\"wp-block-paragraph\"><strong>Definiciones<\/strong><\/p>\n\n\n\n<p class=\"wp-block-paragraph\">&nbsp;El diccionario de la\nReal Academia Espa\u00f1ola de la Lengua especifica que la definici\u00f3n de acoso por\nraz\u00f3n de sexo es el \u201c<em>comportamiento\nrealizado en funci\u00f3n del sexo de una persona, con el prop\u00f3sito o el defecto de\natentar contra su dignidad y de crear un entorno intimidatorio, degradante u\nofensivo. Se considera discriminatorio<\/em>.\u201d La Ley General de Acceso de las\nMujeres a una Vida Libre de Violencia precisa en el art\u00edculo d\u00e9cimo tercero \u201cEl\nacoso sexual es una forma de violencia en la que, si bien no existe la\nsubordinaci\u00f3n, hay un ejercicio abusivo de poder que conlleva a un estado de\nindefensi\u00f3n y de riesgo para la v\u00edctima, independientemente de que se realice\nen uno o varios eventos.\u201d<\/p>\n\n\n\n<p class=\"wp-block-paragraph\"><strong>Penalizaci\u00f3n<\/strong><\/p>\n\n\n\n<p class=\"wp-block-paragraph\">En el art\u00edculo 259 Bis, el C\u00f3digo Penal Federal precisa: \u201cAl\nque con fines lascivos asedie reiteradamente a persona de cualquier sexo,\nvali\u00e9ndose de su posici\u00f3n jer\u00e1rquica derivada de sus relaciones laborales,\ndocentes, dom\u00e9sticas o cualquiera otra que implique subordinaci\u00f3n, se le\nimpondr\u00e1 sanci\u00f3n hasta de cuarenta d\u00edas de multa. Si el hostigador fuese\nservidor p\u00fablico y utilizare los medios o circunstancias que el encargo le\nproporcione, se le destituir\u00e1 de su cargo. Solamente ser\u00e1 punible el\nhostigamiento sexual, cuando se cause un perjuicio o da\u00f1o. S\u00f3lo se proceder\u00e1\ncontra el hostigador, a petici\u00f3n de parte ofendida\u201d.<\/p>\n\n\n\n<p class=\"wp-block-paragraph\">&nbsp;Para proceder\nlegalmente en contra del acosador, la v\u00edctima debe realizar la acusaci\u00f3n\ncorrespondiente. Sin embargo, la revictimizaci\u00f3n, el miedo a las represalias, la\ndesconfianza provocada por la hostilidad de parte de las autoridades y la\ntardanza en los tr\u00e1mites son los elementos por los cuales el 90% de las\ndenuncias por acoso sexual no se efect\u00faan de acuerdo con la Encuesta Nacional\nsobre Victimizaci\u00f3n y Percepci\u00f3n (ENVIPE). &nbsp;Seg\u00fan la Encuesta Nacional sobre\nDiscriminaci\u00f3n, 9 de cada 10 mexicanas ha declarado que por lo menos una\nocasi\u00f3n ha estado expuesta a alguna agresi\u00f3n.<\/p>\n\n\n\n<p class=\"wp-block-paragraph\">S\u00f3lo en 16 entidades de la Rep\u00fablica es considerado el acoso\ncomo delito. La penalizaci\u00f3n por acoso sexual en la Ciudad de M\u00e9xico va desde\nlos dos hasta los ocho a\u00f1os de c\u00e1rcel y se le impondr\u00e1 una sanci\u00f3n de cuarenta\nd\u00edas de multa. El acosador puede salir bajo fianza pagando cinco mil pesos. Es\ndecir, con menos de diez mil pesos el victimario puede quedar en libertad. <\/p>\n\n\n\n<p class=\"wp-block-paragraph\"><strong>Testimonio de Karina\nPe\u00f1a<\/strong><\/p>\n\n\n\n<div class=\"wp-block-image\"><figure class=\"alignleft is-resized\"><img loading=\"lazy\" decoding=\"async\" src=\"https:\/\/redsemlac.com\/semmexico\/wp-content\/uploads\/2019\/06\/foto-1.jpg\" alt=\"\" class=\"wp-image-9189\" width=\"226\" height=\"249\"\/><figcaption>Ilustraci\u00f3n por Estell Meza. Recuperado de: https:\/\/www.nexos.com.mx\/?p=36965 <br><\/figcaption><\/figure><\/div>\n\n\n\n<p class=\"wp-block-paragraph\">En entrevista con Karina Pe\u00f1a de 32 a\u00f1os, usuaria del STCM\ncomenta que utiliza el medio suburbano para trasladarse hacia sus lugares de\nestudio y laboral; cuenta que para ella el acoso es \u201c<em>toda acci\u00f3n, ya sea hostigamiento, insinuaci\u00f3n, persecuci\u00f3n, etc.,&nbsp; que molesta a otra persona<\/em>\u201d; y narra los\nacontecimientos que le toc\u00f3 vivir en el vag\u00f3n exclusivo para mujeres y ni\u00f1os mientras\nviajaba hacia su trabajo que tiene como ruta la l\u00ednea 3 (la verde) del Metro con\ndirecci\u00f3n Universidad \u2013 Indios Verdes.<\/p>\n\n\n\n<p class=\"wp-block-paragraph\"><\/p>\n\n\n\n<p class=\"wp-block-paragraph\">\u201cFui v\u00edctima de acoso. Fue en el trayecto de la estaci\u00f3n <em>Ni\u00f1os H\u00e9roes<\/em> a <em>Hospital General<\/em>. \u00a0Al observar la saturaci\u00f3n para ingresar, opt\u00e9 por dirigirme hacia la secci\u00f3n exclusiva para mujeres y ni\u00f1os la cual estaba m\u00e1s desahogada que la otra que es mixta. Entr\u00e9. Yo, me sent\u00e9 junto al asiento exclusivo para personas con discapacidad o embarazadas donde la cabeza y el hombro quedan pegados hacia la ventana. Frente a m\u00ed se sent\u00f3 una mujer de piel blanca, con u\u00f1as postizas y cabello rubio. Ignor\u00e9 su presencia por venir pensando en el trabajo que el jefe me pidi\u00f3 desde hace una semana y no hab\u00eda ni siquiera iniciado. Al ver que arribamos a <em>Ni\u00f1os H\u00e9roes<\/em> pens\u00e9 que ser\u00eda complicado salir ante el c\u00famulo de personas que obstru\u00edan el paso. Me acerqu\u00e9 a la puerta con la intenci\u00f3n de anticipar mi parada. Tom\u00e9 uno de los tubos verticales de fierro para no caerme ante un freno inesperado del Metro. De pronto sent\u00ed que algo ros\u00f3 mi pierna. Pens\u00e9 que la chica que ven\u00eda sentada, cerca del barandal de donde me sujetaba, me hab\u00eda tocado por error. No le tom\u00e9 importancia, hasta que sent\u00ed c\u00f3mo las u\u00f1as de cinco cent\u00edmetros de largo de pl\u00e1stico subieron a trav\u00e9s de mi muslo hasta la espalda. Ella subi\u00f3 la mano para tocarme. En realidad, no supe c\u00f3mo reaccionar. Casi inmediatamente se abri\u00f3 la puerta del vag\u00f3n y lo \u00fanico que hice fue bajarme. No pod\u00eda explicarme lo que acababa de pasar. Una mujer en el apartado exclusivo para mujeres me manose\u00f3, ninguna de las que lo presenciaron el hecho dijo e hizo nada y honestamente en mi reflexi\u00f3n pienso que sea la vestimenta que haya sido no era, ni es motivo, para efectuar el acto. Fui una v\u00edctima m\u00e1s de acoso en el Metro de la Ciudad de M\u00e9xico\u201d.<\/p>\n\n\n\n<p class=\"wp-block-paragraph\">El testimonio de Karina contextualiza la realidad que puede\nvivir una persona que utiliza el STC Metro y forma parte de lo que a nivel\nnacional experimentan las mujeres. <\/p>\n\n\n\n<p class=\"wp-block-paragraph\"><strong>En medios digitales<\/strong><\/p>\n\n\n\n<p class=\"wp-block-paragraph\">En 2017, \u201cEl Publicista\u201d, agencia de noticias, recuper\u00f3 una\nde las campa\u00f1as del programa <em>Ciudades y\nEspacios P\u00fablicos Seguros para Mujeres y Ni\u00f1as<\/em>, que ONU Mujeres y el\nGobierno de la Ciudad de M\u00e9xico lanzaron para prevenir el acoso sexual, as\u00ed\ncomo otras formas de violencia sexual en transporte p\u00fablico de la Ciudad de\nM\u00e9xico, dirigida a los hombres con el objetivo de generar un cambio cultural y\ndisminuir las pr\u00e1cticas de hostigamiento que padecen las mujeres. Facebook fue\nel medio para trasmitir el contenido de concientizaci\u00f3n.<\/p>\n\n\n\n<figure class=\"wp-block-image\"><img loading=\"lazy\" decoding=\"async\" width=\"921\" height=\"456\" src=\"https:\/\/redsemlac.com\/semmexico\/wp-content\/uploads\/2019\/06\/foto-2.png\" alt=\"\" class=\"wp-image-9190\"\/><figcaption><em> Imagen ocupada para la difusi\u00f3n de la campa\u00f1a. Consultado en junio 2019. Recuperado de: <\/em><a href=\"http:\/\/www.elpublicista.info\/onu-mujeres-el-gobierno-de-la-cdmx-y-j-walter-thompson-lanzan-campana-contra-el-acoso-sexual\/\"><em>http:\/\/www.elpublicista.info\/onu-mujeres-el-gobierno-de-la-cdmx-y-j-walter-thompson-lanzan-campana-contra-el-acoso-sexual\/<\/em><\/a><em> <\/em><\/figcaption><\/figure>\n\n\n\n<div class=\"wp-block-image\"><figure class=\"alignright is-resized\"><img loading=\"lazy\" decoding=\"async\" src=\"https:\/\/redsemlac.com\/semmexico\/wp-content\/uploads\/2019\/06\/foto-3.png\" alt=\"\" class=\"wp-image-9191\" width=\"309\" height=\"231\"\/><figcaption><em>Imagen a forma de vaciado que ha realizado BuzzFeed. Consultado en 2019. Recuperado de: <\/em><a href=\"https:\/\/www.buzzfeed.com\/mx\/fanalopez\/acoso-sexual-en-mexico-estadisticas-encuesta\"><em>https:\/\/www.buzzfeed.com\/mx\/fanalopez\/acoso-sexual-en-mexico-estadisticas-encuesta<\/em><\/a><em>  <\/em><\/figcaption><\/figure><\/div>\n\n\n\n<p class=\"wp-block-paragraph\">\u201cBuzzFeed\u201d, empresa de noticias en medios digitales, realiz\u00f3\nen marzo de 2018 una encuesta a sus lectores mexicanos sobre lo que consideran como\ndefinici\u00f3n de acoso sexual, colocando las m\u00e1s frecuentes en una imagen. No s\u00f3lo\nrecibieron una definici\u00f3n tambi\u00e9n las historias que han vivido como v\u00edctimas. <\/p>\n\n\n\n<p class=\"wp-block-paragraph\">En 2019, de febrero a abril, Facebook se convirti\u00f3 en la red\nsocial por excelencia para que las v\u00edctimas que sufrieron acoso pudieran\npublicar sus testimonios, as\u00ed como las estaciones donde fueron agredidas. La\np\u00e1gina \u201cValle de Chalco solidaridad\u201d (Facebook) recopil\u00f3 capturas de pantalla\nde personas que compartieron su experiencia para mantener alerta a las mujeres\nque viajan en el STCM y sus alrededores.<\/p>\n\n\n\n<figure class=\"wp-block-image\"><img loading=\"lazy\" decoding=\"async\" width=\"891\" height=\"512\" src=\"https:\/\/redsemlac.com\/semmexico\/wp-content\/uploads\/2019\/06\/foto-4.png\" alt=\"\" class=\"wp-image-9192\"\/><\/figure>\n\n\n\n<figure class=\"wp-block-image\"><img loading=\"lazy\" decoding=\"async\" width=\"969\" height=\"547\" src=\"https:\/\/redsemlac.com\/semmexico\/wp-content\/uploads\/2019\/06\/foto-5.png\" alt=\"\" class=\"wp-image-9193\"\/><\/figure>\n\n\n\n<div class=\"wp-block-image\"><figure class=\"alignright is-resized\"><img loading=\"lazy\" decoding=\"async\" src=\"https:\/\/redsemlac.com\/semmexico\/wp-content\/uploads\/2019\/06\/foto-6.png\" alt=\"\" class=\"wp-image-9194\" width=\"318\" height=\"311\"\/><figcaption><em> Captura de pantalla del formulario para la actualizaci\u00f3n del mapa donde son afectadas las mujeres en el STCM <\/em><\/figcaption><\/figure><\/div>\n\n\n\n<p class=\"wp-block-paragraph\">Con base en el\ninforme \u201c<em>Diferencia de g\u00e9nero en\nmovilidad urbana. Las experiencias de viaje de mujeres en el Metro de la Ciudad\nde M\u00e9xico<\/em>\u201d realizado por la investigadora de la UNAM y la UAM, Paula Soto\nVillagr\u00e1n, el 71% se siente agredida con las miradas morbosas; as\u00ed como el 46%\ndijo que ha sentido manoseos; mientras que el 44% ha sentido acercamientos de\nlos genitales. La comunidad de la red social con el logo de la letra \u201cF\u201d realiz\u00f3\nun mapeo de las l\u00edneas del Metro con mayor incidencia de acosadores y v\u00edctimas,\nsiendo focos rojos de febrero a abril del a\u00f1o 2019 y focos verdes todo el a\u00f1o\n2018. El enlace de internet <a href=\"https:\/\/docs.google.com\/forms\/d\/e\/1FAIpQLSdsjGfEw-wXPxapXi0OvDbG0Hfbs7bI-4So3MAe5XmXG9Jm3w\/viewform\">https:\/\/docs.google.com\/forms\/d\/e\/1FAIpQLSdsjGfEw-wXPxapXi0OvDbG0Hfbs7bI-4So3MAe5XmXG9Jm3w\/viewform<\/a> es el acceso\npara llenar el formulario que pas\u00f3 de ser sobre \u201cacoso sexual a mujeres\u201d a ser &nbsp;\u201cintentos de secuestro de mujeres\u201d en el STCM\nde la Ciudad de M\u00e9xico. <\/p>\n\n\n\n<p class=\"wp-block-paragraph\">El mapa qued\u00f3 de\nla siguiente manera:<\/p>\n\n\n\n<figure class=\"wp-block-image\"><img loading=\"lazy\" decoding=\"async\" width=\"775\" height=\"960\" src=\"https:\/\/redsemlac.com\/semmexico\/wp-content\/uploads\/2019\/06\/foto-7.jpg\" alt=\"\" class=\"wp-image-9195\"\/><\/figure>\n\n\n\n<p class=\"wp-block-paragraph\">La informaci\u00f3n\narrojada fue presentada por Zo\u00e9 Lascari, activista y representante del an\u00e1lisis\nde datos del mapa del que fue hacedor, en su perfil de Facebook siendo las\nestaciones Mart\u00edn Carrera, Barranca del Muerto, Coyoac\u00e1n, Mixcoac y Ermita las\nque han presentado m\u00e1s casos de acoso e intento de secuestro siendo la \u00faltima\ncon mayor incidencia.<\/p>\n\n\n\n<p class=\"wp-block-paragraph\">La Procuradur\u00eda General de Justicia de la Ciudad de M\u00e9xico\n(PGJCDMX) instal\u00f3 en febrero 2019 m\u00f3dulos de atenci\u00f3n en el exterior de las\nestaciones Coyoac\u00e1n, Mixcoac, Mart\u00edn Carrera, Tacubaya y UAM-I del Sistema de\nTransporte Colectivo Metro para recibir denuncias de presunto secuestro, acoso\ny abuso sexual en contra de las mujeres. En marzo 2019, han sido cerrados, esto\nseg\u00fan inform\u00f3 la titular de la PGJCDMX Ernestina Godoy porque \u201cya no va la gente\u201d,\nen referencia a que particularmente las mujeres dejaron de presentarse a\ndenunciar. <\/p>\n\n\n\n<p class=\"wp-block-paragraph\">De acuerdo con la ENVIPE el lugar donde hay mayor n\u00famero de v\u00edctimas\nmujeres mexicanas es en el transporte p\u00fablico. Ya sea de parte de hombres o,\ncomo en el caso de Karina, de una mujer, estando incluso en el espacio\nexclusivo para mujeres y ni\u00f1os. El 90% de las encuestadas ha dicho que prefiere\nno denunciar. Aunque es por el 10% que la PGJCDMX informa que ha iniciado 48\ncarpetas de investigaci\u00f3n por acoso e intentos de secuestro en inmediaciones de\nestaciones del Metro y brind\u00f3 274 asesor\u00edas a mujeres y 255 a ciudadan\u00eda en\ngeneral.<\/p>\n","protected":false},"excerpt":{"rendered":"<p>El acoso a las mujeres en el Sistema Transporte Colectivo Metro (STCM) en el periodo de febrero a abril del a\u00f1o 2019 tuvo un mayor n\u00famero de denuncias siendo 23 las efectuadas en comparaci\u00f3n con el a\u00f1o 2017 y 2018 <\/p>\n","protected":false},"author":3,"featured_media":9196,"comment_status":"open","ping_status":"open","sticky":false,"template":"","format":"standard","meta":{"_monsterinsights_skip_tracking":false,"footnotes":""},"categories":[690,63],"tags":[],"class_list":["post-9188","post","type-post","status-publish","format-standard","has-post-thumbnail","category-690","category-reportajes"],"_links":{"self":[{"href":"https:\/\/redsemlac.com\/semmexico\/wp-json\/wp\/v2\/posts\/9188","targetHints":{"allow":["GET"]}}],"collection":[{"href":"https:\/\/redsemlac.com\/semmexico\/wp-json\/wp\/v2\/posts"}],"about":[{"href":"https:\/\/redsemlac.com\/semmexico\/wp-json\/wp\/v2\/types\/post"}],"author":[{"embeddable":true,"href":"https:\/\/redsemlac.com\/semmexico\/wp-json\/wp\/v2\/users\/3"}],"replies":[{"embeddable":true,"href":"https:\/\/redsemlac.com\/semmexico\/wp-json\/wp\/v2\/comments?post=9188"}],"version-history":[{"count":0,"href":"https:\/\/redsemlac.com\/semmexico\/wp-json\/wp\/v2\/posts\/9188\/revisions"}],"wp:featuredmedia":[{"embeddable":true,"href":"https:\/\/redsemlac.com\/semmexico\/wp-json\/wp\/v2\/media\/9196"}],"wp:attachment":[{"href":"https:\/\/redsemlac.com\/semmexico\/wp-json\/wp\/v2\/media?parent=9188"}],"wp:term":[{"taxonomy":"category","embeddable":true,"href":"https:\/\/redsemlac.com\/semmexico\/wp-json\/wp\/v2\/categories?post=9188"},{"taxonomy":"post_tag","embeddable":true,"href":"https:\/\/redsemlac.com\/semmexico\/wp-json\/wp\/v2\/tags?post=9188"}],"curies":[{"name":"wp","href":"https:\/\/api.w.org\/{rel}","templated":true}]}}