{"id":91875,"date":"2025-01-18T14:08:44","date_gmt":"2025-01-18T20:08:44","guid":{"rendered":"https:\/\/redsemlac.com\/semmexico\/?p=91875"},"modified":"2025-01-18T14:09:05","modified_gmt":"2025-01-18T20:09:05","slug":"miles-de-mujeres-en-estados-unidos-toman-las-calles-ante-el-regreso-de-trump-a-la-casa-blanca","status":"publish","type":"post","link":"https:\/\/redsemlac.com\/semmexico\/miles-de-mujeres-en-estados-unidos-toman-las-calles-ante-el-regreso-de-trump-a-la-casa-blanca\/","title":{"rendered":"Miles de mujeres en Estados Unidos toman las calles ante el regreso de Trump a la Casa Blanca"},"content":{"rendered":"\n<p class=\"wp-block-paragraph\">Muchas de las consignas son en contra de Donald Trump, presidente electo de EU, de narrativa pol\u00edtica de ultraderecha y antinmigrante&nbsp;\/&nbsp;AFP<\/p>\n\n\n\n<p class=\"wp-block-paragraph\">La \u201cWomans March\u201d, este s\u00e1bado miles de manifestantes salieron a protestar a las calles Washington DC, acusando que Donald Trump infringir\u00e1 los derechos de las mujeres, los inmigrantes y la comunidad LGBT<\/p>\n\n\n\n<p class=\"wp-block-paragraph\">Miles de personas se concentran en Washington para protestar por la investidura de Trump<\/p>\n\n\n\n<p class=\"wp-block-paragraph\">Redacci\u00f3n<\/p>\n\n\n\n<p class=\"wp-block-paragraph\">SemM\u00e9xico\/Agencias , Washington, 18 de enero, 2025.<strong>&#8211; <\/strong>Nombrada como la \u201cWomans March\u201d, este s\u00e1bado miles de manifestantes salieron a protestar a las calles Washington DC, acusando que Donald Trump infringir\u00e1 los derechos de las mujeres, los inmigrantes y la comunidad LGBT. Esto a dos d\u00edas de la toma de posesi\u00f3n del presidente electo de Estados Unidos.<\/p>\n\n\n\n<p class=\"wp-block-paragraph\">La protesta, que tiene como objetivo hacer escuchar los derechos de distintas minor\u00edas, lleg\u00f3 al frente de las oficinas ejecutivas de Eisenhower, junto a la Casa Blanca.<\/p>\n\n\n\n<figure class=\"wp-block-image size-full\"><a href=\"https:\/\/redsemlac.com\/semmexico\/wp-content\/uploads\/2025\/01\/mujeres-toman-calles-01.jpg\"><img loading=\"lazy\" decoding=\"async\" width=\"986\" height=\"620\" src=\"https:\/\/redsemlac.com\/semmexico\/wp-content\/uploads\/2025\/01\/mujeres-toman-calles-01.jpg\" alt=\"\" class=\"wp-image-91876\"\/><\/a><\/figure>\n\n\n\n<p class=\"wp-block-paragraph\">La Marcha Popular\u00a0<strong>es inusual por el \u00abamplio abanico de temas reunidos bajo un mismo paraguas\u00bb<\/strong>, afirm\u00f3 Jo Reger, profesora de sociolog\u00eda que investiga los movimientos sociales en la Universidad de Oakland, en Rochester (Michigan).<\/p>\n\n\n\n<p class=\"wp-block-paragraph\">&nbsp;Las marchas por el&nbsp;<a href=\"https:\/\/es.euronews.com\/2024\/04\/21\/asi-ha-evolucionado-el-derecho-a-voto-de-las-mujeres-en-europa\">sufragio femenino<\/a>, por ejemplo, se centraban en un objetivo espec\u00edfico: el derecho al voto.<\/p>\n\n\n\n<p class=\"wp-block-paragraph\">Para un movimiento de justicia social de amplia base como la marcha, es imposible evitar visiones contrapuestas y existe una&nbsp;<strong>\u00abinmensa presi\u00f3n\u00bb para que los organizadores satisfagan las necesidades de todos<\/strong>, afirm\u00f3 Reger. Pero tambi\u00e9n dijo que cierta discordia no es necesariamente algo malo. \u00abA menudo lo que hace es aportar cambios y nuevas perspectivas, especialmente de voces infrarrepresentadas\u00bb, afirm\u00f3 Reger.<\/p>\n\n\n\n<p class=\"wp-block-paragraph\">Middleton, de la Marcha de las Mujeres, dijo que una manifestaci\u00f3n masiva como la de 2017 no es el objetivo del evento del s\u00e1bado. En su lugar, se trata de&nbsp;<strong>centrar la atenci\u00f3n<\/strong>&nbsp;en un conjunto m\u00e1s amplio de cuestiones &#8211;<strong>derechos de las mujeres y reproductivos, derechos LGBTQ, inmigraci\u00f3n, clima y democracia<\/strong>&#8211; en lugar de centrarla m\u00e1s estrechamente en torno a Trump.<\/p>\n\n\n\n<p class=\"wp-block-paragraph\">\u00abNo estamos pensando en la marcha como el final del juego\u00bb, dijo Middleton. \u00ab\u00bfC\u00f3mo conseguimos que&nbsp;<strong>esa gente que se presenta se incorpore a organizaciones<\/strong>&nbsp;y a sus hogares pol\u00edticos para que puedan seguir luchando en sus comunidades a largo plazo?\u00bb.<\/p>\n\n\n\n<p class=\"wp-block-paragraph\"><strong>El ambiente<\/strong><strong><\/strong><\/p>\n\n\n\n<p class=\"wp-block-paragraph\">Muchas de las consignas son en contra de Donald Trump, presidente electo de EU, de narrativa pol\u00edtica de ultraderecha e inmigrante. Por ello, adem\u00e1s de carteles y mantas que muestran el descontento de los manifestantes, tambi\u00e9n hay disfraces que se mofan del republicano.<\/p>\n\n\n\n<p class=\"wp-block-paragraph\">Cabe mencionar que, la \u201cWomans March\u201d invit\u00f3 a que se unieran distintas luchas sociales a su protesta, por lo que la manifestaci\u00f3n se nombr\u00f3 como la \u201cPeople\u2019s March on Washington\u201d y se ha llevado por el momento sin ning\u00fan tipo de violencia entre autoridades.<\/p>\n\n\n\n<figure class=\"wp-block-image size-large\"><a href=\"https:\/\/redsemlac.com\/semmexico\/wp-content\/uploads\/2025\/01\/mujeres-toman-calles-02.jpg\"><img loading=\"lazy\" decoding=\"async\" width=\"1024\" height=\"576\" src=\"https:\/\/redsemlac.com\/semmexico\/wp-content\/uploads\/2025\/01\/mujeres-toman-calles-02-1024x576.jpg\" alt=\"\" class=\"wp-image-91877\" srcset=\"https:\/\/redsemlac.com\/semmexico\/wp-content\/uploads\/2025\/01\/mujeres-toman-calles-02-1024x576.jpg 1024w, https:\/\/redsemlac.com\/semmexico\/wp-content\/uploads\/2025\/01\/mujeres-toman-calles-02-300x169.jpg 300w, https:\/\/redsemlac.com\/semmexico\/wp-content\/uploads\/2025\/01\/mujeres-toman-calles-02-768x432.jpg 768w, https:\/\/redsemlac.com\/semmexico\/wp-content\/uploads\/2025\/01\/mujeres-toman-calles-02-150x84.jpg 150w, https:\/\/redsemlac.com\/semmexico\/wp-content\/uploads\/2025\/01\/mujeres-toman-calles-02-696x392.jpg 696w, https:\/\/redsemlac.com\/semmexico\/wp-content\/uploads\/2025\/01\/mujeres-toman-calles-02-1068x601.jpg 1068w, https:\/\/redsemlac.com\/semmexico\/wp-content\/uploads\/2025\/01\/mujeres-toman-calles-02.jpg 1200w\" sizes=\"auto, (max-width: 1024px) 100vw, 1024px\" \/><\/a><\/figure>\n\n\n\n<p class=\"wp-block-paragraph\">Derechos de autor\u00a0Jos\u00e9 Luis Magana\/Copyright 2018 The AP. All rights reserved<\/p>\n\n\n\n<p class=\"wp-block-paragraph\">El periodista &nbsp;<a href=\"https:\/\/twitter.com\/danbel\" target=\"_blank\" rel=\"noreferrer noopener\">Daniel Bellamy<\/a>&nbsp;recuerda que esta demostraci\u00f3n sucede ocho a\u00f1os despu\u00e9s de su hist\u00f3rica primera marcha, la Marcha de las Mujeres regresa el s\u00e1bado a la capital del pa\u00eds justo antes de la toma de posesi\u00f3n del presidente electo Donald Trump.<\/p>\n\n\n\n<p class=\"wp-block-paragraph\">Rebautizada y reorganizada, la manifestaci\u00f3n tiene un nuevo nombre&nbsp;<strong>\u00abMarcha del Pueblo\u00bb con el fin de ampliar el apoyo<\/strong>. El republicano&nbsp;<a href=\"https:\/\/es.euronews.com\/my-europe\/2025\/01\/17\/que-lideres-espanoles-y-de-latinoamerica-acudiran-a-la-toma-de-posesion-de-donald-trump\">jura el cargo el lunes 20 de enero<\/a>&nbsp;y comenzar\u00e1 su segundo periodo de presidencia como el 47\u00ba presidente de EE.UU.<\/p>\n\n\n\n<p class=\"wp-block-paragraph\">Las mujeres indignadas por la victoria presidencial de Trump en 2016<a href=\"https:\/\/es.euronews.com\/video\/2017\/01\/22\/multitudinarias-marchas-contra-trump-en-estados-unidos\">&nbsp;acudieron en masa a Washington en 2017<\/a>&nbsp;y organizaron grandes concentraciones en ciudades de todo el pa\u00eds, construyendo la base de un movimiento de base que&nbsp;<strong>se conoci\u00f3 como la Marcha de las Mujeres<\/strong>. Solo la concentraci\u00f3n de Washington atrajo a&nbsp;<strong>m\u00e1s de 500.000 manifestantes<\/strong>, y millones m\u00e1s participaron en marchas locales por todo el pa\u00eds, marcando una de las mayores manifestaciones de un solo d\u00eda en la historia de Estados Unidos.<\/p>\n\n\n\n<p class=\"wp-block-paragraph\">Este a\u00f1o, este d\u00eda &nbsp;<strong>se espera que la marcha sea aproximadamente una d\u00e9cima parte del tama\u00f1o de la primera<\/strong>&nbsp;y se produce en medio de un momento de reflexi\u00f3n contenida, ya que muchos votantes progresistas navegan por sentimientos de agotamiento, decepci\u00f3n y desesperaci\u00f3n tras la derrota de la vicepresidenta Kamala Harris. El&nbsp;<strong>silencio comparativo contrasta fuertemente con la furia de la manifestaci\u00f3n inaugural<\/strong>, cuando multitudes masivas gritaron demandas por meg\u00e1fonos y marcharon con gorros rosas en respuesta a la primera victoria electoral de Trump.<\/p>\n\n\n\n<p class=\"wp-block-paragraph\">\u00abLa realidad es que es dif\u00edcil capturar un rayo en una botella\u00bb, dijo Tamika Middleton, directora general de la Marcha de las Mujeres. \u00ab<strong>Fue un momento realmente particular<\/strong>. En 2017, no hab\u00edamos visto una presidencia de Trump y el tipo de vitriolo que eso representaba\u00bb.<\/p>\n\n\n\n<p class=\"wp-block-paragraph\">El movimiento se fractur\u00f3 tras aquella jornada de protestas de enorme \u00e9xito por las acusaciones de que no era lo suficientemente diverso. El cambio de marca de este a\u00f1o como&nbsp;<strong>Marcha del Pueblo<\/strong>&nbsp;es el resultado de una revisi\u00f3n destinada a ampliar el atractivo del grupo. La manifestaci\u00f3n del s\u00e1bado&nbsp;<strong>promover\u00e1 temas relacionados con el feminismo, la justicia racial, la antimilitarizaci\u00f3n<\/strong>&nbsp;y otras cuestiones, y terminar\u00e1 con debates organizados por diversas organizaciones de justicia social.<\/p>\n\n\n\n<figure class=\"wp-block-image size-large\"><a href=\"https:\/\/redsemlac.com\/semmexico\/wp-content\/uploads\/2025\/01\/mujeres-toman-calles-03.jpg\"><img loading=\"lazy\" decoding=\"async\" width=\"1024\" height=\"576\" src=\"https:\/\/redsemlac.com\/semmexico\/wp-content\/uploads\/2025\/01\/mujeres-toman-calles-03-1024x576.jpg\" alt=\"\" class=\"wp-image-91878\" srcset=\"https:\/\/redsemlac.com\/semmexico\/wp-content\/uploads\/2025\/01\/mujeres-toman-calles-03-1024x576.jpg 1024w, https:\/\/redsemlac.com\/semmexico\/wp-content\/uploads\/2025\/01\/mujeres-toman-calles-03-300x169.jpg 300w, https:\/\/redsemlac.com\/semmexico\/wp-content\/uploads\/2025\/01\/mujeres-toman-calles-03-768x432.jpg 768w, https:\/\/redsemlac.com\/semmexico\/wp-content\/uploads\/2025\/01\/mujeres-toman-calles-03-150x84.jpg 150w, https:\/\/redsemlac.com\/semmexico\/wp-content\/uploads\/2025\/01\/mujeres-toman-calles-03-696x392.jpg 696w, https:\/\/redsemlac.com\/semmexico\/wp-content\/uploads\/2025\/01\/mujeres-toman-calles-03-1068x601.jpg 1068w, https:\/\/redsemlac.com\/semmexico\/wp-content\/uploads\/2025\/01\/mujeres-toman-calles-03.jpg 1456w\" sizes=\"auto, (max-width: 1024px) 100vw, 1024px\" \/><\/a><\/figure>\n\n\n\n<figure class=\"wp-block-image size-large\"><a href=\"https:\/\/redsemlac.com\/semmexico\/wp-content\/uploads\/2025\/01\/mujeres-toman-calles-04.jpg\"><img loading=\"lazy\" decoding=\"async\" width=\"1024\" height=\"683\" src=\"https:\/\/redsemlac.com\/semmexico\/wp-content\/uploads\/2025\/01\/mujeres-toman-calles-04-1024x683.jpg\" alt=\"\" class=\"wp-image-91879\" srcset=\"https:\/\/redsemlac.com\/semmexico\/wp-content\/uploads\/2025\/01\/mujeres-toman-calles-04-1024x683.jpg 1024w, https:\/\/redsemlac.com\/semmexico\/wp-content\/uploads\/2025\/01\/mujeres-toman-calles-04-300x200.jpg 300w, https:\/\/redsemlac.com\/semmexico\/wp-content\/uploads\/2025\/01\/mujeres-toman-calles-04-768x512.jpg 768w, https:\/\/redsemlac.com\/semmexico\/wp-content\/uploads\/2025\/01\/mujeres-toman-calles-04-150x100.jpg 150w, https:\/\/redsemlac.com\/semmexico\/wp-content\/uploads\/2025\/01\/mujeres-toman-calles-04-696x464.jpg 696w, https:\/\/redsemlac.com\/semmexico\/wp-content\/uploads\/2025\/01\/mujeres-toman-calles-04-1068x712.jpg 1068w, https:\/\/redsemlac.com\/semmexico\/wp-content\/uploads\/2025\/01\/mujeres-toman-calles-04.jpg 1242w\" sizes=\"auto, (max-width: 1024px) 100vw, 1024px\" \/><\/a><\/figure>\n\n\n\n<p class=\"wp-block-paragraph\">Un grupo de manifestantes se congrega en el parque Franklin antes de la Marcha del Pueblo, el s\u00e1bado 18 de enero de 2025, en Washington. (AP Foto\/Julio Cortez)<\/p>\n\n\n\n<p class=\"wp-block-paragraph\">&nbsp;La calma contrasta fuertemente con la tensa furia de la primera marcha, en la que grandes multitudes gritaban demandas a trav\u00e9s de meg\u00e1fonos y marchaban con gorros rosas en respuesta a la primera victoria electoral de Trump.<\/p>\n\n\n\n<p class=\"wp-block-paragraph\">\u201cLa realidad es que, simplemente, es dif\u00edcil capturar un rayo en una botella\u201d, dijo Tamika Middleton, directora de la Marcha de las Mujeres. \u201cFue un momento realmente particular. En 2017, no hab\u00edamos visto una presidencia de Trump y el tipo de odio y furia que eso representaba\u201d.<\/p>\n\n\n\n<p class=\"wp-block-paragraph\">Para un movimiento de justicia social de base amplia como la marcha, es imposible evitar visiones en conflicto, y existe una \u201cinmensa presi\u00f3n\u201d para que los organizadores satisfagan las necesidades de todos, dijo Reger. Pero tambi\u00e9n afirm\u00f3 que cierto desacuerdo no es necesariamente negativo.<\/p>\n\n\n\n<p class=\"wp-block-paragraph\">\u201cA menudo, lo que hace es provocar el cambio y aportar nuevas perspectivas, especialmente de voces subrepresentadas\u201d, dijo Reger.<\/p>\n\n\n\n<figure class=\"wp-block-image size-full\"><a href=\"https:\/\/redsemlac.com\/semmexico\/wp-content\/uploads\/2025\/01\/mujeres-toman-calles-05.jpg\"><img loading=\"lazy\" decoding=\"async\" width=\"986\" height=\"620\" src=\"https:\/\/redsemlac.com\/semmexico\/wp-content\/uploads\/2025\/01\/mujeres-toman-calles-05.jpg\" alt=\"\" class=\"wp-image-91880\" srcset=\"https:\/\/redsemlac.com\/semmexico\/wp-content\/uploads\/2025\/01\/mujeres-toman-calles-05.jpg 986w, https:\/\/redsemlac.com\/semmexico\/wp-content\/uploads\/2025\/01\/mujeres-toman-calles-05-300x189.jpg 300w, https:\/\/redsemlac.com\/semmexico\/wp-content\/uploads\/2025\/01\/mujeres-toman-calles-05-768x483.jpg 768w, https:\/\/redsemlac.com\/semmexico\/wp-content\/uploads\/2025\/01\/mujeres-toman-calles-05-150x94.jpg 150w, https:\/\/redsemlac.com\/semmexico\/wp-content\/uploads\/2025\/01\/mujeres-toman-calles-05-696x438.jpg 696w\" sizes=\"auto, (max-width: 986px) 100vw, 986px\" \/><\/a><\/figure>\n\n\n\n<p class=\"wp-block-paragraph\">Middleton, de la Marcha de las Mujeres, dijo que el objetivo del evento de este &nbsp;s\u00e1bado no es lograr una manifestaci\u00f3n multitudinaria como la de 2017. En cambio, se trata de centrar la atenci\u00f3n en un conjunto m\u00e1s amplio de problemas: los derechos femeninos y reproductivos, los derechos LGBTQ, inmigraci\u00f3n, clima y democracia, en lugar de centrarla \u00fanicamente en torno a Trump.<\/p>\n\n\n\n<p class=\"wp-block-paragraph\">\u201cNo concebimos la marcha como el objetivo final\u201d, dijo Middleton. \u201c\u00bfC\u00f3mo logramos que los asistentes se integren en organizaciones y en sus hogares pol\u00edticos para que puedan seguir luchando a largo plazo en sus comunidades?\u201d<\/p>\n\n\n\n<figure class=\"wp-block-image size-large\"><a href=\"https:\/\/redsemlac.com\/semmexico\/wp-content\/uploads\/2025\/01\/mujeres-toman-calles-06.jpg\"><img loading=\"lazy\" decoding=\"async\" width=\"1024\" height=\"684\" src=\"https:\/\/redsemlac.com\/semmexico\/wp-content\/uploads\/2025\/01\/mujeres-toman-calles-06-1024x684.jpg\" alt=\"\" class=\"wp-image-91881\" srcset=\"https:\/\/redsemlac.com\/semmexico\/wp-content\/uploads\/2025\/01\/mujeres-toman-calles-06-1024x684.jpg 1024w, https:\/\/redsemlac.com\/semmexico\/wp-content\/uploads\/2025\/01\/mujeres-toman-calles-06-300x200.jpg 300w, https:\/\/redsemlac.com\/semmexico\/wp-content\/uploads\/2025\/01\/mujeres-toman-calles-06-768x513.jpg 768w, https:\/\/redsemlac.com\/semmexico\/wp-content\/uploads\/2025\/01\/mujeres-toman-calles-06-150x100.jpg 150w, https:\/\/redsemlac.com\/semmexico\/wp-content\/uploads\/2025\/01\/mujeres-toman-calles-06-696x465.jpg 696w, https:\/\/redsemlac.com\/semmexico\/wp-content\/uploads\/2025\/01\/mujeres-toman-calles-06-1068x713.jpg 1068w, https:\/\/redsemlac.com\/semmexico\/wp-content\/uploads\/2025\/01\/mujeres-toman-calles-06.jpg 1453w\" sizes=\"auto, (max-width: 1024px) 100vw, 1024px\" \/><\/a><\/figure>\n\n\n\n<p class=\"wp-block-paragraph\">Manifestantes contra la toma de posesi\u00f3n de Trump, ese s\u00e1bado en Washington.<strong> CHRISTOPHER FURLONG Getty Imagen v\u00eda AFP<\/strong><\/p>\n\n\n\n<p class=\"wp-block-paragraph\">En Franklin Park, uno de los tres lugares de inicio de la&nbsp;<em>Marcha del Pueblo<\/em>&nbsp;que recorrer\u00e1 el centro de la ciudad, los manifestantes se reunieron bajo una ligera lluvia para protestar contra los cambios en las pol\u00edticas de g\u00e9nero y otras promesas del l\u00edder republicano.<\/p>\n\n\n\n<p class=\"wp-block-paragraph\">Otros manifestantes se reunieron en otros dos parques tambi\u00e9n cercanos a la&nbsp;<strong>Casa Blanca<\/strong>, con un grupo centrado en la defensa de la democracia y la inmigraci\u00f3n y otro en cuestiones locales de Washington, antes de dirigirse a la reuni\u00f3n final de la marcha en el Lincoln Memorial, informa Reuters.<\/p>\n\n\n\n<p class=\"wp-block-paragraph\">Coches de polic\u00eda, con las sirenas encendidas, circularon entre los grupos de manifestantes.<\/p>\n\n\n\n<p class=\"wp-block-paragraph\">Los concentrados portaban carteles que dec\u00edan \u00ab#MeToo\u00bb o \u00abEl amor supera al odio\u00bb, y vend\u00edan banderas de la Marcha Popular por 10 d\u00f3lares. Otros carteles manifestaban \u00abFeministas contra los fascistas\u00bb y \u00abLas personas por encima de la pol\u00edtica\u00bb.<\/p>\n\n\n\n<p class=\"wp-block-paragraph\">\u00abEs realmente reconfortante estar hoy aqu\u00ed con todos vosotros en solidaridad y uni\u00f3n frente a lo que va a ser un extremismo realmente horrible\u00bb, dijo a la multitud Mini Timmaraju, directora del grupo Libertad Reproductiva para Todos, al inicio de la protesta.<\/p>\n\n\n\n<p class=\"wp-block-paragraph\">Timmaraju a\u00f1adi\u00f3 que la buena noticia es que el derecho al aborto sigue siendo popular a pesar de la victoria de Trump. Y comenz\u00f3 un c\u00e1ntico: \u00ab\u00a1Somos la mayor\u00eda!\u00bb<\/p>\n\n\n\n<p class=\"wp-block-paragraph\">Los grupos feministas se unieron a los de derechos civiles, medio ambiente y otros en la marcha contra Trump. El presidente electo gan\u00f3 los siete estados que estaban en disputa y tambi\u00e9n en voto popular en las&nbsp;<a href=\"https:\/\/www.elmundo.es\/elecciones\/elecciones-estados-unidos.html\">elecciones<\/a>&nbsp;de noviembre.<\/p>\n\n\n\n<p class=\"wp-block-paragraph\">Galer\u00eda de Fotos<\/p>\n\n\n\n<figure class=\"wp-block-image size-large\"><a href=\"https:\/\/redsemlac.com\/semmexico\/wp-content\/uploads\/2025\/01\/mujeres-toman-calles-07.jpg\"><img loading=\"lazy\" decoding=\"async\" width=\"1024\" height=\"620\" src=\"https:\/\/redsemlac.com\/semmexico\/wp-content\/uploads\/2025\/01\/mujeres-toman-calles-07-1024x620.jpg\" alt=\"\" class=\"wp-image-91882\" srcset=\"https:\/\/redsemlac.com\/semmexico\/wp-content\/uploads\/2025\/01\/mujeres-toman-calles-07-1024x620.jpg 1024w, https:\/\/redsemlac.com\/semmexico\/wp-content\/uploads\/2025\/01\/mujeres-toman-calles-07-300x182.jpg 300w, https:\/\/redsemlac.com\/semmexico\/wp-content\/uploads\/2025\/01\/mujeres-toman-calles-07-768x465.jpg 768w, https:\/\/redsemlac.com\/semmexico\/wp-content\/uploads\/2025\/01\/mujeres-toman-calles-07-150x91.jpg 150w, https:\/\/redsemlac.com\/semmexico\/wp-content\/uploads\/2025\/01\/mujeres-toman-calles-07-696x421.jpg 696w, https:\/\/redsemlac.com\/semmexico\/wp-content\/uploads\/2025\/01\/mujeres-toman-calles-07-1068x647.jpg 1068w, https:\/\/redsemlac.com\/semmexico\/wp-content\/uploads\/2025\/01\/mujeres-toman-calles-07.jpg 1100w\" sizes=\"auto, (max-width: 1024px) 100vw, 1024px\" \/><\/a><\/figure>\n\n\n\n<figure class=\"wp-block-image size-full\"><a href=\"https:\/\/redsemlac.com\/semmexico\/wp-content\/uploads\/2025\/01\/mujeres-toman-calles-08.jpg\"><img loading=\"lazy\" decoding=\"async\" width=\"986\" height=\"620\" src=\"https:\/\/redsemlac.com\/semmexico\/wp-content\/uploads\/2025\/01\/mujeres-toman-calles-08.jpg\" alt=\"\" class=\"wp-image-91883\" srcset=\"https:\/\/redsemlac.com\/semmexico\/wp-content\/uploads\/2025\/01\/mujeres-toman-calles-08.jpg 986w, https:\/\/redsemlac.com\/semmexico\/wp-content\/uploads\/2025\/01\/mujeres-toman-calles-08-300x189.jpg 300w, https:\/\/redsemlac.com\/semmexico\/wp-content\/uploads\/2025\/01\/mujeres-toman-calles-08-768x483.jpg 768w, https:\/\/redsemlac.com\/semmexico\/wp-content\/uploads\/2025\/01\/mujeres-toman-calles-08-150x94.jpg 150w, https:\/\/redsemlac.com\/semmexico\/wp-content\/uploads\/2025\/01\/mujeres-toman-calles-08-696x438.jpg 696w\" sizes=\"auto, (max-width: 986px) 100vw, 986px\" \/><\/a><\/figure>\n\n\n\n<figure class=\"wp-block-image size-full\"><a href=\"https:\/\/redsemlac.com\/semmexico\/wp-content\/uploads\/2025\/01\/mujeres-toman-calles-09.jpg\"><img loading=\"lazy\" decoding=\"async\" width=\"1006\" height=\"620\" src=\"https:\/\/redsemlac.com\/semmexico\/wp-content\/uploads\/2025\/01\/mujeres-toman-calles-09.jpg\" alt=\"\" class=\"wp-image-91884\" srcset=\"https:\/\/redsemlac.com\/semmexico\/wp-content\/uploads\/2025\/01\/mujeres-toman-calles-09.jpg 1006w, https:\/\/redsemlac.com\/semmexico\/wp-content\/uploads\/2025\/01\/mujeres-toman-calles-09-300x185.jpg 300w, https:\/\/redsemlac.com\/semmexico\/wp-content\/uploads\/2025\/01\/mujeres-toman-calles-09-768x473.jpg 768w, https:\/\/redsemlac.com\/semmexico\/wp-content\/uploads\/2025\/01\/mujeres-toman-calles-09-150x92.jpg 150w, https:\/\/redsemlac.com\/semmexico\/wp-content\/uploads\/2025\/01\/mujeres-toman-calles-09-696x429.jpg 696w\" sizes=\"auto, (max-width: 1006px) 100vw, 1006px\" \/><\/a><\/figure>\n\n\n\n<figure class=\"wp-block-image size-full\"><a href=\"https:\/\/redsemlac.com\/semmexico\/wp-content\/uploads\/2025\/01\/mujeres-toman-calles-10.jpg\"><img loading=\"lazy\" decoding=\"async\" width=\"986\" height=\"620\" src=\"https:\/\/redsemlac.com\/semmexico\/wp-content\/uploads\/2025\/01\/mujeres-toman-calles-10.jpg\" alt=\"\" class=\"wp-image-91885\" srcset=\"https:\/\/redsemlac.com\/semmexico\/wp-content\/uploads\/2025\/01\/mujeres-toman-calles-10.jpg 986w, https:\/\/redsemlac.com\/semmexico\/wp-content\/uploads\/2025\/01\/mujeres-toman-calles-10-300x189.jpg 300w, https:\/\/redsemlac.com\/semmexico\/wp-content\/uploads\/2025\/01\/mujeres-toman-calles-10-768x483.jpg 768w, https:\/\/redsemlac.com\/semmexico\/wp-content\/uploads\/2025\/01\/mujeres-toman-calles-10-150x94.jpg 150w, https:\/\/redsemlac.com\/semmexico\/wp-content\/uploads\/2025\/01\/mujeres-toman-calles-10-696x438.jpg 696w\" sizes=\"auto, (max-width: 986px) 100vw, 986px\" \/><\/a><\/figure>\n\n\n\n<p class=\"wp-block-paragraph\"><\/p>\n","protected":false},"excerpt":{"rendered":"<p>Muchas de las consignas son en contra de Donald Trump, presidente electo de EU, de narrativa pol\u00edtica de ultraderecha y antinmigrante&nbsp;\/&nbsp;AFP La \u201cWomans March\u201d, este s\u00e1bado miles de manifestantes salieron a protestar a las calles Washington DC, acusando que Donald Trump infringir\u00e1 los derechos de las mujeres, los inmigrantes y la comunidad LGBT Miles de [&hellip;]<\/p>\n","protected":false},"author":3,"featured_media":91876,"comment_status":"open","ping_status":"open","sticky":false,"template":"","format":"standard","meta":{"_monsterinsights_skip_tracking":false,"footnotes":""},"categories":[694,53],"tags":[],"class_list":["post-91875","post","type-post","status-publish","format-standard","has-post-thumbnail","category-destacadas","category-internacional"],"_links":{"self":[{"href":"https:\/\/redsemlac.com\/semmexico\/wp-json\/wp\/v2\/posts\/91875","targetHints":{"allow":["GET"]}}],"collection":[{"href":"https:\/\/redsemlac.com\/semmexico\/wp-json\/wp\/v2\/posts"}],"about":[{"href":"https:\/\/redsemlac.com\/semmexico\/wp-json\/wp\/v2\/types\/post"}],"author":[{"embeddable":true,"href":"https:\/\/redsemlac.com\/semmexico\/wp-json\/wp\/v2\/users\/3"}],"replies":[{"embeddable":true,"href":"https:\/\/redsemlac.com\/semmexico\/wp-json\/wp\/v2\/comments?post=91875"}],"version-history":[{"count":0,"href":"https:\/\/redsemlac.com\/semmexico\/wp-json\/wp\/v2\/posts\/91875\/revisions"}],"wp:featuredmedia":[{"embeddable":true,"href":"https:\/\/redsemlac.com\/semmexico\/wp-json\/wp\/v2\/media\/91876"}],"wp:attachment":[{"href":"https:\/\/redsemlac.com\/semmexico\/wp-json\/wp\/v2\/media?parent=91875"}],"wp:term":[{"taxonomy":"category","embeddable":true,"href":"https:\/\/redsemlac.com\/semmexico\/wp-json\/wp\/v2\/categories?post=91875"},{"taxonomy":"post_tag","embeddable":true,"href":"https:\/\/redsemlac.com\/semmexico\/wp-json\/wp\/v2\/tags?post=91875"}],"curies":[{"name":"wp","href":"https:\/\/api.w.org\/{rel}","templated":true}]}}