{"id":91872,"date":"2025-01-18T13:01:40","date_gmt":"2025-01-18T19:01:40","guid":{"rendered":"https:\/\/redsemlac.com\/semmexico\/?p=91872"},"modified":"2025-01-18T13:02:33","modified_gmt":"2025-01-18T19:02:33","slug":"el-futuro-del-mercado-laboral-esta-bajo-presion","status":"publish","type":"post","link":"https:\/\/redsemlac.com\/semmexico\/el-futuro-del-mercado-laboral-esta-bajo-presion\/","title":{"rendered":"El futuro del mercado laboral est\u00e1 bajo presi\u00f3n"},"content":{"rendered":"\n<p class=\"wp-block-paragraph\">\u00a9 OIT\/BMF Media Una mujer clasifica pimientos en una f\u00e1brica de Poncitl\u00e1n, M\u00e9xico.<\/p>\n\n\n\n<p class=\"wp-block-paragraph\">\u201cEl trabajo decente y el empleo productivo son esenciales para alcanzar la justicia social y los Objetivos de Desarrollo Sostenible (ODS)\u201d, explica Gilbert F. Houngbo, director general de la Organizaci\u00f3n Internacional del Trabajo.<\/p>\n\n\n\n<p class=\"wp-block-paragraph\">Redacci\u00f3n<\/p>\n\n\n\n<p class=\"wp-block-paragraph\">SemM\u00e9xico\/ONU Noticias, Cd. de M\u00e9xico, 18 de enero, 2025.- La&nbsp;<a href=\"http:\/\/www.ilo.org\/global\/lang--es\/index.htm\" target=\"_blank\" rel=\"noreferrer noopener\">Organizaci\u00f3n Internacional del Trabajo<\/a>&nbsp;(<a href=\"http:\/\/www.ilo.org\/global\/lang--es\/index.htm\" target=\"_blank\" rel=\"noreferrer noopener\">OIT<\/a>) ha publicado el nuevo informe&nbsp;<a href=\"https:\/\/www.ilo.org\/es\/resource\/news\/la-recuperacion-del-mercado-laboral-pierde-fuerza-segun-un-nuevo-informe-de\" target=\"_blank\" rel=\"noreferrer noopener\"><em>Perspectivas Sociales y del Empleo en el Mundo: Tendencias 2025<\/em><\/a>, en el que analiza las dificultades por las que est\u00e1 pasando el mercado laboral debido a las tensiones geopol\u00edticas, al aumento de los costes del&nbsp;<a href=\"https:\/\/news.un.org\/es\/news\/topic\/climate-change\">cambio clim\u00e1tico<\/a>s y los problemas de deuda sin resolver. Estos obst\u00e1culos han provocado una desaceleraci\u00f3n de la econom\u00eda mundial.<\/p>\n\n\n\n<p class=\"wp-block-paragraph\"><strong>Contin\u00faan los d\u00e9ficits de trabajo<\/strong><\/p>\n\n\n\n<p class=\"wp-block-paragraph\">El estudio indica que la tasa de desempleo ha continuado en el 5% gracias al aumento de la poblaci\u00f3n activa. Adem\u00e1s, el desempleo juvenil present\u00f3 pocos indicios de mejora, manteni\u00e9ndose en 12,6%.<\/p>\n\n\n\n<p class=\"wp-block-paragraph\">Diversos indicadores sociales han mostrado pocos signos de mejora desde 2015. Por ejemplo, la pobreza laboral persiste en los pa\u00edses de ingreso bajo, afectando a un 7% de la poblaci\u00f3n ocupada.&nbsp; &nbsp;<\/p>\n\n\n\n<p class=\"wp-block-paragraph\">Los niveles de informalidad y pobreza laboral* volvieron a ser los de antes de la pandemia, tras lo cual la recuperaci\u00f3n del empleo ha perdido impulso para generar nuevas mejoras y acercarse a los&nbsp;<a href=\"https:\/\/news.un.org\/es\/news\/topic\/sdgs\">Objetivos de Desarrollo Sostenible<\/a>, seg\u00fan el informe. Asimismo, los avances de creaci\u00f3n de trabajo se han ralentizado en los pa\u00edses de ingreso bajo, agravando as\u00ed su vulnerabilidad.<\/p>\n\n\n\n<p class=\"wp-block-paragraph\">En Am\u00e9rica Latina las altas tasas de empleo informal, del 52%, han contribuido al bajo crecimiento de la productividad en la regi\u00f3n. Por otro lado, aunque la relaci\u00f3n entre empleo-poblaci\u00f3n se ha mantenido estable, el empleo total aumento por 3 millones entre 2023 y 2024.<\/p>\n\n\n\n<p class=\"wp-block-paragraph\"><strong>Estabilizaci\u00f3n de la econom\u00eda mundial y sus retos<\/strong><\/p>\n\n\n\n<p class=\"wp-block-paragraph\">El r\u00e1pido descenso de las tasas de inflaci\u00f3n y el crecimiento decidido de algunas potencias econ\u00f3micas ha logrado una estabilizaci\u00f3n econ\u00f3mica. Pero, las pol\u00edticas monetarias y fiscales han regresado a sus posiciones prepandemia, complicando el panorama; adem\u00e1s, las econom\u00edas avanzadas siguen siendo presionadas por los cambios demogr\u00e1ficos.<\/p>\n\n\n\n<p class=\"wp-block-paragraph\">La p\u00e9rdida de dinamismo econ\u00f3mico contribuy\u00f3 a un descenso de la tasa de inflaci\u00f3n, que a\u00fan no ha descendido a los niveles objetivos de gran parte del mundo desarrollado y tampoco ha compensado totalmente la p\u00e9rdida de ingresos relacionados con la pandemia, reduciendo as\u00ed el valor de los salarios.<\/p>\n\n\n\n<p class=\"wp-block-paragraph\">Por otro lado, el d\u00e9ficit mundial de empleo ascendi\u00f3 a 402,4 millones en 2024, este abarca 186 millones de personas desempleadas, 137 millones que forman parte de la fuerza de trabajo potencial, pero se encuentran desalentadas, y 79 millones cuyas responsabilidades les impiden acceder a un empleo.&nbsp; Se prev\u00e9 que dicho d\u00e9ficit se estabilice en los pr\u00f3ximos dos a\u00f1os.<\/p>\n\n\n\n<p class=\"wp-block-paragraph\"><strong>Desigualdades en la tasa de participaci\u00f3n<\/strong><\/p>\n\n\n\n<p class=\"wp-block-paragraph\">El informe se\u00f1ala tambi\u00e9n que la tasa de actividad** de los pa\u00edses de ingreso bajo ha disminuido, mientras que en pa\u00edses de ingreso alto esta ha aumentado \u2013sobre todo entre los trabajadores de edad avanzada y las mujeres.<\/p>\n\n\n\n<p class=\"wp-block-paragraph\">Pero, en comparaci\u00f3n con los hombres, la baja participaci\u00f3n de las mujeres representa un impedimento para la mejora del nivel de vida. Adem\u00e1s, la diferencia de participaci\u00f3n de g\u00e9nero ha descendido en algunos pa\u00edses, pero no debido a una mayor participaci\u00f3n femenina, sino al continuo descenso de la actividad de los hombres j\u00f3venes.&nbsp; La tasa de j\u00f3venes que ni trabaja ni estudia, calificados como \u201cninis\u201d, ha tenido un incremento de casi el 4% en la poblaci\u00f3n masculina; esto reduce las oportunidades de participar exitosamente en el mercado laboral y aumenta la vulnerabilidad ante futuras crisis.<\/p>\n\n\n\n<p class=\"wp-block-paragraph\">En Am\u00e9rica Latina y el Caribe, la tasa de actividad laboral se ha mantenido estable, pero las diferencias de g\u00e9nero siguen estando presentes, la tasa masculina con un 23,4% m\u00e1s que la femenina. Asimismo, el reporte indica que muchos de los empleos de las mujeres son informales y mal remunerados. La diferencia de g\u00e9nero tambi\u00e9n est\u00e1 plasmada en el desempleo de la poblaci\u00f3n joven, en el que la tasa de mujeres es superior (16,4%) en comparaci\u00f3n con los hombres j\u00f3venes (11,6%).<\/p>\n\n\n\n<p class=\"wp-block-paragraph\">Adem\u00e1s, el informe indica desigualdades geogr\u00e1ficas internas en los pa\u00edses, las cuales pueden explicar la falta de equidad en los niveles de vida y empleo, e impiden un crecimiento equitativo. Esto se debe a que servicios de relevancia como los empresariales, y las tecnolog\u00edas de la informaci\u00f3n y la comunicaci\u00f3n (TIC), requieren de una fuerza laboral bien cualificada y una infraestructura p\u00fablica en buen estado.<\/p>\n\n\n\n<p class=\"wp-block-paragraph\"><strong>Impulso de las nuevas tecnolog\u00edas y la transici\u00f3n ecol\u00f3gica<\/strong><\/p>\n\n\n\n<p class=\"wp-block-paragraph\">Muchos pa\u00edses han intentado aprovechar el auge de las nuevas tecnolog\u00edas, como lo es el desarrollo de la inteligencia artificial (IA), cuyo valor a\u00f1adido solo favorece a algunos pa\u00edses, debido a que muchos otros carecen de las infraestructuras necesarias.<\/p>\n\n\n\n<p class=\"wp-block-paragraph\">El aumento de inversi\u00f3n en energ\u00eda verde para la transici\u00f3n ecol\u00f3gica tambi\u00e9n ha significado un cambio importante, ya que el n\u00famero de puestos de trabajo en este sector ha alcanzado una cifra de 16,2 millones. Sin embargo, existe una distribuci\u00f3n desigual de los empleos en el sector, al encontrarse casi la mitad de estos en Asia Oriental, solamente China cuenta con un 46%.<\/p>\n\n\n\n<p class=\"wp-block-paragraph\"><strong>En la b\u00fasqueda por acelerar el progreso<\/strong><\/p>\n\n\n\n<p class=\"wp-block-paragraph\">El informe de la&nbsp;OIT&nbsp;presenta diversas recomendaciones para afrontar los retos planteados anteriormente. El trabajo decente y el empleo productivo son presentados como aspectos clave para alcanzar los ODS de 2030, el aumento de productividad se puede ver beneficiado si hay inversi\u00f3n en la formaci\u00f3n, educaci\u00f3n e infraestructura.<\/p>\n\n\n\n<p class=\"wp-block-paragraph\">En segundo lugar, propone aprovechar algunos fondos privados hacia el desarrollo econ\u00f3mico local. Esta soluci\u00f3n podr\u00eda ser explorada principalmente en pa\u00edses de ingreso bajo, para beneficiarse el flujo constante y creciente de remesas.<\/p>\n\n\n\n<p class=\"wp-block-paragraph\">Por \u00faltimo, se plantea la necesidad de impulsar la justicia social, mejorando la calidad de condiciones de trabajo y proporcionando mejor acceso a la seguridad social.<\/p>\n\n\n\n<p class=\"wp-block-paragraph\"><em>*Se califica como \u201cpobreza laboral\u201d a dichos trabajadores cuyos ingresos diarios son menores a 3.65$.<\/em><\/p>\n\n\n\n<p class=\"wp-block-paragraph\"><em>** La \u201ctasa de actividad\u201d indica la poblaci\u00f3n activa en el marcado laboral que cuenta con empleo.<\/em><\/p>\n","protected":false},"excerpt":{"rendered":"<p>\u00a9 OIT\/BMF Media Una mujer clasifica pimientos en una f\u00e1brica de Poncitl\u00e1n, M\u00e9xico. \u201cEl trabajo decente y el empleo productivo son esenciales para alcanzar la justicia social y los Objetivos de Desarrollo Sostenible (ODS)\u201d, explica Gilbert F. Houngbo, director general de la Organizaci\u00f3n Internacional del Trabajo. Redacci\u00f3n SemM\u00e9xico\/ONU Noticias, Cd. de M\u00e9xico, 18 de enero, [&hellip;]<\/p>\n","protected":false},"author":3,"featured_media":91873,"comment_status":"open","ping_status":"open","sticky":false,"template":"","format":"standard","meta":{"_monsterinsights_skip_tracking":false,"footnotes":""},"categories":[702],"tags":[],"class_list":["post-91872","post","type-post","status-publish","format-standard","has-post-thumbnail","category-economia"],"_links":{"self":[{"href":"https:\/\/redsemlac.com\/semmexico\/wp-json\/wp\/v2\/posts\/91872","targetHints":{"allow":["GET"]}}],"collection":[{"href":"https:\/\/redsemlac.com\/semmexico\/wp-json\/wp\/v2\/posts"}],"about":[{"href":"https:\/\/redsemlac.com\/semmexico\/wp-json\/wp\/v2\/types\/post"}],"author":[{"embeddable":true,"href":"https:\/\/redsemlac.com\/semmexico\/wp-json\/wp\/v2\/users\/3"}],"replies":[{"embeddable":true,"href":"https:\/\/redsemlac.com\/semmexico\/wp-json\/wp\/v2\/comments?post=91872"}],"version-history":[{"count":0,"href":"https:\/\/redsemlac.com\/semmexico\/wp-json\/wp\/v2\/posts\/91872\/revisions"}],"wp:featuredmedia":[{"embeddable":true,"href":"https:\/\/redsemlac.com\/semmexico\/wp-json\/wp\/v2\/media\/91873"}],"wp:attachment":[{"href":"https:\/\/redsemlac.com\/semmexico\/wp-json\/wp\/v2\/media?parent=91872"}],"wp:term":[{"taxonomy":"category","embeddable":true,"href":"https:\/\/redsemlac.com\/semmexico\/wp-json\/wp\/v2\/categories?post=91872"},{"taxonomy":"post_tag","embeddable":true,"href":"https:\/\/redsemlac.com\/semmexico\/wp-json\/wp\/v2\/tags?post=91872"}],"curies":[{"name":"wp","href":"https:\/\/api.w.org\/{rel}","templated":true}]}}