{"id":91866,"date":"2025-01-17T18:50:57","date_gmt":"2025-01-18T00:50:57","guid":{"rendered":"https:\/\/redsemlac.com\/semmexico\/?p=91866"},"modified":"2025-01-17T18:50:57","modified_gmt":"2025-01-18T00:50:57","slug":"urge-plan-de-proteccion-para-defensores-de-derechos-humanos-y-periodistas-con-acciones-especificas-y-medibles-en-el-gobierno-de-claudia-sheinbaum","status":"publish","type":"post","link":"https:\/\/redsemlac.com\/semmexico\/urge-plan-de-proteccion-para-defensores-de-derechos-humanos-y-periodistas-con-acciones-especificas-y-medibles-en-el-gobierno-de-claudia-sheinbaum\/","title":{"rendered":"Urge Plan de Protecci\u00f3n para Defensores de Derechos Humanos y Periodistas con acciones espec\u00edficas y medibles en el gobierno de Claudia Sheinbaum"},"content":{"rendered":"\n<p class=\"wp-block-paragraph\">Preocupan los recortes a los mecanismos de protecci\u00f3n del 4.27%<\/p>\n\n\n\n<p class=\"wp-block-paragraph\">Elda Montiel<\/p>\n\n\n\n<p class=\"wp-block-paragraph\">SemM\u00e9xico, &nbsp;Ciudad de M\u00e9xico, 17 de enero 2025.- A 100 d\u00edas del nuevo gobierno, falta una estrategia clara para atender los riesgos que enfrentan personas defensoras de derechos humanos y periodistas, por lo que las organizaciones de Espacio OSC hacen un llamado urgente al gobierno federal para establecer un Plan de Protecci\u00f3n con acciones espec\u00edficas y medibles.<\/p>\n\n\n\n<p class=\"wp-block-paragraph\">Le reconocen los avances en diversos como los programas sociales, garantizar la igualdad sustantiva entre mujeres y hombres, as\u00ed como el avance en el reconocimiento de los derechos de comunidades y pueblos ind\u00edgenas, pero falta una estrategia para atender los riesgos que enfrentan personas defensoras de derechos humanos y periodistas, que van desde homicidios, criminalizaci\u00f3n, campa\u00f1as de desprestigio, desplazamiento forzado, acoso judicial, violencia digital, entre otras.<\/p>\n\n\n\n<p class=\"wp-block-paragraph\">Las organizaciones del Espacio OSC demandan participar en conjunto con las Secretar\u00edas de Gobernaci\u00f3n, Relaciones Exteriores, Seguridad P\u00fablica y Ciudadana, y a la Fiscal\u00eda General de la Rep\u00fablica, quienes forman parte de la Junta de Gobierno del Mecanismo de Protecci\u00f3n para Personas Defensoras de Derechos Humanos y Periodistas, la creaci\u00f3n de una ruta de protecci\u00f3n integral, interseccional y preventiva que fortalezca la interlocuci\u00f3n con la sociedad civil, y el cuidado del espacio c\u00edvico.<\/p>\n\n\n\n<p class=\"wp-block-paragraph\">M\u00e9xico es uno de los tres pa\u00edses con m\u00e1s agresiones a personas defensoras y periodistas en el mundo y en los&nbsp; primeros meses del gobierno de Claudia Sheinbaum, se han documentado hechos tr\u00e1gicos contra personas defensoras de derechos humanos y periodistas en presunta relaci\u00f3n con su labor.<\/p>\n\n\n\n<p class=\"wp-block-paragraph\">Destacan el asesinato del activista y sacerdote Marcelo P\u00e9rez en Chiapas (20 de octubre) y del periodista Mauricio Cruz Sol\u00eds en Michoac\u00e1n (29 de octubre), la desaparici\u00f3n de Sandra Dom\u00ednguez en Oaxaca (4 de octubre), los ataques al peri\u00f3dico <em>El Debate<\/em> y la desaparici\u00f3n de su colaborador Sergio C\u00e1rdenas Hern\u00e1ndez en Sinaloa (17 de octubre), as\u00ed como las amenazas al <em>Semanario Zeta<\/em> en Baja California (29 de diciembre).<\/p>\n\n\n\n<p class=\"wp-block-paragraph\">Adem\u00e1s, del incremento de los riesgos que han sufrido las personas defensoras encargadas de brindar atenci\u00f3n a migrantes, solicitantes de protecci\u00f3n internacional, refugio y v\u00edctimas de desplazamiento forzado interno, cuyas situaciones de riesgo han ido en aumento.<\/p>\n\n\n\n<p class=\"wp-block-paragraph\">Preocupa el recorte del 4.27% al Mecanismo de Protecci\u00f3n Federal que paso de 624.9 millones de pesos en 2024 a&nbsp; 598.4 millones de pesos en 2025. La reducci\u00f3n de los recursos destinados a la Comisi\u00f3n Ejecutiva de Atenci\u00f3n a V\u00edctimas (CEAV), con un recorte del 3.6%, que afecta de manera directa la atenci\u00f3n a v\u00edctimas de violencia. En este caso, destaca la disminuci\u00f3n del presupuesto para el otorgamiento de recursos de ayuda, asistencia y reparaci\u00f3n integral, que se ajusta a 658 millones de pesos, lejos de los 909 millones que la Suprema Corte de Justicia hab\u00eda determinado como m\u00ednimo.<\/p>\n\n\n\n<p class=\"wp-block-paragraph\">Recuerdan los ataques recibidos en a\u00f1os anteriores, el pr\u00f3ximo mi\u00e9rcoles 15 de enero se cumplir\u00e1n dos a\u00f1os de la desaparici\u00f3n de los defensores del territorio Ricardo Arturo Lagunes Gasca y Antonio D\u00edaz Valencia, quienes contin\u00faan en la impunidad. Estos casos, junto con las m\u00e1s de 130 personas defensoras de derechos humanos y 68 periodistas asesinados desde 2017, reflejan el reto que representa la protecci\u00f3n.<\/p>\n\n\n\n<p class=\"wp-block-paragraph\">Las organizaciones que integran el Espacio OSC: ARTICLE 19; Casa del Migrante Saltillo; Centro de Derechos Humanos de la Monta\u00f1a Tlachinollan; Centro de Derechos Humanos Zeferino Ladrillero (CDHZL); Centro Mexicano de Derecho Ambiental (CEMDA); Centro Nacional de Comunicaci\u00f3n Social (Cencos); Comunicaci\u00f3n e Informaci\u00f3n de la Mujer A.C. (CIMAC); Consorcio para el Di\u00e1logo Parlamentarios y la Equidad Oaxaca (Consorcio Oaxaca); Instituto de Derecho Ambiental (IDEA), Red Nacional de Organismos Civiles de Derechos Humanos Todos los Derechos para Todas, Todos y todes (RedTDT); SMR: Scalabrinianas, Misi\u00f3n con Migrantes y Refugiados; Servicios y Asesor\u00eda para la Paz (Serapaz), Proyecto de Derechos Econ\u00f3micos Sociales y Culturales A.C. (PRODESC). El Espacio OSC est\u00e1 acompa\u00f1ado por Brigadas Internacionales de Paz (PBI) \u2013 Proyecto M\u00e9xico.&nbsp;<\/p>\n\n\n\n<p class=\"wp-block-paragraph\"><\/p>\n","protected":false},"excerpt":{"rendered":"<p>Preocupan los recortes a los mecanismos de protecci\u00f3n del 4.27% Elda Montiel SemM\u00e9xico, &nbsp;Ciudad de M\u00e9xico, 17 de enero 2025.- A 100 d\u00edas del nuevo gobierno, falta una estrategia clara para atender los riesgos que enfrentan personas defensoras de derechos humanos y periodistas, por lo que las organizaciones de Espacio OSC hacen un llamado urgente [&hellip;]<\/p>\n","protected":false},"author":3,"featured_media":91867,"comment_status":"open","ping_status":"open","sticky":false,"template":"","format":"standard","meta":{"_monsterinsights_skip_tracking":false,"footnotes":""},"categories":[694,48],"tags":[],"class_list":["post-91866","post","type-post","status-publish","format-standard","has-post-thumbnail","category-destacadas","category-no-mas-impunidad-no-mas-impunidad"],"_links":{"self":[{"href":"https:\/\/redsemlac.com\/semmexico\/wp-json\/wp\/v2\/posts\/91866","targetHints":{"allow":["GET"]}}],"collection":[{"href":"https:\/\/redsemlac.com\/semmexico\/wp-json\/wp\/v2\/posts"}],"about":[{"href":"https:\/\/redsemlac.com\/semmexico\/wp-json\/wp\/v2\/types\/post"}],"author":[{"embeddable":true,"href":"https:\/\/redsemlac.com\/semmexico\/wp-json\/wp\/v2\/users\/3"}],"replies":[{"embeddable":true,"href":"https:\/\/redsemlac.com\/semmexico\/wp-json\/wp\/v2\/comments?post=91866"}],"version-history":[{"count":0,"href":"https:\/\/redsemlac.com\/semmexico\/wp-json\/wp\/v2\/posts\/91866\/revisions"}],"wp:featuredmedia":[{"embeddable":true,"href":"https:\/\/redsemlac.com\/semmexico\/wp-json\/wp\/v2\/media\/91867"}],"wp:attachment":[{"href":"https:\/\/redsemlac.com\/semmexico\/wp-json\/wp\/v2\/media?parent=91866"}],"wp:term":[{"taxonomy":"category","embeddable":true,"href":"https:\/\/redsemlac.com\/semmexico\/wp-json\/wp\/v2\/categories?post=91866"},{"taxonomy":"post_tag","embeddable":true,"href":"https:\/\/redsemlac.com\/semmexico\/wp-json\/wp\/v2\/tags?post=91866"}],"curies":[{"name":"wp","href":"https:\/\/api.w.org\/{rel}","templated":true}]}}