{"id":91849,"date":"2025-01-17T13:45:03","date_gmt":"2025-01-17T19:45:03","guid":{"rendered":"https:\/\/redsemlac.com\/semmexico\/?p=91849"},"modified":"2025-01-17T13:45:04","modified_gmt":"2025-01-17T19:45:04","slug":"en-primera-persona-ya-me-quede-aqui-en-suecia-o-regrese-a-siria-quiero-contribuir-a-su-reconstruccion","status":"publish","type":"post","link":"https:\/\/redsemlac.com\/semmexico\/en-primera-persona-ya-me-quede-aqui-en-suecia-o-regrese-a-siria-quiero-contribuir-a-su-reconstruccion\/","title":{"rendered":"En Primera persona: Ya me quede aqu\u00ed, en Suecia, o regrese a Siria, quiero contribuir a su reconstrucci\u00f3n"},"content":{"rendered":"\n<p class=\"wp-block-paragraph\">Doaa Al Zamel , refugiada siria.<\/p>\n\n\n\n<p class=\"wp-block-paragraph\">&nbsp;Escuch\u00e9 que muchas personas, incluidas algunas cercanas a m\u00ed, quer\u00edan hacer el mismo viaje. No estuve de acuerdo, pero entend\u00ed sus razones&nbsp;<\/p>\n\n\n\n<p class=\"wp-block-paragraph\">Doaa Al-Zamel, activista siria y defensora de los derechos de los refugiados&nbsp; cuenta su experiencia<\/p>\n\n\n\n<p class=\"wp-block-paragraph\">Redacci\u00f3n<\/p>\n\n\n\n<p class=\"wp-block-paragraph\">SemM\u00e9xicoONU Noticias, Cd. De M\u00e9xico, 17 de enero, 2025.- La refugiada siria Doaa Al Zamel, que en 2017 plasm\u00f3 en su libro&nbsp;<em>Una esperanza m\u00e1s poderosa que el ma<\/em>r, su desgarradora historia sobre la huida de la guerra en su pa\u00eds, sobreviviendo incluso a un naufragio que muchos no pudieron contar, narra en primera persona para Noticias ONU c\u00f3mo ve el futuro de Siria.<\/p>\n\n\n\n<p class=\"wp-block-paragraph\">Despu\u00e9s del estallido de la guerra civil siria en 2011, Doaa Al Zamel y su familia se mudaron a Egipto, donde permanecieron tres a\u00f1os. Pero al cabo de ese tiempo, la situaci\u00f3n para los refugiados se deterior\u00f3 y, en 2014, ella y su prometido sirio pagaron a contrabandistas para que los llevaran a Europa por mar.<\/p>\n\n\n\n<p class=\"wp-block-paragraph\">Durante el viaje, su bote fue embestido por traficantes, provocando que 500 personas murieran ahogadas, incluyendo su prometido. Despu\u00e9s de cuatro d\u00edas en el mar, un barco mercante la salvo, junto con dos ni\u00f1os peque\u00f1os que hab\u00eda estado cargando todo ese tiempo (uno de ellos, de nueve meses, llamado Malak, y que muri\u00f3 cinco horas despu\u00e9s de ser rescatados).<\/p>\n\n\n\n<p class=\"wp-block-paragraph\">Al Zamel plasm\u00f3 en 2017 la historia de ese naufragio y su vida como refugiada en un libro titulado&nbsp;<em>Una esperanza m\u00e1s poderosa que el ma<\/em>r. Ahora, Noticias ONU la ha entrevistado para conocer sus reflexiones sobre la actual lucha por la paz y el futuro de la Siria post-Assad.<\/p>\n\n\n\n<p class=\"wp-block-paragraph\"><strong>\u00bfC\u00f3mo pueden matar a 500 personas?<\/strong><\/p>\n\n\n\n<p class=\"wp-block-paragraph\">\u201cHicimos tres intentos de salir de Egipto por mar. Las primeras dos veces fracasamos y, cada vez, nos encarcelaron durante 10 d\u00edas. Al tercer intento salimos desde la costa de Alejandr\u00eda.<\/p>\n\n\n\n<p class=\"wp-block-paragraph\">El \u00faltimo bote que abordamos estaba en muy malas condiciones [los migrantes fueron trasladados varias veces a diferentes barcos durante el viaje]. Lleg\u00f3 otra embarcaci\u00f3n, con gente que parec\u00eda pirata, maldici\u00e9ndonos e insult\u00e1ndonos. Hundieron nuestro bote y huyeron riendo.<\/p>\n\n\n\n<p class=\"wp-block-paragraph\">Hasta el d\u00eda de hoy, el sonido de sus risas todav\u00eda est\u00e1 en mis o\u00eddos y no puedo olvidarlo. La mayor\u00eda de los que iban a bordo se ahogaron. \u00bfC\u00f3mo pudieron matar a 500 personas, incluyendo ni\u00f1os, mujeres, familias y j\u00f3venes?<\/p>\n\n\n\n<p class=\"wp-block-paragraph\">Ten\u00eda un peque\u00f1o dispositivo de flotaci\u00f3n alrededor de mi cintura y estaba asustada porque no sab\u00eda nadar.&nbsp;Cargue a dos ni\u00f1as peque\u00f1as sobre mi pecho durante cuatro d\u00edas. Sus familiares me las dieron antes de que estos se ahogaran. Permanec\u00ed despierta, sin comida ni agua. Hac\u00eda fr\u00edo y hab\u00eda cad\u00e1veres a mi alrededor. La \u00fanica luz que pod\u00eda ver eran las estrellas en el cielo. El dolor y la muerte me rodeaban por todas partes.<\/p>\n\n\n\n<figure class=\"wp-block-image size-large\"><a href=\"https:\/\/redsemlac.com\/semmexico\/wp-content\/uploads\/2025\/01\/Opinion-Doaa-Al-Zamel-02.jpg\"><img loading=\"lazy\" decoding=\"async\" width=\"1024\" height=\"464\" src=\"https:\/\/redsemlac.com\/semmexico\/wp-content\/uploads\/2025\/01\/Opinion-Doaa-Al-Zamel-02-1024x464.jpg\" alt=\"\" class=\"wp-image-91851\" srcset=\"https:\/\/redsemlac.com\/semmexico\/wp-content\/uploads\/2025\/01\/Opinion-Doaa-Al-Zamel-02-1024x464.jpg 1024w, https:\/\/redsemlac.com\/semmexico\/wp-content\/uploads\/2025\/01\/Opinion-Doaa-Al-Zamel-02-300x136.jpg 300w, https:\/\/redsemlac.com\/semmexico\/wp-content\/uploads\/2025\/01\/Opinion-Doaa-Al-Zamel-02-768x348.jpg 768w, https:\/\/redsemlac.com\/semmexico\/wp-content\/uploads\/2025\/01\/Opinion-Doaa-Al-Zamel-02-150x68.jpg 150w, https:\/\/redsemlac.com\/semmexico\/wp-content\/uploads\/2025\/01\/Opinion-Doaa-Al-Zamel-02-696x315.jpg 696w, https:\/\/redsemlac.com\/semmexico\/wp-content\/uploads\/2025\/01\/Opinion-Doaa-Al-Zamel-02-1068x484.jpg 1068w, https:\/\/redsemlac.com\/semmexico\/wp-content\/uploads\/2025\/01\/Opinion-Doaa-Al-Zamel-02.jpg 1170w\" sizes=\"auto, (max-width: 1024px) 100vw, 1024px\" \/><\/a><\/figure>\n\n\n\n<p class=\"wp-block-paragraph\">\u00a9 UNICEF\/Muhannad Aldhaher<\/p>\n\n\n\n<p class=\"wp-block-paragraph\"><strong>Una familia se re\u00fane en un centro de acogida de la ciudad siria de Ar-Raqqa.<\/strong><\/p>\n\n\n\n<p class=\"wp-block-paragraph\"><strong>Falta de opciones<\/strong><\/p>\n\n\n\n<p class=\"wp-block-paragraph\">Tras ser salvada y llevada a Europa,&nbsp;escuch\u00e9 que muchas personas, incluidas algunas cercanas a m\u00ed, quer\u00edan hacer el mismo viaje. No estuve de acuerdo, pero entend\u00ed sus razones. Se ven obligados a hacerlo porque no hay otras opciones.<\/p>\n\n\n\n<p class=\"wp-block-paragraph\">Tuve que pasar por este viaje peligroso por mi familia. Quer\u00eda que ellos vivieran en condiciones mejores y m\u00e1s seguras. Quer\u00eda que mis hermanos menores estudiaran y vivieran a salvo lejos de las dif\u00edciles condiciones que experimentamos en Egipto, donde la vida era dif\u00edcil y no ten\u00edamos muchas oportunidades.<\/p>\n\n\n\n<p class=\"wp-block-paragraph\">Pudimos aprender sueco y ahora estoy estudiando ingl\u00e9s. Trabaj\u00e9 como asistente de profesor durante seis a\u00f1os y mi hermano peque\u00f1o ahora est\u00e1 por comenzar sus estudios universitarios. He tenido algunas experiencias muy buenas y he trabajado con buena gente que ama a los sirios.<\/p>\n\n\n\n<p class=\"wp-block-paragraph\">Actualmente, participo en conferencias con varias organizaciones afiliadas a universidades, escuelas o agencias de voluntariado. Hablo sobre automotivaci\u00f3n y de c\u00f3mo hay que superar las dificultades despu\u00e9s de pasar por experiencias dif\u00edciles. Hablo de los refugiados sirios y de los derechos de los refugiados.<\/p>\n\n\n\n<p class=\"wp-block-paragraph\"><strong>Los sirios merecen vivir seguros y alcanzar sus sue\u00f1os<\/strong><\/p>\n\n\n\n<p class=\"wp-block-paragraph\">Cuando escuch\u00e9 la noticia [de la ca\u00edda de Assad] fue como un sue\u00f1o para m\u00ed y para los muchos sirios que han sufrido. Llor\u00e9 desconsoladamente. Fue un sentimiento indescriptible, algo as\u00ed como un sue\u00f1o.<\/p>\n\n\n\n<p class=\"wp-block-paragraph\">Quiero hablar sobre el dolor y las voces de las madres que perdieron a sus hijos a causa de la tiran\u00eda de Bashar al-Assad. Despu\u00e9s de la liberaci\u00f3n,&nbsp;es necesario imaginar un futuro lleno de oportunidades, cambios positivos, paz y seguridad porque todos los sirios merecen vivir en libertad.<\/p>\n\n\n\n<p class=\"wp-block-paragraph\">Siria necesita mucha ayuda para reconstruir y borrar la destrucci\u00f3n. Ya sea que me quede aqu\u00ed, en Suecia, o que regrese,&nbsp;quiero contribuir a su reconstrucci\u00f3n para que todos podamos tener paz y seguridad.<\/p>\n\n\n\n<p class=\"wp-block-paragraph\">Los sirios merecen vivir en seguridad y alcanzar sus sue\u00f1os. Todos podemos contribuir de alguna manera, para apoyar a la comunidad, participar en proyectos de desarrollo y generar conciencia\u201d.<\/p>\n\n\n\n<p class=\"wp-block-paragraph\"><\/p>\n","protected":false},"excerpt":{"rendered":"<p>Doaa Al Zamel , refugiada siria. &nbsp;Escuch\u00e9 que muchas personas, incluidas algunas cercanas a m\u00ed, quer\u00edan hacer el mismo viaje. No estuve de acuerdo, pero entend\u00ed sus razones&nbsp; Doaa Al-Zamel, activista siria y defensora de los derechos de los refugiados&nbsp; cuenta su experiencia Redacci\u00f3n SemM\u00e9xicoONU Noticias, Cd. De M\u00e9xico, 17 de enero, 2025.- La refugiada [&hellip;]<\/p>\n","protected":false},"author":3,"featured_media":91850,"comment_status":"open","ping_status":"open","sticky":false,"template":"","format":"standard","meta":{"_monsterinsights_skip_tracking":false,"footnotes":""},"categories":[82,110,35],"tags":[],"class_list":["post-91849","post","type-post","status-publish","format-standard","has-post-thumbnail","category-la-opinion","category-la-opinion-columnas","category-opinion"],"_links":{"self":[{"href":"https:\/\/redsemlac.com\/semmexico\/wp-json\/wp\/v2\/posts\/91849","targetHints":{"allow":["GET"]}}],"collection":[{"href":"https:\/\/redsemlac.com\/semmexico\/wp-json\/wp\/v2\/posts"}],"about":[{"href":"https:\/\/redsemlac.com\/semmexico\/wp-json\/wp\/v2\/types\/post"}],"author":[{"embeddable":true,"href":"https:\/\/redsemlac.com\/semmexico\/wp-json\/wp\/v2\/users\/3"}],"replies":[{"embeddable":true,"href":"https:\/\/redsemlac.com\/semmexico\/wp-json\/wp\/v2\/comments?post=91849"}],"version-history":[{"count":0,"href":"https:\/\/redsemlac.com\/semmexico\/wp-json\/wp\/v2\/posts\/91849\/revisions"}],"wp:featuredmedia":[{"embeddable":true,"href":"https:\/\/redsemlac.com\/semmexico\/wp-json\/wp\/v2\/media\/91850"}],"wp:attachment":[{"href":"https:\/\/redsemlac.com\/semmexico\/wp-json\/wp\/v2\/media?parent=91849"}],"wp:term":[{"taxonomy":"category","embeddable":true,"href":"https:\/\/redsemlac.com\/semmexico\/wp-json\/wp\/v2\/categories?post=91849"},{"taxonomy":"post_tag","embeddable":true,"href":"https:\/\/redsemlac.com\/semmexico\/wp-json\/wp\/v2\/tags?post=91849"}],"curies":[{"name":"wp","href":"https:\/\/api.w.org\/{rel}","templated":true}]}}