{"id":91833,"date":"2025-01-16T17:41:52","date_gmt":"2025-01-16T23:41:52","guid":{"rendered":"https:\/\/redsemlac.com\/semmexico\/?p=91833"},"modified":"2025-01-16T17:41:53","modified_gmt":"2025-01-16T23:41:53","slug":"bellas-y-airosas-tu-argumentario-feminista-de-julia-salander","status":"publish","type":"post","link":"https:\/\/redsemlac.com\/semmexico\/bellas-y-airosas-tu-argumentario-feminista-de-julia-salander\/","title":{"rendered":"Bellas y airosas | Tu argumentario feminista de J\u00falia Salander"},"content":{"rendered":"\n<p class=\"wp-block-paragraph\"><\/p>\n\n\n\n<p class=\"wp-block-paragraph\">Elvira Hern\u00e1ndez Carballido<\/p>\n\n\n\n<p class=\"wp-block-paragraph\">SemM\u00e9xico, Pachuca, Hidalgo, 16&nbsp; de enero, 2025<em>.- \u201cEl libro que tienes en tus manos te proporcionar\u00e1 el placer que se experimenta al callar bocas con rigor y conocimiento. Adem\u00e1s, te dar\u00e1 las herramientas para llevar a cabo la acci\u00f3n individual m\u00e1s eficaz que podemos ejecutar: informarte sobre la realidad de las mujeres bas\u00e1ndote en la evidencia que aportan los datos.\u201d<\/em><\/p>\n\n\n\n<p class=\"wp-block-paragraph\">Este fragmento del pr\u00f3logo escrito por Sindy Takanashi invita grata y provocadoramente a leer <em>\u201cTu argumentario feminista\u201d<\/em> de J\u00falia Salander. Una recomendable obra, bien dice en su introducci\u00f3n que posee \u201c150 verdades objetivas que se convierten en 150 argumentos para debatir con la realidad en la mano y en 150 razones para seguir luchando para combatir el machismo hasta el final\u201d.&nbsp;<\/p>\n\n\n\n<p class=\"wp-block-paragraph\">En efecto, a lo largo de 190 p\u00e1ginas la autora nos presenta porcentajes y estad\u00edsticas impecables sobre siete tem\u00e1ticas significativas: Socializaci\u00f3n y amor rom\u00e1ntico; Feminicidios y agresiones; Representaci\u00f3n; Mercado laboral; Maternidades y cuidados; Salud, salud mental y violencia est\u00e9tica; y, Violencia sexual y sexualidad. Aunque algunos datos se centran en Espa\u00f1a, la edici\u00f3n para M\u00e9xico destaca panoramas que trazan con acierto lo que vivimos en nuestro pa\u00eds. Salander tiene bien claro que no basta una cifra para persuadir o sensibilizar:<\/p>\n\n\n\n<p class=\"wp-block-paragraph\"><em>La necesidad de datos no implica que no debamos ser muy precavidas con el uso de los indicadores, ya que existen dos problemas potenciales: caer en la deshumanizaci\u00f3n y el peligro de la fiabilidad de los datos. Sobre el primero, es cierto que un n\u00famero es algo fr\u00edo e inerte, pero detr\u00e1s de los n\u00fameros siempre hay personas sintientes, historias y realidades complejas. Cualquier indicador necesita de un contexto para que tenga sentido; el n\u00famero de forma aislada nos da muy poca informaci\u00f3n, pero al acompa\u00f1arlo de un contexto y de una teor\u00eda o hip\u00f3tesis es cuando aporta realmente valor.<\/em><\/p>\n\n\n\n<p class=\"wp-block-paragraph\">Y la investigadora sigue puntualmente su perspectiva, hay datos, pero tambi\u00e9n explicaciones, referencias, reflexiones que humanizan cada cifra, que alertan ante problem\u00e1ticas graves que caracterizan al siglo XXI, que seguimos arrastrando desde hace mucho tiempo. Es as\u00ed como en cada p\u00e1gina hay un formato general:&nbsp;<\/p>\n\n\n\n<ul class=\"wp-block-list\">\n<li><em>Introducci\u00f3n del cap\u00edtulo. <\/em>Justifica la elecci\u00f3n de la tem\u00e1tica y el porqu\u00e9 de su importancia.\u00a0<\/li>\n\n\n\n<li><em>Encabezado<\/em>. Ofrece el porcentaje o cifra a destacar.<\/li>\n\n\n\n<li><em>Contexto.<\/em> Expone una argumentaci\u00f3n clara del tema, explica con referencias los puntos significativos, define y categoriza cuando es necesario, presenta ejemplos o casos muy representativos para dimensionar la situaci\u00f3n que se denuncia.\u00a0<\/li>\n\n\n\n<li><em>Recuadros.<\/em> La informaci\u00f3n se complementa con diferentes vi\u00f1etas. Una de ellas es <em>\u201cDato mata relato\u201d,<\/em> donde agrega breves descripciones del asunto abordado. Otra, \u201c<em>El dato que te peta la cabeza\u201d,<\/em> ampl\u00eda informaci\u00f3n num\u00e9rica del tema tratado. <em>\u201cIndagando que es gerundio\u201d<\/em> asemeja el significado de esta forma verbal al referirse a la posibilidad de aparecer en diversos contextos en los que se posee un car\u00e1cter adverbial. En tanto, <em>\u201cDel dato a la idea\u201d<\/em> y <em>\u201cEn el terreno de las ideas\u201d<\/em> recomienda referencias que permitan profundizar en el tema.<\/li>\n<\/ul>\n\n\n\n<p class=\"wp-block-paragraph\">Resulta dif\u00edcil en una rese\u00f1a se\u00f1alar cada una de las 150 razones que el libro recupera, les compartir\u00e9 algunas, sobre todo, las que m\u00e1s llamaron mi atenci\u00f3n.&nbsp;<\/p>\n\n\n\n<p class=\"wp-block-paragraph\">En el primer cap\u00edtulo, \u201cSocializaci\u00f3n y amor rom\u00e1ntico\u201d, se\u00f1ala en cu\u00e1nto tiempo la ni\u00f1ez aprende los estereotipos de g\u00e9nero, denuncia que en la vida escolar infantil el 80 por ciento del patio pertenece a los ni\u00f1os. Sobre M\u00e9xico indica que el 37% de nosotras se identifica como feminista. Destaca en general que el 60% de canciones hablan sobre amor rom\u00e1ntico y los filmes con historias amorosas.&nbsp;<\/p>\n\n\n\n<p class=\"wp-block-paragraph\">\u201cFeminicidios y agresiones machistas\u201d desgraciadamente reitera esos datos que nos parten el alma y provocan levantar el pu\u00f1o con total coraje e indignaci\u00f3n. Destaca que se centre en nuestro pa\u00eds, aunque la informaci\u00f3n reportada es de 2022.&nbsp;<\/p>\n\n\n\n<p class=\"wp-block-paragraph\">Por su parte, el cap\u00edtulo de \u201cRepresentaci\u00f3n\u201d fue el que m\u00e1s me impresion\u00f3. Advertir que solo el 33% de los personajes animados son ni\u00f1as, que solamente el 29% de las actrices de m\u00e1s de 40 a\u00f1os tienen protag\u00f3nicos o que el 38% de las pel\u00edculas de 2021 no pasan la prueba de Bechdel: \u201c<em>1) como m\u00ednimo han de aparecer dos mujeres, 2) han de hablar entre ellas y 3) que la charla no sea sobre un hombre.\u201d<\/em><\/p>\n\n\n\n<p class=\"wp-block-paragraph\">Otros datos m\u00e1s para pensar aparecen en el cuarto cap\u00edtulo, \u201cMercado laboral\u201d, donde la autora da a conocer 12 razones que demuestran la manera en que el patriarcado sigue provocando bajos salarios para las mujeres, doble o triple jornada de trabajo, y que la brecha salarial no ha disminuido. De igual manera, el en cinco, \u201cMaternidad y cuidados\u201d los datos son contundentes, sobre todo en el caso de M\u00e9xico: el 33.4 de las mujeres sufri\u00f3 alg\u00fan tipo de maltrato en el parto, 9 de cada 10 madres se sienten juzgadas con frecuencia, cada 5 d\u00edas despiden a una mujer embarazada, hay m\u00e1s ces\u00e1reas que partos naturales y el 65 por ciento de las horas de la semana las usamos en tareas dom\u00e9sticas y de cuidado.&nbsp;<\/p>\n\n\n\n<p class=\"wp-block-paragraph\">Preocupa el tema sobre salud, salud mental y violencia est\u00e9tica abordado en la sexta parte del libro: Mueren de infarto el doble de mujeres que de hombres, hasta el 2005 no se supo c\u00f3mo era el cl\u00edtoris, el 55% de mujeres no explican que tienen la menopausia a su entorno m\u00e1s cercano, el 85% de operaciones est\u00e9ticas son para mujeres porque se sienten infelices con su aspecto f\u00edsico, el 99% depila alguna parte de su cuerpo, desde los 12 a\u00f1os las ni\u00f1as empiezan tratamientos de belleza.<\/p>\n\n\n\n<p class=\"wp-block-paragraph\">El cap\u00edtulo final, \u201cViolencia sexual y sexualidad\u201d, el m\u00e1s extenso de todos, da a conocer \u201c37 razones que ponen de manifiesto una realidad: la violencia sexual es una pandemia. Entenderemos datos sobre agresiones sexuales, pornograf\u00eda, prostituci\u00f3n, OnlyFans, el tab\u00fa que sigue existiendo al hablar de sexo, pr\u00e1cticas sexuales, infecciones de transmisi\u00f3n y orientaciones sexuales\u201d. Al llegar el ep\u00edlogo la autora nos pregunta: \u00bfY ahora qu\u00e9?<\/p>\n\n\n\n<p class=\"wp-block-paragraph\"><em>Nos intentar\u00e1n dividir y desviar de lo verdaderamente importante nos har\u00e1n creer que la opresi\u00f3n no existe y que somos unas exageradas. Pero ahora vamos con los datos en la mano. No son hip\u00f3tesis ni instituciones, sino hechos objetivos que corroboran lo que llevamos siglos denunciando. Nos enfrentamos al machismo m\u00e1s rancio y tambi\u00e9n al m\u00e1s sutil; al m\u00e1s evidente y agresivo, pero tambi\u00e9n al que se camufla y se vuelve m\u00e1s imperceptible. Para luchar contra todos ellos, los datos son una de las herramientas m\u00e1s \u00fatiles que tenemos a nuestro alcance.<\/em><\/p>\n\n\n\n<p class=\"wp-block-paragraph\">Salander, J\u00falia. (2024). <em>Tu argumentario feminista en datos. 150 razones para combatir el machismo.<\/em> Editorial Montena. M\u00e9xico.&nbsp;<\/p>\n","protected":false},"excerpt":{"rendered":"<p>Elvira Hern\u00e1ndez Carballido SemM\u00e9xico, Pachuca, Hidalgo, 16&nbsp; de enero, 2025.- \u201cEl libro que tienes en tus manos te proporcionar\u00e1 el placer que se experimenta al callar bocas con rigor y conocimiento. Adem\u00e1s, te dar\u00e1 las herramientas para llevar a cabo la acci\u00f3n individual m\u00e1s eficaz que podemos ejecutar: informarte sobre la realidad de las mujeres [&hellip;]<\/p>\n","protected":false},"author":3,"featured_media":70197,"comment_status":"open","ping_status":"open","sticky":false,"template":"","format":"standard","meta":{"_monsterinsights_skip_tracking":false,"footnotes":""},"categories":[202,35],"tags":[],"class_list":["post-91833","post","type-post","status-publish","format-standard","has-post-thumbnail","category-elvira-hernandez-carballido","category-opinion"],"_links":{"self":[{"href":"https:\/\/redsemlac.com\/semmexico\/wp-json\/wp\/v2\/posts\/91833","targetHints":{"allow":["GET"]}}],"collection":[{"href":"https:\/\/redsemlac.com\/semmexico\/wp-json\/wp\/v2\/posts"}],"about":[{"href":"https:\/\/redsemlac.com\/semmexico\/wp-json\/wp\/v2\/types\/post"}],"author":[{"embeddable":true,"href":"https:\/\/redsemlac.com\/semmexico\/wp-json\/wp\/v2\/users\/3"}],"replies":[{"embeddable":true,"href":"https:\/\/redsemlac.com\/semmexico\/wp-json\/wp\/v2\/comments?post=91833"}],"version-history":[{"count":0,"href":"https:\/\/redsemlac.com\/semmexico\/wp-json\/wp\/v2\/posts\/91833\/revisions"}],"wp:featuredmedia":[{"embeddable":true,"href":"https:\/\/redsemlac.com\/semmexico\/wp-json\/wp\/v2\/media\/70197"}],"wp:attachment":[{"href":"https:\/\/redsemlac.com\/semmexico\/wp-json\/wp\/v2\/media?parent=91833"}],"wp:term":[{"taxonomy":"category","embeddable":true,"href":"https:\/\/redsemlac.com\/semmexico\/wp-json\/wp\/v2\/categories?post=91833"},{"taxonomy":"post_tag","embeddable":true,"href":"https:\/\/redsemlac.com\/semmexico\/wp-json\/wp\/v2\/tags?post=91833"}],"curies":[{"name":"wp","href":"https:\/\/api.w.org\/{rel}","templated":true}]}}