{"id":91776,"date":"2025-01-15T16:05:33","date_gmt":"2025-01-15T22:05:33","guid":{"rendered":"https:\/\/redsemlac.com\/semmexico\/?p=91776"},"modified":"2025-01-15T16:05:34","modified_gmt":"2025-01-15T22:05:34","slug":"guerrero-no-es-un-santuario-de-derechos-humanos-teodomira-rosales-sierra","status":"publish","type":"post","link":"https:\/\/redsemlac.com\/semmexico\/guerrero-no-es-un-santuario-de-derechos-humanos-teodomira-rosales-sierra\/","title":{"rendered":"Guerrero no es un santuario de derechos humanos: Teodomira Rosales Sierra"},"content":{"rendered":"\n<ul class=\"wp-block-list\">\n<li>Revira la directora del Centro Morelos al dicho de la gobernadora de Guerrero<\/li>\n\n\n\n<li>M\u00faltiples desigualdades y desatenci\u00f3n a familias de v\u00edctimas de desplazamiento y desaparici\u00f3n forzada<\/li>\n<\/ul>\n\n\n\n<p class=\"wp-block-paragraph\">Redacci\u00f3n<\/p>\n\n\n\n<p class=\"wp-block-paragraph\">SemM\u00e9xico\/Ceprovysa, Chilapa de \u00c1lvarez, Gro., 15 de enero, 2025.- Las comunidades ind\u00edgenas de la entidad enfrentan m\u00faltiples desigualdades, que se ahondan con la desatenci\u00f3n a las familias v\u00edctimas de desplazamiento interno forzado y familias de v\u00edctimas de desaparici\u00f3n forzada multiplicando los niveles de desigualdad, sostuvo Teodomira Rosales Sierra, quien sostuvo que la realidad contrasta con lo que alguna vez sostuvo la gobernadora Evelyn Salgado Pineda, en el sentido de que Guerrero ser\u00eda un santuario de los derechos humanos.<\/p>\n\n\n\n<p class=\"wp-block-paragraph\">Ante ese panorama, durante la reuni\u00f3n del 11 de enero pasado se analizaron las m\u00faltiples desigualdades que enfrentan las comunidades ind\u00edgenas, pero tambi\u00e9n la desatenci\u00f3n a las v\u00edctimas, como la atenci\u00f3n psicol\u00f3gica, m\u00e9dica, educativa, y lo m\u00e1s complicado es no tener empleo ni apoyos sociales a las v\u00edctimas.<\/p>\n\n\n\n<p class=\"wp-block-paragraph\">La directora del Centro Morelos inform\u00f3 que como resultado de una reuni\u00f3n que sostuvieron el pasado 11 de enero, analizaron los acuerdos que el gobierno estatal no cumpli\u00f3 en 2024, en especial que afectan a familias v\u00edctimas de desplazamiento interno forzado y familias de v\u00edctimas de desaparici\u00f3n forzada en total abandono por parte de las autoridades.<\/p>\n\n\n\n<p class=\"wp-block-paragraph\">Explica que no se realiz\u00f3, por parte de las instancias correspondientes, la b\u00fasqueda de sus familiares desaparecidos. Tampoco realizaron las investigaciones indispensables para dar con los responsables de las desapariciones.<\/p>\n\n\n\n<p class=\"wp-block-paragraph\"><br>La Comisi\u00f3n Ejecutiva Estatal de Atenci\u00f3n a V\u00edctimas de Guerrero (CEAV), a cargo de Enedina Medrano, incumpli\u00f3 con el pago a las familias de los meses de octubre, noviembre y diciembre de 2023 y en 2024 ocurri\u00f3 lo mismo, por lo tanto, les deben seis meses de la canasta b\u00e1sica. Adem\u00e1s de deso\u00edr la petici\u00f3n de igualar el recurso que se entrega a las familias al mismo nivel de lo que otorga la CEAV Federal.<\/p>\n\n\n\n<p class=\"wp-block-paragraph\"><br>Tambi\u00e9n se\u00f1ala que Anacleta L\u00f3pez Vega, encargada de despacho de la Secretar\u00eda de General de Gobierno de Guerrero, no ha concedido la audiencia solicitada desde el mes de noviembre para que se cumpla con los derechos humanos de las v\u00edctimas de desaparici\u00f3n forzada y sus familias, as\u00ed como con las familias v\u00edctimas de desplazamiento interno forzado, donde muchas familias no han recibido el apoyo econ\u00f3mico para la canasta b\u00e1sica y a otras no les han entregado las despensas mensuales que les entregaban.<\/p>\n\n\n\n<p class=\"wp-block-paragraph\"><br>Analizamos adem\u00e1s que desde la administraci\u00f3n pasada estamos articulados con todos los colectivos del estado de guerrero para luchar por la aprobaci\u00f3n de la propuesta de Ley en Materia de Desaparici\u00f3n Forzada de Personas del Estado de Guerrero.<\/p>\n\n\n\n<p class=\"wp-block-paragraph\"><br>Otro acuerdo pendiente con el gobierno estatal ya hablado es la reparaci\u00f3n del da\u00f1o a las familias a las que ya se les entregaron los restos de sus familiares desaparecidos.<\/p>\n\n\n\n<p class=\"wp-block-paragraph\"><br>Tambi\u00e9n informa que un Amicus Curae fue firmado por la directora del Centro Regional de Defensa de Derechos Humanos, Jos\u00e9 Ma. Morelos y Pav\u00f3n, Teodomira Rosales Sierra, y otras organizaciones de Estados Unidos de Norteam\u00e9rica, ante la corte de ese pa\u00eds, mediante el cual se busca detener el tr\u00e1fico de armas a M\u00e9xico y disminuir a mediano y largo plazo la violencia y criminalidad que ha dejado en la orfandad y en muy alta crisis humanitaria a cientos de miles de ni\u00f1as, ni\u00f1os y a sus madres.<\/p>\n\n\n\n<p class=\"wp-block-paragraph\"><br>En esa reuni\u00f3n se acord\u00f3 realizar manifestaciones como la \u00fanica manera de conquistar nuestros derechos y hacemos responsable a la gobernadora (Evelyn Salgado Pineda), a la encargada de la CEAV y al gobierno federal de lo que nos suceda, \u201cporque solo con mirar las condiciones en que se encuentran a estas ni\u00f1as y ni\u00f1os y sus madres nos basta para seguir caminando\u201d.<\/p>\n\n\n\n<p class=\"wp-block-paragraph\">SEM-Ceprovysa\/sj<\/p>\n","protected":false},"excerpt":{"rendered":"<p>Redacci\u00f3n SemM\u00e9xico\/Ceprovysa, Chilapa de \u00c1lvarez, Gro., 15 de enero, 2025.- Las comunidades ind\u00edgenas de la entidad enfrentan m\u00faltiples desigualdades, que se ahondan con la desatenci\u00f3n a las familias v\u00edctimas de desplazamiento interno forzado y familias de v\u00edctimas de desaparici\u00f3n forzada multiplicando los niveles de desigualdad, sostuvo Teodomira Rosales Sierra, quien sostuvo que la realidad contrasta [&hellip;]<\/p>\n","protected":false},"author":3,"featured_media":91777,"comment_status":"open","ping_status":"open","sticky":false,"template":"","format":"standard","meta":{"_monsterinsights_skip_tracking":false,"footnotes":""},"categories":[700],"tags":[],"class_list":["post-91776","post","type-post","status-publish","format-standard","has-post-thumbnail","category-estados"],"_links":{"self":[{"href":"https:\/\/redsemlac.com\/semmexico\/wp-json\/wp\/v2\/posts\/91776","targetHints":{"allow":["GET"]}}],"collection":[{"href":"https:\/\/redsemlac.com\/semmexico\/wp-json\/wp\/v2\/posts"}],"about":[{"href":"https:\/\/redsemlac.com\/semmexico\/wp-json\/wp\/v2\/types\/post"}],"author":[{"embeddable":true,"href":"https:\/\/redsemlac.com\/semmexico\/wp-json\/wp\/v2\/users\/3"}],"replies":[{"embeddable":true,"href":"https:\/\/redsemlac.com\/semmexico\/wp-json\/wp\/v2\/comments?post=91776"}],"version-history":[{"count":0,"href":"https:\/\/redsemlac.com\/semmexico\/wp-json\/wp\/v2\/posts\/91776\/revisions"}],"wp:featuredmedia":[{"embeddable":true,"href":"https:\/\/redsemlac.com\/semmexico\/wp-json\/wp\/v2\/media\/91777"}],"wp:attachment":[{"href":"https:\/\/redsemlac.com\/semmexico\/wp-json\/wp\/v2\/media?parent=91776"}],"wp:term":[{"taxonomy":"category","embeddable":true,"href":"https:\/\/redsemlac.com\/semmexico\/wp-json\/wp\/v2\/categories?post=91776"},{"taxonomy":"post_tag","embeddable":true,"href":"https:\/\/redsemlac.com\/semmexico\/wp-json\/wp\/v2\/tags?post=91776"}],"curies":[{"name":"wp","href":"https:\/\/api.w.org\/{rel}","templated":true}]}}