{"id":91761,"date":"2025-01-14T15:49:36","date_gmt":"2025-01-14T21:49:36","guid":{"rendered":"https:\/\/redsemlac.com\/semmexico\/?p=91761"},"modified":"2025-01-14T15:49:48","modified_gmt":"2025-01-14T21:49:48","slug":"la-voz-de-la-ip-el-sexenio-de-las-mujeres","status":"publish","type":"post","link":"https:\/\/redsemlac.com\/semmexico\/la-voz-de-la-ip-el-sexenio-de-las-mujeres\/","title":{"rendered":"La voz de la IP \/ \u00bfEl sexenio de las mujeres?"},"content":{"rendered":"\n<p class=\"wp-block-paragraph\">&nbsp;Ximena C\u00e9spedes*<\/p>\n\n\n\n<p class=\"wp-block-paragraph\">SemM\u00e9xico, Cd. de M\u00e9xico, 14 de enero, 2025.- \u201dLlegamos todas\u201d fue la consigna en el discurso de toma de posesi\u00f3n de la actual presidenta de M\u00e9xico, Claudia Sheinbaum; sin embargo, a 100 d\u00edas de Gobierno, la pregunta obligada es c\u00f3mo estaremos las mujeres en este sexenio, empezando por el 2025.<\/p>\n\n\n\n<p class=\"wp-block-paragraph\">Por un lado, las cifras en 2024 sobre empoderamiento pol\u00edtico son positivas. De acuerdo con el \u00edndice sobre brecha de g\u00e9nero del Foro Econ\u00f3mico Mundial, aunque M\u00e9xico se mantuvo en el ranking en la posici\u00f3n 33 de 146, avanz\u00f3 en cuanto al porcentaje de mujeres en el poder legislativo, puestos de secretar\u00edas de Estado y obviamente, con una mujer presidenta. Pas\u00f3 del puesto 45 en 2006 al 14 en 2024.<\/p>\n\n\n\n<p class=\"wp-block-paragraph\">Sin embargo, sigue debiendo en temas de participaci\u00f3n y oportunidades econ\u00f3micas donde M\u00e9xico est\u00e1 en el lugar 122 de 146, en brecha de ingresos por g\u00e9nero en el puesto 119, aunque seg\u00fan el mismo informe alcanz\u00f3 un nivel de paridad en profesionales t\u00e9cnicos al lograr que el 49.5 por ciento sean mujeres.<\/p>\n\n\n\n<p class=\"wp-block-paragraph\">Otro tema al que no estamos llegando todas es en materia de violencia de g\u00e9nero. Si bien somos uno de los pa\u00edses con una legislaci\u00f3n avanzada y progresista, de acuerdo con la Unesco, en 2024 al menos 10 mujeres diariamente fueron v\u00edctimas de feminicidio, mientras que en 2023 la cifra era de 9.<\/p>\n\n\n\n<p class=\"wp-block-paragraph\">Tambi\u00e9n calculan que m\u00e1s de 10 millones de mujeres, adolescentes y j\u00f3venes fueron v\u00edctimas de ciberacoso, y un tercio de ellas recibi\u00f3 contenido sexual no solicitado o mensajes de \u00edndole sexual.<\/p>\n\n\n\n<p class=\"wp-block-paragraph\">La violencia en el mundo laboral es otro de los temas que se requieren atender, siendo que al menos el 27.9 por ciento de las mujeres en M\u00e9xico ha sufrido violencia en el trabajo al menos una vez en su vida y 6 millones de ellas no acudieron a ninguna instituci\u00f3n o autoridad a denunciar.<\/p>\n\n\n\n<p class=\"wp-block-paragraph\">Finalmente, el tema de justicia e impunidad tambi\u00e9n afecta a las mujeres. Se se\u00f1ala que al menos el 92.9 por ciento de los delitos quedan impunes porque no son denunciados por la v\u00edctima o porque las autoridades no abrieron carpeta de investigaci\u00f3n.<\/p>\n\n\n\n<p class=\"wp-block-paragraph\">Como se puede observar, los retos siguen siendo enormes en materia de atenci\u00f3n y empoderamiento de las mujeres, por lo que proponemos algunas \u00e1reas en las que podr\u00eda poner \u00e9nfasis el Gobierno:<\/p>\n\n\n\n<p class=\"wp-block-paragraph\">Trabajar desde la percepci\u00f3n e impartici\u00f3n de justicia con perspectiva de g\u00e9nero.<\/p>\n\n\n\n<p class=\"wp-block-paragraph\">Ampliar el presupuesto para las mujeres, pero no desviarlo a programas de ayuda directa sino reforzar los de concientizaci\u00f3n, educaci\u00f3n y justicia.<\/p>\n\n\n\n<p class=\"wp-block-paragraph\">Tambi\u00e9n el de retomar los programas de estancias infantiles y de dotar de mayores recursos a las l\u00edneas de atenci\u00f3n tanto psicol\u00f3gicas como jur\u00eddicas y a los refugios.<\/p>\n\n\n\n<p class=\"wp-block-paragraph\">Fortalecer la educaci\u00f3n de las mujeres, principalmente en carreras STEM en todos los Estados de la Rep\u00fablica.<\/p>\n\n\n\n<p class=\"wp-block-paragraph\">Fomentar la corresponsabilidad de los cuidados tanto de hijos como de padres mayores para atender la realidad actual del mercado laboral.<\/p>\n\n\n\n<p class=\"wp-block-paragraph\">Extender una mayor cobertura tanto en temas salariales como de salud a las mujeres que trabajan en la informalidad.<\/p>\n\n\n\n<p class=\"wp-block-paragraph\">Revisar las leyes actuales para que estas avalen el avance de las mujeres y reconozcan la legitimidad frente a la sociedad.<\/p>\n\n\n\n<p class=\"wp-block-paragraph\">Destinar recursos espec\u00edficos para temas de desarrollo de proyectos de sustentabilidad en los que participen las mujeres.<\/p>\n\n\n\n<p class=\"wp-block-paragraph\">Integrarlas a los procesos de paz.<\/p>\n\n\n\n<p class=\"wp-block-paragraph\">El reto es grande pero adicionalmente hay un cambio cultural que deber\u00eda nacer desde la misma Presidenta y de la Secretar\u00eda de las Mujeres y es el impulso a la sororidad, a la admiraci\u00f3n de unas mujeres a otras para que esto catapulte a m\u00e1s mujeres, aumente la reputaci\u00f3n y la credibilidad del g\u00e9nero y que efectivamente, lleguemos todas. #Opini\u00f3nCoparmex<\/p>\n\n\n\n<p class=\"wp-block-paragraph\"><strong><em>Presidenta del Comit\u00e9 de Difusi\u00f3n de Coparmex Nacional<\/em><\/strong><\/p>\n\n\n\n<p class=\"wp-block-paragraph\"><strong><em>*Publicado originalmente en El Sol de M\u00e9xico, 14 de enero 2025<\/em><\/strong><\/p>\n","protected":false},"excerpt":{"rendered":"<p>&nbsp;Ximena C\u00e9spedes* SemM\u00e9xico, Cd. de M\u00e9xico, 14 de enero, 2025.- \u201dLlegamos todas\u201d fue la consigna en el discurso de toma de posesi\u00f3n de la actual presidenta de M\u00e9xico, Claudia Sheinbaum; sin embargo, a 100 d\u00edas de Gobierno, la pregunta obligada es c\u00f3mo estaremos las mujeres en este sexenio, empezando por el 2025. Por un lado, [&hellip;]<\/p>\n","protected":false},"author":3,"featured_media":91767,"comment_status":"open","ping_status":"open","sticky":false,"template":"","format":"standard","meta":{"_monsterinsights_skip_tracking":false,"footnotes":""},"categories":[702],"tags":[],"class_list":["post-91761","post","type-post","status-publish","format-standard","has-post-thumbnail","category-economia"],"_links":{"self":[{"href":"https:\/\/redsemlac.com\/semmexico\/wp-json\/wp\/v2\/posts\/91761","targetHints":{"allow":["GET"]}}],"collection":[{"href":"https:\/\/redsemlac.com\/semmexico\/wp-json\/wp\/v2\/posts"}],"about":[{"href":"https:\/\/redsemlac.com\/semmexico\/wp-json\/wp\/v2\/types\/post"}],"author":[{"embeddable":true,"href":"https:\/\/redsemlac.com\/semmexico\/wp-json\/wp\/v2\/users\/3"}],"replies":[{"embeddable":true,"href":"https:\/\/redsemlac.com\/semmexico\/wp-json\/wp\/v2\/comments?post=91761"}],"version-history":[{"count":0,"href":"https:\/\/redsemlac.com\/semmexico\/wp-json\/wp\/v2\/posts\/91761\/revisions"}],"wp:featuredmedia":[{"embeddable":true,"href":"https:\/\/redsemlac.com\/semmexico\/wp-json\/wp\/v2\/media\/91767"}],"wp:attachment":[{"href":"https:\/\/redsemlac.com\/semmexico\/wp-json\/wp\/v2\/media?parent=91761"}],"wp:term":[{"taxonomy":"category","embeddable":true,"href":"https:\/\/redsemlac.com\/semmexico\/wp-json\/wp\/v2\/categories?post=91761"},{"taxonomy":"post_tag","embeddable":true,"href":"https:\/\/redsemlac.com\/semmexico\/wp-json\/wp\/v2\/tags?post=91761"}],"curies":[{"name":"wp","href":"https:\/\/api.w.org\/{rel}","templated":true}]}}