{"id":9176,"date":"2019-06-25T21:54:07","date_gmt":"2019-06-25T21:54:07","guid":{"rendered":"https:\/\/redsemlac.com\/semmexico\/?p=9176"},"modified":"2023-07-21T14:49:39","modified_gmt":"2023-07-21T19:49:39","slug":"la-lucha-contra-la-discriminacion-multiple-pasa-por-desarmarizar-el-movimiento-lgtbi","status":"publish","type":"post","link":"https:\/\/redsemlac.com\/semmexico\/la-lucha-contra-la-discriminacion-multiple-pasa-por-desarmarizar-el-movimiento-lgtbi\/","title":{"rendered":"La lucha contra la discriminaci\u00f3n m\u00faltiple pasa por \u201cdesarmarizar\u201d el movimiento LGTBI"},"content":{"rendered":"\n<p class=\"wp-block-paragraph\"><strong><em>Tambi\u00e9n piden una mayor visibilidad para luchar contra esa discriminaci\u00f3n.<\/em><\/strong><\/p>\n\n\n\n<p class=\"wp-block-paragraph\"><strong>Redacci\u00f3n<\/strong><\/p>\n\n\n\n<p class=\"wp-block-paragraph\">SemM\u00e9xico.\/ AmecoPress . Madrid, 25 junio. 19. &#8211; CERMI ha acogido este lunes un encuentro con personas con discapacidad LGTBI durante el que han hecho un llamamiento para \u201cdesarmarizar\u201d a este grupo social y dotarlo de una mayor visibilidad social, y en el que la Federaci\u00f3n de Lesbianas, Gais, Trans y Bisexuales (FELGTB) ha urgido a luchar contra la \u201cdiscriminaci\u00f3n m\u00faltiple\u201d que sufren todav\u00eda estas personas.<\/p>\n\n\n\n<p class=\"wp-block-paragraph\">La presidenta de la FELGTB, Uge Sangil, durante el acto que ha sido organizado por el CERMI y la FELGTB en v\u00edsperas del \u2018Orgullo 2019\u2019, ha indicado que \u201ccon todo lo que se ha avanzado en los \u00faltimos a\u00f1os no hay herramienta que nos d\u00e9 m\u00e1s poder que visibilizar lo que somos y las personas LGTBI con discapacidad cada vez tienen m\u00e1s voz propia y se van empoderando y asumiendo las riendas de su vida\u201d.<\/p>\n\n\n\n<p class=\"wp-block-paragraph\">Adem\u00e1s, han subrayado que \u201cel \u2018Orgullo\u2019 de este a\u00f1o ser\u00e1 positivo porque la adversidad les hace crecer y saldr\u00e1n a la calle todos los a\u00f1os, porque como dice el lema de una de las pancartas de la manifestaci\u00f3n de este a\u00f1o: \u201cno daremos ni un paso atr\u00e1s\u201d. Igualmente, ha puesto en valor la unidad de su colectivo en estas fechas y la importancia de tejer alianzas con otros movimientos para apostar por un \u201ctrabajo transversal\u201d.<\/p>\n\n\n\n<p class=\"wp-block-paragraph\">M\u00f3nica Rodr\u00edguez, mujer sorda, lesbiana y vocal de la Junta Directiva de la Confederaci\u00f3n Estatal de Personas Sordas (CNS) afirmaba que \u201chace falta seguir luchando para conseguir una sociedad m\u00e1s justa y libre y para evidenciar que las diversidades somos una mayor\u00eda\u201d y ha puesto el acento en que las personas sordas se enfrentan sobre todo a muchas barreras de comunicaci\u00f3n. Eso s\u00ed, despu\u00e9s de ensalzar el grado de visibilizaci\u00f3n que tiene la diversidad sexual dentro de la CNSE.<\/p>\n\n\n\n<p class=\"wp-block-paragraph\">\u00c1ngeles Blanco, asesora jur\u00eddica en ASPACE y mujer con discapacidad lesbiana, ha lamentado que todav\u00eda haya \u201cocultismo\u201d dentro del movimiento de la discapacidad, \u201cpero foros como este ayudan a abrir camino a otras personas\u201d. En su caso, ha relatado que cuando ten\u00eda 22 a\u00f1os sufri\u00f3 una agresi\u00f3n por parte de un grupo de ultraderecha y eso hizo que \u201cse armarizara completamente\u201d. Adem\u00e1s, ha advertido de que \u201ctodav\u00eda, muchos hombres y mujeres con par\u00e1lisis cerebral no se atreven a decir por ejemplo que son homosexuales\u201d.<\/p>\n\n\n\n<p class=\"wp-block-paragraph\">Dentro del \u00e1mbito empresarial, \u00c1lvaro G\u00e1rriz, t\u00e9cnico de comunicaci\u00f3n interna de Ilunion gay, se\u00f1alaba que pese a las dificultades que siguen existiendo, \u201cla sociedad va avanzando y somos mayor\u00eda quienes apostamos por la inclusi\u00f3n, la diversidad y la tolerancia\u201d. Asimismo, ha reivindicado el papel de las empresas, indicando que en su caso est\u00e1 \u201cprofundamente agradecido, porque ha sido una situaci\u00f3n f\u00e1cil y sencilla, ya que cuando te rodeas de gente que apuesta por la igualdad y la diversidad no hay ning\u00fan problema\u201d.<\/p>\n\n\n\n<p class=\"wp-block-paragraph\">\u201ctodas las personas con discapacidad deben poder expresar su orientaci\u00f3n sexual como cualquier otra persona, como debe ser\u201d<\/p>\n\n\n\n<p class=\"wp-block-paragraph\">En cambio, Jes\u00fas Gonz\u00e1lez, experto en redes sociales de Fundaci\u00f3n ONCE y persona con discapacidad f\u00edsica gay, criticaba que \u201csin darse cuenta, muchas veces el movimiento de la discapacidad ha armarizado a las personas LGTBI\u201d. En cuanto al entorno laboral, ha aplaudido que ya haya compa\u00f1\u00edas que tengan departamentos dedicados al fomento de la diversidad, porque \u201cocurre que cuando la diversidad entra en la empresa, la organizaci\u00f3n en su conjunto se enriquece\u201d.<\/p>\n\n\n\n<p class=\"wp-block-paragraph\">La miembro de FEAFES Galicia y persona lesbiana con discapacidad psicosocial, Isabel Quintairos, relat\u00f3 que por su orientaci\u00f3n sexual fue despedida de su trabajo, tuvo que afrontar grandes dificultades y vivir su \u201csalida del armario\u201d repentinamente. \u201cPero precisamente, por ser tan abrupta, encontr\u00e9 el apoyo de organizaciones como la FELGTB\u201d, aseguraba que \u201ces momento para decir que hasta aqu\u00ed hemos llegado y ni un paso atr\u00e1s\u201d.<\/p>\n\n\n\n<p class=\"wp-block-paragraph\">El acto tambi\u00e9n ha incluido el testimonio de H\u00e9ctor, una persona gay con discapacidad intelectual que trabaja como recepcionista en un hotel, quien ha defendido que \u201ctodas las personas con discapacidad deben poder expresar su orientaci\u00f3n sexual como cualquier otra persona, como debe ser\u201d.<\/p>\n\n\n\n<p class=\"wp-block-paragraph\">Por \u00faltimo, el delegado del CERMI de Derechos Humanos, Jes\u00fas Mart\u00edn, resaltaba que \u201cla Convenci\u00f3n Internacional de las Personas con Discapacidad ha tra\u00eddo nuevos tiempos para las personas con discapacidad, un momento de querer ser l\u00edderes de nuestras vidas\u201d, mientras ped\u00eda apostar por la diversidad. \u201cLas personas con discapacidad hemos sufrido ocultaciones, y es importante que al igual que nos hemos reivindicado en \u00e1mbitos como el laboral, salgamos ahora a la calle para decir tambi\u00e9n que una parte de nosotros y nosotras somos LGTBI\u201d, conclu\u00eda el delegado.<\/p>\n","protected":false},"excerpt":{"rendered":"<p>Tambi\u00e9n piden una mayor visibilidad para luchar contra esa discriminaci\u00f3n.<\/p>\n","protected":false},"author":3,"featured_media":9177,"comment_status":"open","ping_status":"open","sticky":false,"template":"","format":"standard","meta":{"_monsterinsights_skip_tracking":false,"footnotes":""},"categories":[690,53],"tags":[],"class_list":["post-9176","post","type-post","status-publish","format-standard","has-post-thumbnail","category-690","category-internacional"],"_links":{"self":[{"href":"https:\/\/redsemlac.com\/semmexico\/wp-json\/wp\/v2\/posts\/9176","targetHints":{"allow":["GET"]}}],"collection":[{"href":"https:\/\/redsemlac.com\/semmexico\/wp-json\/wp\/v2\/posts"}],"about":[{"href":"https:\/\/redsemlac.com\/semmexico\/wp-json\/wp\/v2\/types\/post"}],"author":[{"embeddable":true,"href":"https:\/\/redsemlac.com\/semmexico\/wp-json\/wp\/v2\/users\/3"}],"replies":[{"embeddable":true,"href":"https:\/\/redsemlac.com\/semmexico\/wp-json\/wp\/v2\/comments?post=9176"}],"version-history":[{"count":0,"href":"https:\/\/redsemlac.com\/semmexico\/wp-json\/wp\/v2\/posts\/9176\/revisions"}],"wp:featuredmedia":[{"embeddable":true,"href":"https:\/\/redsemlac.com\/semmexico\/wp-json\/wp\/v2\/media\/9177"}],"wp:attachment":[{"href":"https:\/\/redsemlac.com\/semmexico\/wp-json\/wp\/v2\/media?parent=9176"}],"wp:term":[{"taxonomy":"category","embeddable":true,"href":"https:\/\/redsemlac.com\/semmexico\/wp-json\/wp\/v2\/categories?post=9176"},{"taxonomy":"post_tag","embeddable":true,"href":"https:\/\/redsemlac.com\/semmexico\/wp-json\/wp\/v2\/tags?post=9176"}],"curies":[{"name":"wp","href":"https:\/\/api.w.org\/{rel}","templated":true}]}}