{"id":91749,"date":"2025-01-14T08:01:30","date_gmt":"2025-01-14T14:01:30","guid":{"rendered":"https:\/\/redsemlac.com\/semmexico\/?p=91749"},"modified":"2025-01-14T08:01:43","modified_gmt":"2025-01-14T14:01:43","slug":"tras-la-puerta-del-poder-zocalo-lleno-y-pronunciamiento-presidencial-firme-para-impresionar-a-trump","status":"publish","type":"post","link":"https:\/\/redsemlac.com\/semmexico\/tras-la-puerta-del-poder-zocalo-lleno-y-pronunciamiento-presidencial-firme-para-impresionar-a-trump\/","title":{"rendered":"\u00a0Tras la puerta del poder | Z\u00f3calo lleno y pronunciamiento presidencial firme\u2026 \u00bfpara impresionar a Trump?"},"content":{"rendered":"\n<p class=\"wp-block-paragraph\">Roberto Vizca\u00edno&nbsp;<\/p>\n\n\n\n<p class=\"wp-block-paragraph\">SemM\u00e9xico, Cd. de M\u00e9xico, 14 de enero, 2025.-Las demostraciones de apoyo popular son el mecanismo m\u00e1s directo para impresionar al contrario. Para eso se llen\u00f3 el domingo el Z\u00f3calo con un acarreo que ya no sorprende a nadie.<\/p>\n\n\n\n<p class=\"wp-block-paragraph\">Todos los indicadores advierten que el destinatario de ese \u201cmensaje\u201d popular y discursivo fue&nbsp;<strong>Donald Trump. Pero quienes conocen al magnate-presidente electo de EU, y su historia, aseguran que&nbsp;<\/strong>a \u00e9l eso le importa nada.<\/p>\n\n\n\n<p class=\"wp-block-paragraph\">Veremos el lunes pr\u00f3ximo cuando \u00e9l regrese al sal\u00f3n Oval de la Casa Blanca en Washington si&nbsp;<strong>Claudia Sheinbaum<\/strong>&nbsp;y su equipo, en especial su asesor mayor que opera desde Palenque, acertaron o no en acudir a estas demostraciones huecas de apoyo popular.<\/p>\n\n\n\n<p class=\"wp-block-paragraph\">De si su intento de \u201c<strong><em>sensibilizar<\/em><\/strong>\u201d \u2018<strong>con pueblo\u2019<\/strong>&nbsp;al amenazante presidente norteamericano antes de que haga efectivos sus -afirman- m\u00e1s de 100 decretos para ser aplicados desde el primer d\u00eda de su regreso a la Presidencia de EU fue lo acertado.<\/p>\n\n\n\n<p class=\"wp-block-paragraph\">Sin m\u00e1s recursos hasta ahora de lo que ha demostrado tener, la presidenta&nbsp;<strong>Sheinbaum<\/strong>, aline\u00f3 todo para advertirle a&nbsp;<strong>Trump<\/strong>&nbsp;que a M\u00e9xico lo debe tratar con respeto y sin subordinaci\u00f3n.<\/p>\n\n\n\n<p class=\"wp-block-paragraph\">Que ella para hacerle frente tiene al pueblo y a sus gobernadores, y su Congreso &#8211; Senado y Diputados- comandado por sus generales&nbsp;<strong>Ad\u00e1n Augusto L\u00f3pez y Ricardo Monreal.<\/strong><\/p>\n\n\n\n<p class=\"wp-block-paragraph\">Y para no dejar dudas de que el objetivo central de todo el evento y discurso del domingo era el mandatario norteamericano,&nbsp;<strong>el cierre de su discurso<\/strong>&nbsp;lo dedic\u00f3 la presidenta&nbsp;<strong>Claudia Sheinbaum<\/strong>&nbsp;\u00fanica y exclusivamente para ser entregado a&nbsp;<strong>Trump<\/strong>.<\/p>\n\n\n\n<p class=\"wp-block-paragraph\">Un mensaje con citas hist\u00f3ricas sugerentes de que ella est\u00e1 dispuesta a aceptar sus exigencias, siempre y cuando no la exhiba. Nada de decir despu\u00e9s&nbsp;<strong><em>que la \u201cdobl\u00f3\u201d a la primera<\/em><\/strong>.<\/p>\n\n\n\n<p class=\"wp-block-paragraph\">Eval\u00fae Usted si estoy en lo correcto&#8230; poco antes de cerrar su discurso&nbsp;<strong>Sheinbaum<\/strong>&nbsp;dijo:<\/p>\n\n\n\n<p class=\"wp-block-paragraph\">\u201cPara finalizar quiero referirme a un tema relevante en estos momentos, que es&nbsp;<strong><em>la relaci\u00f3n entre M\u00e9xico y Estados Unidos<\/em><\/strong>.<\/p>\n\n\n\n<p class=\"wp-block-paragraph\">\u201cComo sabemos hemos tenido momentos muy dolorosos en nuestra historia, pero resalto los buenos ejemplos de respeto a nuestras soberan\u00edas y de colaboraci\u00f3n y apoyo, como cuando&nbsp;<strong>Benito Ju\u00e1rez<\/strong>&nbsp;recibi\u00f3 una invaluable ayuda de&nbsp;<strong>Abraham Lincoln<\/strong>&nbsp;en su lucha contra los invasores franceses y el respeto del presidente&nbsp;<strong>Franklin Delano Roosevelt<\/strong>&nbsp;a<strong>&nbsp;L\u00e1zaro C\u00e1rdenas<\/strong>.<\/p>\n\n\n\n<p class=\"wp-block-paragraph\">\u201cDestaco tambi\u00e9n la buena relaci\u00f3n de respeto y colaboraci\u00f3n del primer periodo del presidente&nbsp;<strong>Donald Trump<\/strong>&nbsp;con el presidente&nbsp;<strong>Andr\u00e9s Manuel L\u00f3pez Obrador<\/strong>, en particular la firma del tratado comercial entre M\u00e9xico, Estados Unidos y Canad\u00e1, que tanto ha beneficiado a nuestros pueblos, a los tres, en particular por la sustituci\u00f3n de importaciones y la creaci\u00f3n de empleo en las tres Naciones.<\/p>\n\n\n\n<p class=\"wp-block-paragraph\">\u201cDesde esa firma se concibi\u00f3 que esa era la \u00fanica opci\u00f3n para enfrentar con \u00e9xito la competencia que significa el avance econ\u00f3mico y comercial de pa\u00edses asi\u00e1ticos. Nuestra propuesta incluso ha sido no solo Am\u00e9rica del Norte, sino tambi\u00e9n buscar en lo sucesivo la integraci\u00f3n econ\u00f3mica y comercial de todo el continente americano, convirti\u00e9ndolo en la regi\u00f3n m\u00e1s poderosa del mundo sin exclusiones, con prosperidad y con respeto a la libertad, la independencia y la soberan\u00eda de todos sus pueblos y naciones.&nbsp;<\/p>\n\n\n\n<p class=\"wp-block-paragraph\"><strong>\u201cPor eso estoy convencida que la relaci\u00f3n entre M\u00e9xico y Estados Unidos (es decir la de ella y Trump) ser\u00e1 buena y de respeto y que prevalecer\u00e1 el di\u00e1logo. Nuestra visi\u00f3n es el humanismo mexicano y la fraternidad entre los pueblos y las naciones.<\/strong><\/p>\n\n\n\n<p class=\"wp-block-paragraph\">\u201c<strong>Eso s\u00ed, siempre tendremos la frente en alto, M\u00e9xico, es un pa\u00eds libre, independiente y soberano.<\/strong>&nbsp;Como lo he dicho,&nbsp;<strong><em>nos coordinamos, colaboramos, m\u00e1s no nos subordinamos\u201d<\/em><\/strong><strong>.<\/strong>&nbsp;<\/p>\n\n\n\n<p class=\"wp-block-paragraph\">Un mensaje preciso de 262 palabras. Suave, pero expl\u00edcito dirigido a un solo interlocutor:&nbsp;<strong>Donald Trump<\/strong>.<\/p>\n\n\n\n<p class=\"wp-block-paragraph\">A un mandatario que regresa a un segundo mandato con todo el poder; con el voto mayoritario a su favor y un Senado y C\u00e1mara de Representantes con mayor\u00edas republicanas plenas y con una campa\u00f1a en la que prometi\u00f3 una y otra vez repatriar capitales y empresas para que el empleo y utilidades que obtienen se queden en EU.<\/p>\n\n\n\n<p class=\"wp-block-paragraph\">Un mandatario que sin tomar a\u00fan posesi\u00f3n han dicho que su relaci\u00f3n econ\u00f3mica con M\u00e9xico ha sido altamente deficitaria y que su Gobierno est\u00e1 dominado por los c\u00e1rteles de la droga.<\/p>\n\n\n\n<p class=\"wp-block-paragraph\">Y que no va a permitir que nada de eso continue. &nbsp;<\/p>\n\n\n\n<p class=\"wp-block-paragraph\">Una obvia convocatoria a ese mandatario amenazante a no aplicar aranceles ni acudir a deportaciones masivas que pudieran provocar graves problemas internos a M\u00e9xico y a su viabilidad econ\u00f3mica.<\/p>\n\n\n\n<p class=\"wp-block-paragraph\">Un abierto llamado a&nbsp;<strong>Trump<\/strong>&nbsp;a negociar un acuerdo de colaboraci\u00f3n antinarcos y antitr\u00e1fico de fentanilo antes de declarar como terroristas e iniciar un combate directo desde EU contra los c\u00e1rteles mexicanos, acciones que pudieran significar violaci\u00f3n de soberan\u00eda y quiz\u00e1 hasta rompimiento de relaciones o cierre de fronteras.<\/p>\n\n\n\n<p class=\"wp-block-paragraph\">Tengo yo la impresi\u00f3n de que como que hay algo que no cuadra en todo este contexto\u2026<\/p>\n\n\n\n<p class=\"wp-block-paragraph\"><strong>LO DEM\u00c1S FUE PARA MANTENER EL APOYO DE LAS BASES DE LA 4T<\/strong><\/p>\n\n\n\n<p class=\"wp-block-paragraph\">El resto del texto fue orientado a las bases internas. Reiteraci\u00f3n de propuestas de beneficio social, ampliaci\u00f3n de bonos para dijo, al menos 30 millones de familias.<\/p>\n\n\n\n<p class=\"wp-block-paragraph\">El anuncio de una inversi\u00f3n en 2025 en derechos sociales para el bienestar de&nbsp;<strong>835 mil millones de pesos<\/strong>, cerca de 2.5 puntos del PIB para ser repartidos de&nbsp;<strong>manera directa a 30 millones de familias<\/strong>.<\/p>\n\n\n\n<p class=\"wp-block-paragraph\">\u201cEs muy sencillo,&nbsp;<strong><em>el dinero que antes se robaban o lo usaban para compra del voto o se entregaba a unos cuantos, hoy se distribuyen para el beneficio del pueblo de M\u00e9xico\u201d, reiter\u00f3<\/em><\/strong>.<\/p>\n\n\n\n<p class=\"wp-block-paragraph\">Dinero y programas que los opositores y analistas advierten van justamente a la obtenci\u00f3n de votos y al soporte del gobierno de la 4T.<\/p>\n\n\n\n<p class=\"wp-block-paragraph\">\u2026 \/ Twitter: @_Vizcaino \/ Facebook<\/p>\n\n\n\n<p class=\"wp-block-paragraph\">\/&nbsp;<a href=\"https:\/\/www.facebook.com\/rvizcainoa\">https:\/\/www.facebook.com\/rvizcai<\/a><\/p>\n","protected":false},"excerpt":{"rendered":"<p>Roberto Vizca\u00edno&nbsp; SemM\u00e9xico, Cd. de M\u00e9xico, 14 de enero, 2025.-Las demostraciones de apoyo popular son el mecanismo m\u00e1s directo para impresionar al contrario. Para eso se llen\u00f3 el domingo el Z\u00f3calo con un acarreo que ya no sorprende a nadie. Todos los indicadores advierten que el destinatario de ese \u201cmensaje\u201d popular y discursivo fue&nbsp;Donald Trump. [&hellip;]<\/p>\n","protected":false},"author":3,"featured_media":39589,"comment_status":"open","ping_status":"open","sticky":false,"template":"","format":"standard","meta":{"_monsterinsights_skip_tracking":false,"footnotes":""},"categories":[35,623],"tags":[],"class_list":["post-91749","post","type-post","status-publish","format-standard","has-post-thumbnail","category-opinion","category-roberto-vizcaino"],"_links":{"self":[{"href":"https:\/\/redsemlac.com\/semmexico\/wp-json\/wp\/v2\/posts\/91749","targetHints":{"allow":["GET"]}}],"collection":[{"href":"https:\/\/redsemlac.com\/semmexico\/wp-json\/wp\/v2\/posts"}],"about":[{"href":"https:\/\/redsemlac.com\/semmexico\/wp-json\/wp\/v2\/types\/post"}],"author":[{"embeddable":true,"href":"https:\/\/redsemlac.com\/semmexico\/wp-json\/wp\/v2\/users\/3"}],"replies":[{"embeddable":true,"href":"https:\/\/redsemlac.com\/semmexico\/wp-json\/wp\/v2\/comments?post=91749"}],"version-history":[{"count":0,"href":"https:\/\/redsemlac.com\/semmexico\/wp-json\/wp\/v2\/posts\/91749\/revisions"}],"wp:featuredmedia":[{"embeddable":true,"href":"https:\/\/redsemlac.com\/semmexico\/wp-json\/wp\/v2\/media\/39589"}],"wp:attachment":[{"href":"https:\/\/redsemlac.com\/semmexico\/wp-json\/wp\/v2\/media?parent=91749"}],"wp:term":[{"taxonomy":"category","embeddable":true,"href":"https:\/\/redsemlac.com\/semmexico\/wp-json\/wp\/v2\/categories?post=91749"},{"taxonomy":"post_tag","embeddable":true,"href":"https:\/\/redsemlac.com\/semmexico\/wp-json\/wp\/v2\/tags?post=91749"}],"curies":[{"name":"wp","href":"https:\/\/api.w.org\/{rel}","templated":true}]}}