{"id":9170,"date":"2019-06-25T21:27:26","date_gmt":"2019-06-25T21:27:26","guid":{"rendered":"https:\/\/redsemlac.com\/semmexico\/?p=9170"},"modified":"2023-07-21T14:49:39","modified_gmt":"2023-07-21T19:49:39","slug":"palabra-de-mujer-21","status":"publish","type":"post","link":"https:\/\/redsemlac.com\/semmexico\/palabra-de-mujer-21\/","title":{"rendered":"Palabra de Mujer"},"content":{"rendered":"\n<h3 class=\"wp-block-heading\"><strong>Fallida Circulaci\u00f3n de \u00c9lites<\/strong><\/h3>\n\n\n\n<p class=\"wp-block-paragraph\"><strong>Billie J Parker<\/strong><\/p>\n\n\n\n<p class=\"wp-block-paragraph\">SemM\u00e9xico. Veracruz. 25 de junio de 2019.- En la primera aproximaci\u00f3n para comprender porque M\u00e9xico tiene\u00a0 los gobernantes que tiene, sin intentar eximir la responsabilidad del votante que solo se concentra en la circulaci\u00f3n de \u00e9lites sin revisar quienes la conforman, abordamos su estudio como uno de los posibles enfoques del r\u00e9gimen, ya que nos permite plantear las grandes preguntas de la ciencia pol\u00edtica que define muy bien el jurista, pol\u00edtico y diplom\u00e1tico espa\u00f1ol Jim\u00e9nez de Parga: Qui\u00e9n manda, para qu\u00e9 y c\u00f3mo manda.<\/p>\n\n\n\n<p class=\"wp-block-paragraph\">Ante la cercan\u00eda del festejo que realizar\u00e1 la nueva administraci\u00f3n en el z\u00f3calo, por su arribo a la silla del poder y, del otro lado, la renovaci\u00f3n de la dirigencia del partido Revolucionario institucional, que sigue sepultando su raz\u00f3n y deber ser, continuamos examinado los motivos del decepcionante primer a\u00f1o de los desacertados due\u00f1os del poder, desde el 1 de julio del 2018, que al contrario del efecto deseado por renovar o equilibrar las \u00e9lites pol\u00edticas, todo indica result\u00f3 un intento fallido.<\/p>\n\n\n\n<p class=\"wp-block-paragraph\">El caso del PRI parece ser un asunto perdido. Luego del pacto innombrable del 2018,&nbsp;siguen entregando lo que queda del partido al gobierno que los sac\u00f3 literalmente de Los Pinos. Lo m\u00e1s terrible es que creen que no se percibe el siniestro traspaso del exiguo poder que les restaba. Con ello se esfuma la posibilidad de rescatar al instituto pol\u00edtico, con una renovaci\u00f3n moral cre\u00edble, para convertirlo en el contrapeso que M\u00e9xico necesita. &nbsp;<\/p>\n\n\n\n<p class=\"wp-block-paragraph\">A un a\u00f1o de su debacle, en lugar de reagruparse, la \u00e9lite rancia y corrupta priista prefiere apostar por las concertaciones. Negociaciones en lo oscurito en su propio beneficio. Tal es el caso de Enrique Pe\u00f1a Nieto, quien acusado de colocar a su candidato Alejandro Moreno, gobernador de Campeche con licencia, busca amarrar el pacto de impunidad entre la mafia del poder anquilosada y la nueva mafia en el poder, que lact\u00f3 de las ma\u00f1as del PRI.&nbsp; Lo que expone que la matrix fermentada de la que salieron ambas \u00e9lites, sigue tan viva y vigente como nunca.<\/p>\n\n\n\n<p class=\"wp-block-paragraph\">Estas nuevas clases pol\u00edticas, ni son nuevas, ni no son \u00e9lites que representen hoy a la mayor\u00eda de la sociedad mexicana. De momento est\u00e1n en la cumbre, el inconveniente es que la incertidumbre y el pa\u00eds traicionado que se desgarra por dentro no tarda en cobr\u00e1rselas. Los indicios de faltas de respeto y reclamos en los eventos no son gratuitos.<\/p>\n\n\n\n<p class=\"wp-block-paragraph\">Perm\u00edtanme distanciar al PRI de estas reflexiones. Es tema que merece una columna aparte, solo lo refer\u00ed para mostrar como la circulaci\u00f3n de \u00e9lites no funciona, puesto que como dir\u00eda Descartes, ya se les atrofi\u00f3 el \u201cpensamiento consciente\u201d, o la consciencia reflexiva de su propia conciencia para diferenciarse de una existencia meramente salvaje. Lo que implica la respuesta al para qu\u00e9 quieren gobernar: poder y negocios.<\/p>\n\n\n\n<p class=\"wp-block-paragraph\">El PRI perdi\u00f3 su vena de felino concluir\u00eda Pareto, creador del concepto de circulaci\u00f3n de elites, a quien invocamos para revisar la hip\u00f3tesis de su sociolog\u00eda pol\u00edtica sobre las dos categor\u00edas existentes: Las elites de las \u201cZorras\u201d y los \u201cLeones\u201d.&nbsp; Esta tipolog\u00eda de grupos gobernantes, que se imponen por la fuerza o por la astucia, se alternan incesantemente en el control del monopolio coactivo del Estado.&nbsp;<\/p>\n\n\n\n<p class=\"wp-block-paragraph\">Los \u00abzorros\u00bb son calculadores, pensadores y materialistas, mientras que los \u00ableones\u00bb son conservadores, idealistas y burocr\u00e1ticos.<\/p>\n\n\n\n<p class=\"wp-block-paragraph\">De su movilidad, Pareto la sostiene bajo el argumento de que esas \u00e9lites no son hereditarias y, por lo tanto, garantiza la&nbsp;<strong>circulaci\u00f3n de \u00e9lites<\/strong>, sin embargo, en M\u00e9xico el PRI dej\u00f3 de seguir esa premisa y los Juniors invadieron la escena.<\/p>\n\n\n\n<p class=\"wp-block-paragraph\">Las \u00e9lites zorras son aquellas astutas, picaras, precursoras, por ejemplo, de cambios sociales y econ\u00f3micos guiados por el \u201cinstinto\u201d de combinar opciones imaginarias y de prever escenarios pol\u00edticos que les faciliten su ascenso personal\u201d.<\/p>\n\n\n\n<p class=\"wp-block-paragraph\">Los \u201cleones\u201d, tienen en cambio \u201cvocaci\u00f3n de servicio o entrega\u201d, conservan la tendencia&nbsp;\u201cnatural\u201d de procurar la persistencia de los grupos y a sacrificarse por ello, en la prosecuci\u00f3n de cualquier \u201cbien\u201d com\u00fan que se desprenda de la tradici\u00f3n colectiva, la patria o aun la religi\u00f3n. Son \u201celitistas\u201d en el sentido de querer retener las posiciones de privilegio de que gozan.<\/p>\n\n\n\n<p class=\"wp-block-paragraph\">&nbsp;Pareto ubica en las \u201cZorras\u201d, a los eternos ambiciosos que conspiran contra el orden social establecido, los grandes financieros, los inventores audaces etc. En el lado de los felinos est\u00e1n los conservadores de todo status quo, ya sea social, militar, familiar, religioso o de cualquiera ortodoxia ideal.<\/p>\n\n\n\n<p class=\"wp-block-paragraph\">Ninguna sociedad, seg\u00fan Pareto, escapa a tal dicotom\u00eda entre sus ciudadanos sobresalientes -los \u201cselectos\u201d, como los llamar\u00eda m\u00e1s tarde Ortega.<\/p>\n\n\n\n<p class=\"wp-block-paragraph\">Un poco o mucho, el escenario tiene que ver con la situaci\u00f3n que vivimos en el Estado de Veracruz como un claro ejemplo de las entidades gobernadas por la nueva elite.<\/p>\n\n\n\n<p class=\"wp-block-paragraph\">M\u00e9xico y Veracruz en especial vot\u00f3 para sacar de Palacio de Gobierno a una de las \u00e9lites m\u00e1s corruptas que le gan\u00f3 a Los leones, que aun conservaban un pie en el poder, viajaron en lo que hab\u00edan visto como un relevo generacional exitoso. Sin embargo y como bien dice el ahora Presidente L\u00f3pez Obrador, la \u00e9lite de los Zorros, super\u00f3 a los tradicionalistas de la mafia del poder, pero ambas fueron creadas para servirse y no para gobernar.<\/p>\n\n\n\n<p class=\"wp-block-paragraph\">\u00bfCu\u00e1l es la salida? \u00bfQuo Vadis M\u00e9xico? Hay que pensarlo en medio de una crisis sin precedentes por su envergadura de graves consecuencias para M\u00e9xico, y por el futuro que est\u00e1 en juego.&nbsp;<a>billieparkernoticias@gmail.com<\/a><br><\/p>\n","protected":false},"excerpt":{"rendered":"<p>Fallida Circulaci\u00f3n de \u00c9lites Billie J Parker SemM\u00e9xico. Veracruz. 25 de junio de 2019.- En la primera aproximaci\u00f3n para comprender porque M\u00e9xico tiene\u00a0 los gobernantes que tiene, sin intentar eximir la responsabilidad del votante que solo se concentra en la circulaci\u00f3n de \u00e9lites sin revisar quienes la conforman, abordamos su estudio como uno de los [&hellip;]<\/p>\n","protected":false},"author":3,"featured_media":8465,"comment_status":"open","ping_status":"open","sticky":false,"template":"","format":"standard","meta":{"_monsterinsights_skip_tracking":false,"footnotes":""},"categories":[690,81,108],"tags":[],"class_list":["post-9170","post","type-post","status-publish","format-standard","has-post-thumbnail","category-690","category-billy-parker","category-palabra-de-mujer"],"_links":{"self":[{"href":"https:\/\/redsemlac.com\/semmexico\/wp-json\/wp\/v2\/posts\/9170","targetHints":{"allow":["GET"]}}],"collection":[{"href":"https:\/\/redsemlac.com\/semmexico\/wp-json\/wp\/v2\/posts"}],"about":[{"href":"https:\/\/redsemlac.com\/semmexico\/wp-json\/wp\/v2\/types\/post"}],"author":[{"embeddable":true,"href":"https:\/\/redsemlac.com\/semmexico\/wp-json\/wp\/v2\/users\/3"}],"replies":[{"embeddable":true,"href":"https:\/\/redsemlac.com\/semmexico\/wp-json\/wp\/v2\/comments?post=9170"}],"version-history":[{"count":0,"href":"https:\/\/redsemlac.com\/semmexico\/wp-json\/wp\/v2\/posts\/9170\/revisions"}],"wp:featuredmedia":[{"embeddable":true,"href":"https:\/\/redsemlac.com\/semmexico\/wp-json\/wp\/v2\/media\/8465"}],"wp:attachment":[{"href":"https:\/\/redsemlac.com\/semmexico\/wp-json\/wp\/v2\/media?parent=9170"}],"wp:term":[{"taxonomy":"category","embeddable":true,"href":"https:\/\/redsemlac.com\/semmexico\/wp-json\/wp\/v2\/categories?post=9170"},{"taxonomy":"post_tag","embeddable":true,"href":"https:\/\/redsemlac.com\/semmexico\/wp-json\/wp\/v2\/tags?post=9170"}],"curies":[{"name":"wp","href":"https:\/\/api.w.org\/{rel}","templated":true}]}}