{"id":91696,"date":"2025-01-12T17:33:39","date_gmt":"2025-01-12T23:33:39","guid":{"rendered":"https:\/\/redsemlac.com\/semmexico\/?p=91696"},"modified":"2025-01-12T17:33:53","modified_gmt":"2025-01-12T23:33:53","slug":"las-mujeres-tienen-la-capacidad-para-dirigir-un-pais-claudia-sheinbaum-pardo","status":"publish","type":"post","link":"https:\/\/redsemlac.com\/semmexico\/las-mujeres-tienen-la-capacidad-para-dirigir-un-pais-claudia-sheinbaum-pardo\/","title":{"rendered":"Las mujeres tienen la capacidad para dirigir un pa\u00eds, Claudia Sheinbaum Pardo"},"content":{"rendered":"\n<p class=\"wp-block-paragraph\">El 2.5 PIB en 2025, la inversi\u00f3n a los programas sociales<\/p>\n\n\n\n<p class=\"wp-block-paragraph\">Un mill\u00f3n de pesos para mujeres de 63 y 64 a\u00f1os en eneroEstancias infantiles para trabajadoras de la maquila en Cd Ju\u00e1rez<\/p>\n\n\n\n<p class=\"wp-block-paragraph\">Elda Montiel<\/p>\n\n\n\n<p class=\"wp-block-paragraph\">SemM\u00e9xico. Ciudad de M\u00e9xico. 12 de enero 2025.- Con un mensaje que dej\u00f3 claro que ser mujer es garant\u00eda para dar continuidad al segundo piso de la Cuarta Transformaci\u00f3n, Claudia Sheinbaum Pardo se dirigi\u00f3 a sus detractores para reafirmar que las mujeres as\u00ed como llevan el hogar tienen la fuerza, la inteligencia, el temple y la capacidad para dirigir un pa\u00eds.<\/p>\n\n\n\n<p class=\"wp-block-paragraph\">Sin que le temblara la voz, ni le cambiara el rostro la presidenta Claudia Sheinbaum Pardo, llam\u00f3 cobardes a quienes \u201cno pueden reconocer que las mujeres somos personas\u201d. Lo dijo a millones de mexicanos y mexicanas enlazados por los medios p\u00fablicos y privados, al rendir un informe sobre sus primeros 100 d\u00edas de gobierno.<\/p>\n\n\n\n<p class=\"wp-block-paragraph\">Luego anunci\u00f3 que hay muchos cambios, con la 4T de la que ella viene, y que el machismo, el clasismo y la discriminaci\u00f3n son vestigios del pasado, de la colonia y el neoliberalismo, enseguida pregunt\u00f3 \u00bfqu\u00e9 esperaban? Que traicionara, no, \u201cme eligiron para dar continuidad \u00bf porque se sorprenden?\u201d.<\/p>\n\n\n\n<p class=\"wp-block-paragraph\">A los 4 minutos de iniciar su informe, que dur\u00f3 61 minutos, luego de una breve intervenci\u00f3n en la que dijo ha visitado las 32 entidades del pa\u00eds en estos d\u00edas, sobre \u201cuna firme ra\u00edz\u201d y la consigna de \u201cprimero los pobres\u201d, habl\u00f3 primero del \u201ctiempo de mujeres\u201d, sin ambajes, y en el minuto 23, dijo porqu\u00e9 \u201cno llegu\u00e9 sola\u201d sino \u201cllegamos todas\u201d, ah\u00ed asegur\u00f3 en el a\u00f1o de la Mujer Ind\u00edgena, que los pueblos y comunidades originarias y afromexicanas tendr\u00e1n presupuesto suficientes para la infraestructura social que necesitan.<br>Evit\u00f3 las frases ligeras de igualdad sustantiva o deuda hist\u00f3rica y en cambio hizo notar que mujeres y hombres que trabajan en los Estados Unidos son h\u00e9roes y hero\u00ednas, quienes se ocupan con el env\u00edo de las remesas, de sus familias, pero esas remesas significan apenas el 20 por ciento de sus recursos, el otro 80 por ciento lo dejan en los Estados Unidos, en impuestos, consumo y productividad.<\/p>\n\n\n\n<p class=\"wp-block-paragraph\">En ese marco, en un tono conciliador, afirm\u00f3 que en las relaciones con Estados Unidos, privilegiar\u00e1 el di\u00e1logo &#8211; \u00bfesperaban otra cosa?- y firme dijo casi al final de la alocuci\u00f3n, reconociendo que la relaci\u00f3n con el imperio \u201cha tenido momentos dolorosos, pero prefiri\u00f3 hablar de lo buenos momentos. Luego se\u00f1al\u00f3 que la relaci\u00f3n de M\u00e9xico y Estados Unidos ser\u00e1 buena, pero eso s\u00ed, \u201cM\u00e9xico es un pa\u00eds libre, independiente y soberano\u201d, no habr\u00e1 subordinaci\u00f3n.<\/p>\n\n\n\n<p class=\"wp-block-paragraph\">Avances econ\u00f3micos y sociales<\/p>\n\n\n\n<p class=\"wp-block-paragraph\">En los avances para las mujeres est\u00e1 el reconocimiento a las labores de cuidados con la pensi\u00f3n para mujeres de 63 y 64 a\u00f1os y los centros infantiles para trabajadoras de la maquila en Ciudad Ju\u00e1rez.<br>\u00bfEn el recuento de los avances econ\u00f3micos y sociales de los primeros 100 d\u00eda pregunt\u00f3 \u201cQuienes somos las que principalmente cuidamos de las y los hijos?, quienes somos las cuidamos del hogar? \u00bfQui\u00e9n reconoce ese trabajo? Pues como hay mujer presidenta con A, por primera vez vamos a reconocer el trabajo de las mujeres mexicanas\u201d.<\/p>\n\n\n\n<p class=\"wp-block-paragraph\">Inform\u00f3 que este mes ya est\u00e1n recibiendo su tarjeta de bienestar un mill\u00f3n de mujeres de 63 y 64 a\u00f1os. De octubre a diciembre de 2024 se realizaron las inscripciones y asambleas para los tres nuevos programas del bienestar. Todas las mujeres de entre 60 y 64 a\u00f1os tendr\u00e1n un apoyo y se inici\u00f3 con las mujeres de 63 y 64 a\u00f1os.<\/p>\n\n\n\n<p class=\"wp-block-paragraph\">Para saldar la deuda hist\u00f3rica con las mujeres de s trabajadoras de ciudad Ju\u00e1rez inform\u00f3 del inicio al programa de Centros de Educaci\u00f3n y Cuidado Infantil CECIs para que las mujeres trabajadoras, particularmente las de la maquila, tengan el derecho a dejar a sus hijas e hijos de la primera infancia en un espacio gratuito educativo y de cuidados. Se trata de proveer desde el IMSS y el DIF, sin la subrogaci\u00f3n<\/p>\n\n\n\n<p class=\"wp-block-paragraph\">Se trata de proveer desde el IMSS y el DIF, sin la subrogaci\u00f3n corrupta del pasado, el servicio de educaci\u00f3n inicial. Para ello, en Ciudad Ju\u00e1rez construiremos en 2025 los primeros 12 CECIS.<\/p>\n\n\n\n<p class=\"wp-block-paragraph\">En 2025, por primera vez en la historia todas las comunidades ind\u00edgenas y afrodescendientes tendr\u00e1n un presupuesto para infraestructura social, que ir\u00e1 aumentando a\u00f1o con a\u00f1o y que ser\u00e1 ejercido de manera directa, a partir de su decisi\u00f3n en asambleas.<\/p>\n\n\n\n<p class=\"wp-block-paragraph\">Este a\u00f1o 2025 lo dedicamos a la mujer ind\u00edgena para enaltecer el origen de M\u00e9xico y reconocer y dar voz a quienes quisieron callar durante cientos de a\u00f1os. Que vivan las mujeres ind\u00edgenas de M\u00e9xico.<br>La inversi\u00f3n en 2025 en derechos sociales para el bienestar es de 835 mil millones de pesos, es decir cerca de 2.5 puntos del PIB se distribuyen de manera directa a 30 millones de familias, disminuyendo la pobreza, mejorando la vida y fortaleciendo la econom\u00eda interna.<\/p>\n\n\n\n<p class=\"wp-block-paragraph\">Afirm\u00f3 que se cumpli\u00f3 con convertir los programas sociales en derechos. \u201c Es muy sencillo, el dinero que antes se robaban o lo usaban para compra del voto o se entregaba a unos cuantos, hoy se distribuyen para el beneficio del pueblo de M\u00e9xico. El recurso del pueblo se le regresa al pueblo de manera directa, sin intermediarios.<\/p>\n\n\n\n<p class=\"wp-block-paragraph\">Por el bien de todos, primero los pobres. Por el bien de todos, primero las y los adultos mayores. Las y los j\u00f3venes, por el bien de todos, primero las y los estudiantes, por el bien de todos: con el pueblo todo, sin el pueblo nada\u201d.<\/p>\n\n\n\n<p class=\"wp-block-paragraph\">De los programas sociales dijo que en 2025 13.2 millones de adultas y adultos mayores recibir\u00e1n su pensi\u00f3n, 2 millones de personas con discapacidad permanente recibir\u00e1n su apoyo, 400 mil j\u00f3venes se beneficiar\u00e1n con el programa construyendo futuro, 410 mil j\u00f3venes de educaci\u00f3n superior tendr\u00e1n beca,4 millones cien mil ni\u00f1os y ni\u00f1as de primaria tendr\u00e1n becas, 4 millones, 224 mil estudiantes de preparatoria tendr\u00e1n beca.<\/p>\n\n\n\n<p class=\"wp-block-paragraph\">Se refiri\u00f3 que en el pasado dec\u00edan que si aumentaba el salario, iba a aumentar la inflaci\u00f3n y no iba a haber inversi\u00f3n, pues ocurri\u00f3 todo lo contrario, con su doctrina y corrupci\u00f3n llevaron a la pobreza al pueblo de M\u00e9xico. Con la cuarta transformaci\u00f3n aumenta el salario y mejora el nivel de vida, no sube la inflaci\u00f3n ni caen las inversiones y en nuestro gobierno estamos empe\u00f1ados en que el salario m\u00ednimo aumente hasta alcanzar el valor de 2.5 canastas b\u00e1sicas en 2030.<\/p>\n\n\n\n<p class=\"wp-block-paragraph\">Para el derecho a la salud, informo \u201cpusimos en marcha un plan de licitaci\u00f3n de medicamentos e insumos m\u00e9dicos para garantizar el abasto de medicamentos gratuitos para este y el pr\u00f3ximo a\u00f1o, a trav\u00e9s de plataformas digitales transparentes, que ya han representado un ahorro de 23 mil millones de pesos.<br>Estamos dedicados a fortalecer y mejorar la atenci\u00f3n de las tres instituciones de salud p\u00fablica: IMSS, ISSSTE e IMSS bienestar, para ello seguiremos adquiriendo equipo m\u00e9dico, contratando especialistas, ampliando la red de laboratorios cl\u00ednicos y coordinando esfuerzos.<\/p>\n","protected":false},"excerpt":{"rendered":"<p>El 2.5 PIB en 2025, la inversi\u00f3n a los programas sociales Un mill\u00f3n de pesos para mujeres de 63 y 64 a\u00f1os en eneroEstancias infantiles para trabajadoras de la maquila en Cd Ju\u00e1rez Elda Montiel SemM\u00e9xico. Ciudad de M\u00e9xico. 12 de enero 2025.- Con un mensaje que dej\u00f3 claro que ser mujer es garant\u00eda para [&hellip;]<\/p>\n","protected":false},"author":3,"featured_media":91697,"comment_status":"open","ping_status":"open","sticky":false,"template":"","format":"standard","meta":{"_monsterinsights_skip_tracking":false,"footnotes":""},"categories":[694,903],"tags":[],"class_list":["post-91696","post","type-post","status-publish","format-standard","has-post-thumbnail","category-destacadas","category-presidenta-y-mas"],"_links":{"self":[{"href":"https:\/\/redsemlac.com\/semmexico\/wp-json\/wp\/v2\/posts\/91696","targetHints":{"allow":["GET"]}}],"collection":[{"href":"https:\/\/redsemlac.com\/semmexico\/wp-json\/wp\/v2\/posts"}],"about":[{"href":"https:\/\/redsemlac.com\/semmexico\/wp-json\/wp\/v2\/types\/post"}],"author":[{"embeddable":true,"href":"https:\/\/redsemlac.com\/semmexico\/wp-json\/wp\/v2\/users\/3"}],"replies":[{"embeddable":true,"href":"https:\/\/redsemlac.com\/semmexico\/wp-json\/wp\/v2\/comments?post=91696"}],"version-history":[{"count":0,"href":"https:\/\/redsemlac.com\/semmexico\/wp-json\/wp\/v2\/posts\/91696\/revisions"}],"wp:featuredmedia":[{"embeddable":true,"href":"https:\/\/redsemlac.com\/semmexico\/wp-json\/wp\/v2\/media\/91697"}],"wp:attachment":[{"href":"https:\/\/redsemlac.com\/semmexico\/wp-json\/wp\/v2\/media?parent=91696"}],"wp:term":[{"taxonomy":"category","embeddable":true,"href":"https:\/\/redsemlac.com\/semmexico\/wp-json\/wp\/v2\/categories?post=91696"},{"taxonomy":"post_tag","embeddable":true,"href":"https:\/\/redsemlac.com\/semmexico\/wp-json\/wp\/v2\/tags?post=91696"}],"curies":[{"name":"wp","href":"https:\/\/api.w.org\/{rel}","templated":true}]}}