{"id":91663,"date":"2025-01-11T16:19:40","date_gmt":"2025-01-11T22:19:40","guid":{"rendered":"https:\/\/redsemlac.com\/semmexico\/?p=91663"},"modified":"2025-01-11T16:19:41","modified_gmt":"2025-01-11T22:19:41","slug":"recuerdan-a-estefania-chavez-barragan-en-el-5-aniversario-de-su-muerte-creadora-de-la-licenciatura-en-uranismo","status":"publish","type":"post","link":"https:\/\/redsemlac.com\/semmexico\/recuerdan-a-estefania-chavez-barragan-en-el-5-aniversario-de-su-muerte-creadora-de-la-licenciatura-en-uranismo\/","title":{"rendered":"Recuerdan a Estefan\u00eda Ch\u00e1vez Barrag\u00e1n en el\u00a0 5\u00b0 aniversario de su muerte: creadora de la licenciatura en uranismo"},"content":{"rendered":"\n<p class=\"wp-block-paragraph\">Arquitecta &nbsp;pionera de la igualdad de g\u00e9nero,&nbsp; destacada&nbsp; por autoridades culturales de&nbsp; M\u00e9xico<\/p>\n\n\n\n<p class=\"wp-block-paragraph\">Fue relevante su intervenci\u00f3n en la fundaci\u00f3n de&nbsp; la &nbsp;licenciatura en Urbanismo en la UNAM<\/p>\n\n\n\n<p class=\"wp-block-paragraph\">Redacci\u00f3n<\/p>\n\n\n\n<p class=\"wp-block-paragraph\">La arquitecta Estefan\u00eda Ch\u00e1vez Barrag\u00e1n, fue pionera de la igualdad de &nbsp;g\u00e9nero en M\u00e9xico, afirmaron en comunicado oficial&nbsp; la Secretar\u00eda de Cultura del Gobierno de M\u00e9xico y el Instituto Nacional de Bellas y Literatura (INBAL), al anunciar que se conmemora su memoria &nbsp;a trav\u00e9s de la Direcci\u00f3n de Arquitectura y Conservaci\u00f3n del Patrimonio Art\u00edstico Inmueble, &nbsp;para recordar la vida y obra de esta mujer.<\/p>\n\n\n\n<p class=\"wp-block-paragraph\">Ch\u00e1vez Barrag\u00e1n se titul\u00f3 como arquitecta en la Universidad Nacional Aut\u00f3noma de M\u00e9xico (UNAM) en 1954, obtuvo su maestr\u00eda en Arquitectura con especialidad en Urbanismo en 1990 y su doctorado en Urbanismo en 2009.<\/p>\n\n\n\n<p class=\"wp-block-paragraph\">Fue precursora en la incorporaci\u00f3n de la perspectiva de g\u00e9nero en la problem\u00e1tica de las ciudades y en la docencia. Como profesora em\u00e9rita de la Facultad de Arquitectura de la UNAM y fundadora de la carrera de Urbanismo en la misma universidad, Ch\u00e1vez Barrag\u00e1n dej\u00f3 una huella duradera en la formaci\u00f3n de generaciones de arquitectos y urbanistas. Adem\u00e1s, fund\u00f3 la Asociaci\u00f3n Mexicana de Arquitectas y Urbanistas (AMAU) en 1969, que promueve el trabajo de las mujeres en la arquitectura y el urbanismo.<\/p>\n\n\n\n<p class=\"wp-block-paragraph\">En su extensa trayectoria acad\u00e9mica imparti\u00f3 48 asignaturas en la Facultad y m\u00e1s de cien cursos de licenciatura y posgrado; organiz\u00f3 los primeros cursos de posgraduados e investigadores; fund\u00f3 y fue jefa del Departamento de Enlace y Cultura de la Facultad de Arquitectura; secretaria del Departamento de Urbanismo; miembro de la Comisi\u00f3n de Honor del Seminario de Profesores de Urbanismo y promotora del doctorado y maestr\u00eda en Urbanismo.<\/p>\n\n\n\n<p class=\"wp-block-paragraph\">Recibi\u00f3 m\u00faltiples reconocimientos por su labor, incluyendo la Medalla Sor Juana In\u00e9s de la Cruz en 2006, el Premio Universidad Nacional en 2013 y la distinci\u00f3n de profesora em\u00e9rita de la UNAM en 2018. En 2019, fue nombrada socia Decana del Colegio de Arquitectos de la Ciudad de M\u00e9xico y la Sociedad de Arquitectos de M\u00e9xico (CAM-SAM). A lo largo de su carrera, ella demostr\u00f3 su enfoque multicultural con perspectiva de g\u00e9nero, abordando la planificaci\u00f3n urbana de manera respetuosa y colaborativa, incluyendo no solo a los seres humanos, sino tambi\u00e9n al medio ambiente.<\/p>\n\n\n\n<p class=\"wp-block-paragraph\"><\/p>\n","protected":false},"excerpt":{"rendered":"<p>Arquitecta &nbsp;pionera de la igualdad de g\u00e9nero,&nbsp; destacada&nbsp; por autoridades culturales de&nbsp; M\u00e9xico Fue relevante su intervenci\u00f3n en la fundaci\u00f3n de&nbsp; la &nbsp;licenciatura en Urbanismo en la UNAM Redacci\u00f3n La arquitecta Estefan\u00eda Ch\u00e1vez Barrag\u00e1n, fue pionera de la igualdad de &nbsp;g\u00e9nero en M\u00e9xico, afirmaron en comunicado oficial&nbsp; la Secretar\u00eda de Cultura del Gobierno de M\u00e9xico [&hellip;]<\/p>\n","protected":false},"author":3,"featured_media":91664,"comment_status":"open","ping_status":"open","sticky":false,"template":"","format":"standard","meta":{"_monsterinsights_skip_tracking":false,"footnotes":""},"categories":[748],"tags":[],"class_list":["post-91663","post","type-post","status-publish","format-standard","has-post-thumbnail","category-cultura-feminista"],"_links":{"self":[{"href":"https:\/\/redsemlac.com\/semmexico\/wp-json\/wp\/v2\/posts\/91663","targetHints":{"allow":["GET"]}}],"collection":[{"href":"https:\/\/redsemlac.com\/semmexico\/wp-json\/wp\/v2\/posts"}],"about":[{"href":"https:\/\/redsemlac.com\/semmexico\/wp-json\/wp\/v2\/types\/post"}],"author":[{"embeddable":true,"href":"https:\/\/redsemlac.com\/semmexico\/wp-json\/wp\/v2\/users\/3"}],"replies":[{"embeddable":true,"href":"https:\/\/redsemlac.com\/semmexico\/wp-json\/wp\/v2\/comments?post=91663"}],"version-history":[{"count":0,"href":"https:\/\/redsemlac.com\/semmexico\/wp-json\/wp\/v2\/posts\/91663\/revisions"}],"wp:featuredmedia":[{"embeddable":true,"href":"https:\/\/redsemlac.com\/semmexico\/wp-json\/wp\/v2\/media\/91664"}],"wp:attachment":[{"href":"https:\/\/redsemlac.com\/semmexico\/wp-json\/wp\/v2\/media?parent=91663"}],"wp:term":[{"taxonomy":"category","embeddable":true,"href":"https:\/\/redsemlac.com\/semmexico\/wp-json\/wp\/v2\/categories?post=91663"},{"taxonomy":"post_tag","embeddable":true,"href":"https:\/\/redsemlac.com\/semmexico\/wp-json\/wp\/v2\/tags?post=91663"}],"curies":[{"name":"wp","href":"https:\/\/api.w.org\/{rel}","templated":true}]}}