{"id":91617,"date":"2025-01-09T15:17:43","date_gmt":"2025-01-09T21:17:43","guid":{"rendered":"https:\/\/redsemlac.com\/semmexico\/?p=91617"},"modified":"2025-01-09T15:22:03","modified_gmt":"2025-01-09T21:22:03","slug":"este-medio-dia-elementos-de-maduro-interceptaron-con-disparos-a-la-ex-candidata-presidencial-de-venezuela-cuando-se-retiraba-de-una-manifestacion-en-chacao-caracas","status":"publish","type":"post","link":"https:\/\/redsemlac.com\/semmexico\/este-medio-dia-elementos-de-maduro-interceptaron-con-disparos-a-la-ex-candidata-presidencial-de-venezuela-cuando-se-retiraba-de-una-manifestacion-en-chacao-caracas\/","title":{"rendered":"Este medio d\u00eda elementos de Maduro interceptaron con disparos a la ex candidata presidencial de Venezuela cuando se retiraba de una manifestaci\u00f3n en Chacao, Caracas.\u00a0"},"content":{"rendered":"\n<p class=\"wp-block-paragraph\"><\/p>\n\n\n\n<p class=\"wp-block-paragraph\">Mar\u00eda Corina Machado, l\u00edder opositora venezolana&nbsp;\/&nbsp;Reuters<\/p>\n\n\n\n<p class=\"wp-block-paragraph\">Mar\u00eda Corina Machado hab\u00eda reaparecido y fue detenida por elementos del r\u00e9gimen<\/p>\n\n\n\n<p class=\"wp-block-paragraph\">Maduro secuestr\u00f3 a la opositora\u00a0 a punta de disparos: Partido Primero Justicia de Venezuela en M\u00e9xico.<\/p>\n\n\n\n<p class=\"wp-block-paragraph\"><\/p>\n\n\n\n<p class=\"wp-block-paragraph\">Jonathan Padilla&nbsp;<\/p>\n\n\n\n<p class=\"wp-block-paragraph\">SemM\u00e9xico\/ El Sol de M\u00e9xico, 9 de enero, 2024.- La l\u00edder de la oposici\u00f3n en Venezuela,&nbsp;Mar\u00eda Corina Machado, fue detenida este jueves despu\u00e9s de encabezar una&nbsp;protesta contra la investidura del presidente Nicol\u00e1s Maduro&nbsp;que tendr\u00e1 lugar el viernes.<\/p>\n\n\n\n<p class=\"wp-block-paragraph\">Horas despu\u00e9s se confirm\u00f3 su reaparici\u00f3n.<\/p>\n\n\n\n<p class=\"wp-block-paragraph\">Una fuente cercana a la dirigente inform\u00f3 a la AFP del arresto, poco despu\u00e9s de salir en moto de una manifestaci\u00f3n en el barrio comercial Chacao, de Caracas, que congreg\u00f3 a centenares de opositores.<\/p>\n\n\n\n<p class=\"wp-block-paragraph\">Vestida de blanco, con una bandera y sobre un cami\u00f3n,&nbsp;<strong>Machado<\/strong>, de 57 a\u00f1os, reapareci\u00f3 este jueves luego de su \u00faltima presentaci\u00f3n en p\u00fablico el 28 de agosto, un mes despu\u00e9s de las elecciones que la oposici\u00f3n asegura Maduro le \u201crob\u00f3\u201d a su candidato Edmundo Gonz\u00e1lez Urrutia.<\/p>\n\n\n\n<p class=\"wp-block-paragraph\">Gabriel Hern\u00e1ndez Arteaga, presidente del partido pol\u00edtico venezolano&nbsp;Primero Justicia en M\u00e9xico, dijo en entrevista con El Sol de M\u00e9xico, que&nbsp;\u201ca punta de disparos\u201d&nbsp;un convoy supuestamente enviado por el r\u00e9gimen de Nicol\u00e1s Maduro, secuestr\u00f3 a la excandidata presidencial de Venezuela,&nbsp;Mar\u00eda&nbsp;e hiri\u00f3 a uno de los integrantes de su equipo.&nbsp;<\/p>\n\n\n\n<p class=\"wp-block-paragraph\">\u201cYa se estaba retirando del lugar, nos informan, y llegaron en un convoy de drones, jeeps, motos y la bajaron a&nbsp;punta de disparos y se la llevaron a ella, dispararon a ella y al equipo, uno de ellos result\u00f3 herido\u201d, dijo el representante venezolano en M\u00e9xico.&nbsp;<\/p>\n\n\n\n<p class=\"wp-block-paragraph\">Gabriel Arteaga detall\u00f3 que&nbsp;Mar\u00eda Corina Machado&nbsp;no fue herida, pero&nbsp;que hasta el momento sigue \u201csecuestrada\u201d por el gobierno de Maduro.&nbsp;<\/p>\n\n\n\n<p class=\"wp-block-paragraph\">\u201cElla, nos dicen que est\u00e1 bien, no la hirieron a ella, pero s\u00ed a uno de los que la acompa\u00f1aban\u201d, dijo&nbsp;Hern\u00e1ndez Arteaga&nbsp;quien adem\u00e1s detall\u00f3 que Juan Pablo Guanipa, otro opositor al Gobierno de Maduro y quien acompa\u00f1aba a Corina Machado en la manifestaci\u00f3n esta tarde, est\u00e1 fuera de peligro.&nbsp;<\/p>\n\n\n\n<p class=\"wp-block-paragraph\">\u201cJuan Pablo Guanipa que es el l\u00edder que estaba a lado de ella (hoy en la marcha), est\u00e1 resguardado ya, se encuentra bien\u201d, dijo el funcionario venezolano.&nbsp;<\/p>\n\n\n\n<p class=\"wp-block-paragraph\">El representante en M\u00e9xico expuso que la ex candidata presidencial de&nbsp;Venezuela&nbsp;\u201cno cuenta\u201d con ninguna acusaci\u00f3n penal para ser detenida, \u201cpor lo que se trata de un secuestro\u201d.&nbsp;<\/p>\n\n\n\n<p class=\"wp-block-paragraph\">Adem\u00e1s,&nbsp;expuso que el \u201cgobierno de&nbsp;Nicol\u00e1s Maduro,&nbsp;est\u00e1 cavando su propia tumba\u201d con la persecuci\u00f3n pol\u00edtica que ha emprendido y con su af\u00e1n de juramentarse como presidente de la&nbsp;Rep\u00fablica Bolivariana&nbsp;por nueva cuenta.&nbsp;<\/p>\n\n\n\n<p class=\"wp-block-paragraph\">\u201cPara m\u00ed es una situaci\u00f3n que sigue cavando la tumba de&nbsp;Nicol\u00e1s Maduro, a partir de hoy es el final que estamos esperando y que inici\u00f3&nbsp;el 28 de julio con una mayoritaria fuerza popular que determin\u00f3 que al r\u00e9gimen de Maduro ya se le acabaron&nbsp;sus d\u00edas\u201d, dijo Arteaga.&nbsp;<\/p>\n\n\n\n<p class=\"wp-block-paragraph\">Esta tarde a las 4:30, los ciudadanos de Venezuela residentes en M\u00e9xico se&nbsp;manifestar\u00e1n&nbsp;afuera de su Embajada en la ciudad de M\u00e9xico en respaldo a&nbsp;Mar\u00eda Corina Machado&nbsp;y en rechazo al r\u00e9gimen de&nbsp;Maduro.<\/p>\n\n\n\n<p class=\"wp-block-paragraph\"><strong>La detenci\u00f3n mientras&nbsp; crece tensi\u00f3n en Venezuela<\/strong><\/p>\n\n\n\n<p class=\"wp-block-paragraph\">Su equipo pol\u00edtico denunci\u00f3 en la red social X que Machado \u201cfue violentamente interceptada a su salida de la concentraci\u00f3n\u201d<\/p>\n\n\n\n<p class=\"wp-block-paragraph\">Vestida de blanco, con una bandera y sobre un cami\u00f3n,&nbsp;<strong>Machado<\/strong>, de 57 a\u00f1os, reapareci\u00f3 este jueves luego de su \u00faltima presentaci\u00f3n en p\u00fablico el 28 de agosto&nbsp;\/&nbsp;AFP<\/p>\n\n\n\n<p class=\"wp-block-paragraph\">Minutos antes de su detenci\u00f3n, su equipo pol\u00edtico denunci\u00f3 en la red social X que Machado \u201cfue violentamente interceptada a su salida de la concentraci\u00f3n\u201d. El mensaje sostiene que efectivos \u201cdispararon contra las motos que la trasladaban\u201d, sin dar mayores detalles.<\/p>\n\n\n\n<p class=\"wp-block-paragraph\"><strong>Post<\/strong><\/p>\n\n\n\n<p class=\"wp-block-paragraph\"><strong>Ver posts nuevos<\/strong><\/p>\n\n\n\n<p class=\"wp-block-paragraph\"><strong>Conversaci\u00f3n<\/strong><\/p>\n\n\n\n<p class=\"wp-block-paragraph\"><a href=\"https:\/\/x.com\/VenteVenezuela\"><strong>Vente Venezuela<\/strong><\/a><\/p>\n\n\n\n<p class=\"wp-block-paragraph\"><a href=\"https:\/\/x.com\/VenteVenezuela\"><strong>@VenteVenezuela<\/strong><\/a><\/p>\n\n\n\n<p class=\"wp-block-paragraph\"><strong><\/strong><strong><\/strong><strong><\/strong><strong>Mar\u00eda Corina <\/strong><a href=\"https:\/\/x.com\/MariaCorinaYA\"><strong>@MariaCorinaYA<\/strong><\/a><strong> ) fue violentamente interceptada a su salida de la concentraci\u00f3n en Chacao. Esperamos confirmar en minutos su situaci\u00f3n. Efectivos del r\u00e9gimen dispararon contra las motos que la trasladaban.<\/strong><\/p>\n\n\n\n<p class=\"wp-block-paragraph\"><a href=\"https:\/\/x.com\/VenteVenezuela\/status\/1877435738746134674\"><strong>1:22 p. m. \u00b7 9 ene. 2025<\/strong><\/a><\/p>\n\n\n\n<p class=\"wp-block-paragraph\">\u00b7<\/p>\n\n\n\n<p class=\"wp-block-paragraph\">\u201cSi a m\u00ed me pasa algo la instrucci\u00f3n es muy clara (&#8230;), nadie va a negociar la libertad de Venezuela por&nbsp;mi&nbsp;libertad\u201d, dijo esta semana Machado en una entrevista con la AFP.<\/p>\n\n\n\n<p class=\"wp-block-paragraph\"><strong>Human Right Watch&nbsp;<\/strong>tambi\u00e9n<strong>&nbsp;<\/strong>confirm\u00f3 la detenci\u00f3n de la l\u00edder opositora Mar\u00eda Corina Machado tras su participaci\u00f3n en la marcha.<\/p>\n\n\n\n<p class=\"wp-block-paragraph\">\u201cHemos confirmado la detenci\u00f3n de la l\u00edder opositora de&nbsp;<strong>Venezuela Mar\u00eda Corina Machado.<\/strong>&nbsp;La comunidad internacional debe exigir al unisono su inmediata liberaci\u00f3n\u201d, dijo el subdirector para las Am\u00e9ricas de HRW, Juan Pappier<\/p>\n\n\n\n<p class=\"wp-block-paragraph\">Asimismo, el&nbsp;partido pol\u00edtico venezolano&nbsp;<strong>Primero Justicia en M\u00e9xico&nbsp;<\/strong>dijo para El Sol de M\u00e9xico que la l\u00edder opositora fue secuestrada apunta de disparos.<\/p>\n\n\n\n<p class=\"wp-block-paragraph\">\u201cYa se estaba retirando del lugar, nos informan, y llegaron en un convoy de drones, jeeps, motos y la bajaron a punta de disparos y se la llevaron a ella, dispararon a ella y al equipo, uno de ellos result\u00f3 herido\u201d, dijo el representante venezolano en M\u00e9xico.&nbsp;<\/p>\n\n\n\n<p class=\"wp-block-paragraph\"><strong>Venezuela sali\u00f3 a la calle<\/strong><\/p>\n\n\n\n<p class=\"wp-block-paragraph\">Durante la manifestaci\u00f3n, Machado afirm\u00f3 que \u201choy toda Venezuela sali\u00f3 a la calle\u201d y cant\u00f3 el himno nacional con los manifestantes. \u201c\u00a1No tenemos miedo!\u201d, repiti\u00f3, a coro con ellos.<\/p>\n\n\n\n<p class=\"wp-block-paragraph\">\u201cHemos llegado hasta aqu\u00ed porque hemos tenido una estrategia&nbsp;robusta\u201d, sigui\u00f3. \u201cA partir de hoy estamos en una nueva&nbsp;fase. Venezuela es libre, vamos a continuar\u201d.<\/p>\n\n\n\n<p class=\"wp-block-paragraph\">El chavismo marchaba en paralelo para apoyar a&nbsp;<strong>Maduro<\/strong>, que el viernes asumir\u00e1 su cuestionado tercer per\u00edodo consecutivo de seis a\u00f1os, en medio de una nueva ola de detenciones de opositores y dirigentes de la sociedad civil que desat\u00f3 la condena internacional.<img loading=\"lazy\" decoding=\"async\" src=\"https:\/\/lh7-rt.googleusercontent.com\/docsz\/AD_4nXfaYaHKh-ZeoOIwYo35ZiGG_tG8FsGsf_e1PkvQiRgf-1RqtLchaWZZ_l8wvJiaIrcNjqBL9frvXk4YtDpWEE-8CiYwO0kopXMlT-HOqI81FmB-AO64VrBa2tymwBgYvINOtKUxbUuYL2NHWZVRZME?key=mv5KcP4treZ9eUjfU8ndPDCP\" width=\"650\" height=\"365\">Mar\u00eda Corina Machado&nbsp;\/&nbsp;AFP<\/p>\n\n\n\n<p class=\"wp-block-paragraph\">El acto de investidura presidencial est\u00e1 previsto para este viernes en el Parlamento, que el chavismo controla. Gonz\u00e1lez Urrutia, que se asil\u00f3 en Espa\u00f1a el 8 de septiembre tras una orden de captura en su contra, ha dicho que quiere volver a Venezuela para asumir el poder.<\/p>\n\n\n\n<p class=\"wp-block-paragraph\">\u201cNos veremos todos muy pronto en Caracas en&nbsp;libertad\u201d, prometi\u00f3<strong>&nbsp;Gonz\u00e1lez Urrutia<\/strong>&nbsp;en un acto en Rep\u00fablica Dominicana, \u00faltima escala de una gira que antes lo llev\u00f3 a&nbsp;<strong>Argentina, Uruguay, Estados Unidos y Panam\u00e1.<\/strong><\/p>\n\n\n\n<p class=\"wp-block-paragraph\"><img loading=\"lazy\" decoding=\"async\" src=\"https:\/\/lh7-rt.googleusercontent.com\/docsz\/AD_4nXf98R3BvJgTxIPO3SkwEhasAK9WhJ4gNjTlSl6ppbfeDCyiTWlJ8HEqWkya-ljI-Ab7_zPvNLq8a0K1Ll_cK9zy5ujnOQ5UKw4kwDRGb6J0Lo605tggEGLgfj04Ch_LVW71xbaYIOmBS-YviEKiXZU?key=mv5KcP4treZ9eUjfU8ndPDCP\" width=\"661\" height=\"372\">La protesta opositora desaf\u00eda el miedo instaurado en julio, despu\u00e9s de una brutal represi\u00f3n a las manifestaciones que estallaron tras la proclamaci\u00f3n del gobernante.&nbsp;\/&nbsp;Reuters<\/p>\n\n\n\n<p class=\"wp-block-paragraph\">Su siguiente destino es incierto: quiere volar a Venezuela para asumir el poder pero el plan luce improbable.&nbsp;<\/p>\n\n\n\n<p class=\"wp-block-paragraph\">Las autoridades venezolanas -que ofrecen 100 mil d\u00f3lares por su captura- ya advirtieron que si llega al pa\u00eds \u201cser\u00e1 detenido inmediatamente\u201d y sus acompa\u00f1antes internacionales tratados como \u201cinvasores\u201d.<\/p>\n","protected":false},"excerpt":{"rendered":"<p>Mar\u00eda Corina Machado, l\u00edder opositora venezolana&nbsp;\/&nbsp;Reuters Mar\u00eda Corina Machado hab\u00eda reaparecido y fue detenida por elementos del r\u00e9gimen Maduro secuestr\u00f3 a la opositora\u00a0 a punta de disparos: Partido Primero Justicia de Venezuela en M\u00e9xico. Jonathan Padilla&nbsp; SemM\u00e9xico\/ El Sol de M\u00e9xico, 9 de enero, 2024.- La l\u00edder de la oposici\u00f3n en Venezuela,&nbsp;Mar\u00eda Corina Machado, fue [&hellip;]<\/p>\n","protected":false},"author":3,"featured_media":91618,"comment_status":"open","ping_status":"open","sticky":false,"template":"","format":"standard","meta":{"_monsterinsights_skip_tracking":false,"footnotes":""},"categories":[694],"tags":[],"class_list":["post-91617","post","type-post","status-publish","format-standard","has-post-thumbnail","category-destacadas"],"_links":{"self":[{"href":"https:\/\/redsemlac.com\/semmexico\/wp-json\/wp\/v2\/posts\/91617","targetHints":{"allow":["GET"]}}],"collection":[{"href":"https:\/\/redsemlac.com\/semmexico\/wp-json\/wp\/v2\/posts"}],"about":[{"href":"https:\/\/redsemlac.com\/semmexico\/wp-json\/wp\/v2\/types\/post"}],"author":[{"embeddable":true,"href":"https:\/\/redsemlac.com\/semmexico\/wp-json\/wp\/v2\/users\/3"}],"replies":[{"embeddable":true,"href":"https:\/\/redsemlac.com\/semmexico\/wp-json\/wp\/v2\/comments?post=91617"}],"version-history":[{"count":0,"href":"https:\/\/redsemlac.com\/semmexico\/wp-json\/wp\/v2\/posts\/91617\/revisions"}],"wp:featuredmedia":[{"embeddable":true,"href":"https:\/\/redsemlac.com\/semmexico\/wp-json\/wp\/v2\/media\/91618"}],"wp:attachment":[{"href":"https:\/\/redsemlac.com\/semmexico\/wp-json\/wp\/v2\/media?parent=91617"}],"wp:term":[{"taxonomy":"category","embeddable":true,"href":"https:\/\/redsemlac.com\/semmexico\/wp-json\/wp\/v2\/categories?post=91617"},{"taxonomy":"post_tag","embeddable":true,"href":"https:\/\/redsemlac.com\/semmexico\/wp-json\/wp\/v2\/tags?post=91617"}],"curies":[{"name":"wp","href":"https:\/\/api.w.org\/{rel}","templated":true}]}}