{"id":9149,"date":"2019-06-25T19:05:04","date_gmt":"2019-06-25T19:05:04","guid":{"rendered":"https:\/\/redsemlac.com\/semmexico\/?p=9149"},"modified":"2023-07-21T14:49:40","modified_gmt":"2023-07-21T19:49:40","slug":"buscar-la-proteccion-de-los-derechos-de-ninas-ninos-y-adolescentes-en-contextos-migratorios","status":"publish","type":"post","link":"https:\/\/redsemlac.com\/semmexico\/buscar-la-proteccion-de-los-derechos-de-ninas-ninos-y-adolescentes-en-contextos-migratorios\/","title":{"rendered":"Buscar la protecci\u00f3n de los derechos de ni\u00f1as, ni\u00f1os y adolescentes en contextos migratorios"},"content":{"rendered":"\n<p class=\"wp-block-paragraph\"><strong><em>Las ni\u00f1as y adolescentes migrantes pueden solicitar asilo, no lo hacen por desconocimiento.<\/em><\/strong><\/p>\n\n\n\n<p class=\"wp-block-paragraph\"><strong>Elda Montiel<\/strong><\/p>\n\n\n\n<p class=\"wp-block-paragraph\">SemM\u00e9xico. Cd. de M\u00e9xico. 25 de junio de 2019.- Las mujeres, ni\u00f1as y adolescentes que sufren un desplazamiento forzoso que las obliga a cruzar una frontera internacional por temores fundados de que su vida, libertad o seguridad est\u00e1n en riesgo, tienen derecho a solicitar y recibir asilo.&nbsp;&nbsp;<\/p>\n\n\n\n<p class=\"wp-block-paragraph\">En M\u00e9xico 1 de cada 3 personas que ingresa por la frontera sur es una ni\u00f1a, ni\u00f1o o adolescente, de acuerdo a los datos del Instituto Nacional de Migraci\u00f3n.<\/p>\n\n\n\n<p class=\"wp-block-paragraph\">En los primeros cuatro meses de 2019 se han presentado ante la autoridad migratoria 15,509 personas menores de 18 a\u00f1os acompa\u00f1adas y no acompa\u00f1adas, de la cuales 2,634 son ni\u00f1as y 9,275 son ni\u00f1os.<\/p>\n\n\n\n<p class=\"wp-block-paragraph\">De acuerdo a la misma fuente, en el 2018 pidieron asilo 12,032 mujeres y 3,382 ni\u00f1as seg\u00fan la Comisi\u00f3n Mexicana de Ayuda a Refugiados (COMAR).<\/p>\n\n\n\n<p class=\"wp-block-paragraph\">Solo 332 ni\u00f1as y ni\u00f1os no acompa\u00f1ados accedieron al proceso de asilo. Se estima que al menos 102 ni\u00f1as no acompa\u00f1adas pidieron asilo, las dem\u00e1s tal vez no se enteraron de que ten\u00edan derecho a hacerlo o siguieron su camino a pesar de saberlo, confiando en las promesas de los polleros (traficantes de personas).<\/p>\n\n\n\n<p class=\"wp-block-paragraph\">La situaci\u00f3n que viven las mujeres, ni\u00f1as, ni\u00f1os y adolescentes migrantes lo ejemplifica muy bien el relato de \u201cMar\u00eda\u201d, adolescente de 14 a\u00f1os, deja a su abuela en Honduras, y migra para no ser v\u00edctima de las maras; ya en M\u00e9xico, est\u00e1 en espera de que el gobierno mexicano le resuelva sobre su solicitud de asilo.&nbsp;&nbsp;&nbsp;<\/p>\n\n\n\n<p class=\"wp-block-paragraph\">Margarita Bonilla Portillas, oficial de Protecci\u00f3n con Base Comunitaria del Alto Comisionado de las Naciones Unidas para los Refugiados (ACNUR) M\u00e9xico, reconstruye, en una Mar\u00eda ficticia, los perfiles de las mujeres y ni\u00f1as refugiadas que llegan a nuestro pa\u00eds por la inseguridad de su entorno y su condici\u00f3n de mujer que las hace m\u00e1s vulnerables.<\/p>\n\n\n\n<p class=\"wp-block-paragraph\">En el suplemento TODAS del mes de junio de INMUJERES, en el art\u00edculo \u00bfQui\u00e9nes son las mujeres y las ni\u00f1as refugiadas en M\u00e9xico? se destaca la importancia de reconocer la violencia de g\u00e9nero como un factor decisivo de expulsi\u00f3n para las mujeres y las ni\u00f1as, lo que hace que sus caminos y rutas incluyan de igual manera vejaciones a sus derechos, ya sea viajando solas o en colectivo.<\/p>\n\n\n\n<p class=\"wp-block-paragraph\">En el relato de Mar\u00eda esta vulnerabilidad de ser mujer, las obliga a cortarse el pelo, y vestir ropa holgada para no ser atractivas. A pesar de lo peligroso de la traves\u00eda se aventuran al igual, que otras madres con hijos, hermanas, hijas y sobrinas que aguantaron la inclemencia del clima y la dificultad de la ruta con decisi\u00f3n.<\/p>\n\n\n\n<p class=\"wp-block-paragraph\">\u201cUnas vienen acompa\u00f1adas con los que dicen ser sus maridos, otras se treparon a la bestia (el tren), y otras, se despidieron en el camino de la mano de alg\u00fan pollero que les prometi\u00f3 trabajo en el Norte, que nunca explican bien de qu\u00e9 se tratan estas ofertas\u201d.<\/p>\n\n\n\n<p class=\"wp-block-paragraph\">En una traves\u00eda donde las semanas parecen meses, se acostumbran a compartir el lugar para dormir con gente que no conoc\u00edan, y piensan que el miedo quedo atr\u00e1s. Mientras trataban de adaptarse a las rutinas en detenci\u00f3n, Mar\u00eda y otras ni\u00f1as fueron llamadas para hablar con la Procuradur\u00eda de Protecci\u00f3n de Ni\u00f1ez.<\/p>\n\n\n\n<p class=\"wp-block-paragraph\">Luego de esas conversaciones, en la estaci\u00f3n recogieron sus pocas pertenencias y se despidieron de las personas que conocieron en el camino. A Mar\u00eda se la llevaron a un albergue de ni\u00f1as para definir cu\u00e1l va a ser su situaci\u00f3n en el futuro.<\/p>\n\n\n\n<p class=\"wp-block-paragraph\">D\u00edas despu\u00e9s supo que dos de las mujeres y un muchacho que la acompa\u00f1aban en la estaci\u00f3n migratoria desaparecieron justo despu\u00e9s de haber salido.<\/p>\n\n\n\n<p class=\"wp-block-paragraph\"><strong>La infancia, sometida a labores dom\u00e9sticas y el inicio de la adolescencia, amenazada por las maras.&nbsp;<\/strong>&nbsp;&nbsp;<\/p>\n\n\n\n<p class=\"wp-block-paragraph\">Otra realidad es las de las ni\u00f1as sometidas a trabajo dom\u00e9stico sin paga y abuso, sin una familia que las proteja, y expuestas a la violencia de las maras en Centroam\u00e9rica.<\/p>\n\n\n\n<p class=\"wp-block-paragraph\">Ante tal contexto, las expertas y los expertos han realizado an\u00e1lisis y emitido recomendaciones y observaciones pr\u00e1cticas que buscan poner en el centro la protecci\u00f3n de los derechos de ni\u00f1as, ni\u00f1os y adolescentes en contextos migratorios, tanto en los pa\u00edses de tr\u00e1nsito, como en los de destino y origen.<\/p>\n\n\n\n<p class=\"wp-block-paragraph\">Esta violencia, la de las pandillas de las maras, est\u00e1 omnipresente en muchas comunidades del norte de Centroam\u00e9rica, donde los ni\u00f1os y ni\u00f1as son v\u00edctimas de reclutamiento forzado, abuso e incluso asesinato.<\/p>\n\n\n\n<p class=\"wp-block-paragraph\">Entre 2008 y 2016, en Honduras, por ejemplo, aproximadamente un ni\u00f1o muri\u00f3 cada d\u00eda por homicidio.<\/p>\n\n\n\n<p class=\"wp-block-paragraph\">En el art\u00edculo \u201cNuevas Oportunidades y nuevos retos para ni\u00f1as buscando protecci\u00f3n internacional\u201d, dan cuenta Rosalba Elizabeth Rivera Z\u00fa\u00f1iga, del Instituto para las Mujeres en la Migraci\u00f3n, y Sair Daniel Pinilla Mart\u00ednez, coordinador de Aldeas Infantiles SOS M\u00e9xico, de la historia de Yareli, una adolescente que llega a la ciudad de M\u00e9xico, como parte de una de las caravanas, sin la meta clara de llegar a Estados Unidos, sino m\u00e1s bien en busca de un espacio seguro y de libertad.&nbsp;&nbsp;<\/p>\n\n\n\n<p class=\"wp-block-paragraph\">La historia de Yareli, es la de ser la menor de cinco hermanos, no conoci\u00f3 a su padre y vivi\u00f3 con su mam\u00e1 hasta los cuatro a\u00f1os, cuando esta decidi\u00f3 casarse y vivir en El Salvador con su nueva familia.<\/p>\n\n\n\n<p class=\"wp-block-paragraph\">Queda al cuidado de sus t\u00edas, pero por la situaci\u00f3n econ\u00f3mica precaria, desde los seis y hasta los 12 a\u00f1os paso su infancia trabajando en labores dom\u00e9sticas sin recibir remuneraci\u00f3n alguna y sometida a maltrato con una familia. Posteriormente vuelve con su madre s\u00f3lo para que el esposo de esta intente abusar de ella, y como su madre no le crey\u00f3 tuvo que regresar a Honduras.<\/p>\n\n\n\n<p class=\"wp-block-paragraph\">Consigue trabajo en una cocina y es \u201cinvitada\u201d por pandilleros de la zona a incorporarse a su grupo para consumir y vender droga, como no acepta, la amenazan con secuestrarla e incluirla en las filas de la prostituci\u00f3n. Entonces, cuando comenz\u00f3 el rumor de una salida masiva de hondure\u00f1os hacia los Estados Unidos, ella se integr\u00f3 a la caravana, ya con 16 a\u00f1os.<\/p>\n\n\n\n<p class=\"wp-block-paragraph\">La adolescente fue identificada en noviembre por parte del equipo del Instituto para las Mujeres en la Migraci\u00f3n, A. C. (IMUMI) en el Deportivo Jes\u00fas Mart\u00ednez \u201cPalillo\u201d en la Ciudad de M\u00e9xico, espacio habilitado como albergue para las personas que ven\u00edan en un \u00e9xodo masivo en caravana durante 2018.<\/p>\n\n\n\n<p class=\"wp-block-paragraph\">Ella estaba acogida de manera eventual con una familia que hab\u00eda conocido durante el tr\u00e1nsito desde Honduras a M\u00e9xico, y con la cual se sent\u00eda en confianza. A partir del dialogo con Aldeas Infantiles SOS M\u00e9xico se le ofreci\u00f3 la opci\u00f3n de ser acogida temporalmente en su programa de acogimiento familiar en la Ciudad de M\u00e9xico.<\/p>\n\n\n\n<p class=\"wp-block-paragraph\"><strong>Persecuci\u00f3n por motivos de g\u00e9nero<\/strong><\/p>\n\n\n\n<p class=\"wp-block-paragraph\">Carmina, adolescentes transg\u00e9nero hondure\u00f1a, como tantas otras mujeres, ha recorrido un laberinto jur\u00eddico para hacer valer sus derechos que le fueron negados desde que recuerda, como el derecho a una nacionalidad, el derecho a la identidad, el derecho a vivir una vida sin violencia, el derecho al libre desarrollo de la personalidad.<\/p>\n\n\n\n<p class=\"wp-block-paragraph\">Se habla de una feminizaci\u00f3n de la migraci\u00f3n, esto quiere decir que, por distintas razones, se ha registrado un aumento de las mujeres en los flujos migratorios.<\/p>\n\n\n\n<p class=\"wp-block-paragraph\">Cabe aclarar que, sin duda, las mujeres son ahora m\u00e1s las emprendedoras de los proyectos migratorios que antes, y es hasta estudios m\u00e1s recientes donde se reflejan los datos con perspectiva de g\u00e9nero y eso ha visibilizado este fen\u00f3meno.<\/p>\n\n\n\n<p class=\"wp-block-paragraph\">Para Ana Mercedes Saiz, directora general de Sin Fronteras, organizaci\u00f3n que tiene 22 a\u00f1os en favor de las y los refugiados, muchas de estas mujeres que huyen de su pa\u00eds por motivos de g\u00e9nero, deber\u00edan ser protegidas por el gobierno mexicano como lo establece la Constituci\u00f3n y la Ley sobre Refugiados, Protecci\u00f3n Complementaria y Asilo Pol\u00edtico.<\/p>\n\n\n\n<p class=\"wp-block-paragraph\">En el art\u00edculo \u201cHuir para salvar la vida, la realidad de miles de mujeres en M\u00e9xico\u201d, se\u00f1ala que 7 de cada 10 mujeres, ni\u00f1as y j\u00f3venes migrantes son abusadas sexualmente durante su paso por M\u00e9xico.<\/p>\n\n\n\n<p class=\"wp-block-paragraph\">En el destino, las ni\u00f1as y adolescentes migrantes enfrentan abusos y explotaci\u00f3n laboral en el trabajo dom\u00e9stico, el trabajo agr\u00edcola, el trabajo sexual y el comercio informal.<\/p>\n\n\n\n<p class=\"wp-block-paragraph\">Aunado a lo anterior, pueden ser detenidas, llevadas a una estaci\u00f3n migratoria y regresadas a sus pa\u00edses de origen sin una evaluaci\u00f3n individual que asegure que su vida o integridad no est\u00e1 en riesgo al ser devueltas y sin haberles informado sobre sus derechos.<\/p>\n\n\n\n<p class=\"wp-block-paragraph\">La persecuci\u00f3n por motivos de g\u00e9nero es una de las categor\u00edas protegidas por la ley mexicana y se acepta como causal para pedir asilo o protecci\u00f3n internacional.<\/p>\n\n\n\n<p class=\"wp-block-paragraph\">Tal es el caso de Carmina, hondure\u00f1a, quien lleg\u00f3 a la organizaci\u00f3n \u201cSin Fronteras IAP\u201d despu\u00e9s de que desde peque\u00f1a sus padres no la aceptaban por ser una persona transg\u00e9nero. No fue registrada y fue dejada con unos t\u00edos que la maltrataban por su condici\u00f3n. Ella toma el valor de venir a M\u00e9xico en busca de una identidad y de protecci\u00f3n.<\/p>\n\n\n\n<p class=\"wp-block-paragraph\">Sin embargo, la respuesta negativa de las autoridades para reconocer su condici\u00f3n de ap\u00e1trida agrav\u00f3 su situaci\u00f3n en 2015 al haber adquirido una discapacidad visual y el ser ap\u00e1trida les imped\u00eda el acceso a tratamientos m\u00e9dicos.<br><\/p>\n\n\n\n<p class=\"wp-block-paragraph\">Una mujer puede ser objeto de ataques y situaciones de grave discriminaci\u00f3n simplemente por el hecho de ser mujer. Los motivos m\u00e1s frecuentes pueden ser huir de una situaci\u00f3n de violencia generalizada, de violencia intrafamiliar, de un matrimonio forzoso, por riesgo a ser v\u00edctima de cr\u00edmenes de honor -muchas veces perpetrados por la propia familia- generados por un embarazo o alguna situaci\u00f3n que traiga \u201cverg\u00fcenza\u201d a la familia, su orientaci\u00f3n sexual o identidad de g\u00e9nero, o estar en riesgo de ser v\u00edctima de trata.<br><\/p>\n","protected":false},"excerpt":{"rendered":"<p>Las ni\u00f1as y adolescentes migrantes pueden solicitar asilo, no lo hacen por desconocimiento.<\/p>\n","protected":false},"author":3,"featured_media":9150,"comment_status":"open","ping_status":"open","sticky":false,"template":"","format":"standard","meta":{"_monsterinsights_skip_tracking":false,"footnotes":""},"categories":[690,119],"tags":[],"class_list":["post-9149","post","type-post","status-publish","format-standard","has-post-thumbnail","category-690","category-mujeres-migrantes"],"_links":{"self":[{"href":"https:\/\/redsemlac.com\/semmexico\/wp-json\/wp\/v2\/posts\/9149","targetHints":{"allow":["GET"]}}],"collection":[{"href":"https:\/\/redsemlac.com\/semmexico\/wp-json\/wp\/v2\/posts"}],"about":[{"href":"https:\/\/redsemlac.com\/semmexico\/wp-json\/wp\/v2\/types\/post"}],"author":[{"embeddable":true,"href":"https:\/\/redsemlac.com\/semmexico\/wp-json\/wp\/v2\/users\/3"}],"replies":[{"embeddable":true,"href":"https:\/\/redsemlac.com\/semmexico\/wp-json\/wp\/v2\/comments?post=9149"}],"version-history":[{"count":0,"href":"https:\/\/redsemlac.com\/semmexico\/wp-json\/wp\/v2\/posts\/9149\/revisions"}],"wp:featuredmedia":[{"embeddable":true,"href":"https:\/\/redsemlac.com\/semmexico\/wp-json\/wp\/v2\/media\/9150"}],"wp:attachment":[{"href":"https:\/\/redsemlac.com\/semmexico\/wp-json\/wp\/v2\/media?parent=9149"}],"wp:term":[{"taxonomy":"category","embeddable":true,"href":"https:\/\/redsemlac.com\/semmexico\/wp-json\/wp\/v2\/categories?post=9149"},{"taxonomy":"post_tag","embeddable":true,"href":"https:\/\/redsemlac.com\/semmexico\/wp-json\/wp\/v2\/tags?post=9149"}],"curies":[{"name":"wp","href":"https:\/\/api.w.org\/{rel}","templated":true}]}}