{"id":91488,"date":"2025-01-06T13:37:51","date_gmt":"2025-01-06T19:37:51","guid":{"rendered":"https:\/\/redsemlac.com\/semmexico\/?p=91488"},"modified":"2025-01-06T13:39:50","modified_gmt":"2025-01-06T19:39:50","slug":"rompecabezas-geologico-demuestra-union-entre-sur-de-mexico-y-centroamerica","status":"publish","type":"post","link":"https:\/\/redsemlac.com\/semmexico\/rompecabezas-geologico-demuestra-union-entre-sur-de-mexico-y-centroamerica\/","title":{"rendered":"\u201cRompecabezas geol\u00f3gico\u201d demuestra uni\u00f3n entre sur de M\u00e9xico y Centroam\u00e9rica"},"content":{"rendered":"\n<ul class=\"wp-block-list\">\n<li>Las reconstrucciones permiten comprender c\u00f3mo funciona el l\u00edmite tect\u00f3nico que produce sismos en el pa\u00eds<\/li>\n<\/ul>\n\n\n\n<ul class=\"wp-block-list\">\n<li>&nbsp;Hace 120 millones de a\u00f1os parte de Oaxaca estaba unido a Nicaragua y Colombia<\/li>\n<\/ul>\n\n\n\n<p class=\"wp-block-paragraph\">Redacci\u00f3n<\/p>\n\n\n\n<p class=\"wp-block-paragraph\">SemM\u00e9xico, Cd. de M\u00e9xico, 6 de enero, 2025.- Por primera vez geof\u00edsicos obtuvieron evidencia de que hace 120 millones de a\u00f1os parte de Oaxaca estaba unida a Centroam\u00e9rica, a trav\u00e9s de lo que hoy es Nicaragua y Colombia, revel\u00f3 un estudio elaborado por cient\u00edficos del Instituto de Geof\u00edsica (IGEF) de la UNAM.<\/p>\n\n\n\n<figure class=\"wp-block-image size-large is-resized\"><a href=\"https:\/\/redsemlac.com\/semmexico\/wp-content\/uploads\/2025\/01\/0095-scaled.jpg\"><img loading=\"lazy\" decoding=\"async\" width=\"1024\" height=\"682\" src=\"https:\/\/redsemlac.com\/semmexico\/wp-content\/uploads\/2025\/01\/0095-1024x682.jpg\" alt=\"\" class=\"wp-image-91489\" style=\"width:306px;height:auto\" srcset=\"https:\/\/redsemlac.com\/semmexico\/wp-content\/uploads\/2025\/01\/0095-1024x682.jpg 1024w, https:\/\/redsemlac.com\/semmexico\/wp-content\/uploads\/2025\/01\/0095-300x200.jpg 300w, https:\/\/redsemlac.com\/semmexico\/wp-content\/uploads\/2025\/01\/0095-768x512.jpg 768w, https:\/\/redsemlac.com\/semmexico\/wp-content\/uploads\/2025\/01\/0095-1536x1023.jpg 1536w, https:\/\/redsemlac.com\/semmexico\/wp-content\/uploads\/2025\/01\/0095-2048x1364.jpg 2048w, https:\/\/redsemlac.com\/semmexico\/wp-content\/uploads\/2025\/01\/0095-150x100.jpg 150w, https:\/\/redsemlac.com\/semmexico\/wp-content\/uploads\/2025\/01\/0095-696x464.jpg 696w, https:\/\/redsemlac.com\/semmexico\/wp-content\/uploads\/2025\/01\/0095-1068x711.jpg 1068w, https:\/\/redsemlac.com\/semmexico\/wp-content\/uploads\/2025\/01\/0095-1920x1279.jpg 1920w\" sizes=\"auto, (max-width: 1024px) 100vw, 1024px\" \/><\/a><\/figure>\n\n\n\n<p class=\"wp-block-paragraph\"><a>Bernardo Ignacio Garc\u00eda Amador<\/a>, del Laboratorio de Paleomagnetismo y Magnetismo de Rocas de dicha entidad acad\u00e9mica y titular de la investigaci\u00f3n, explic\u00f3 que desde hace tiempo se hab\u00eda sugerido que estuvo incorporada al sur de M\u00e9xico y que por eso las rocas en ambos lados eran similares, con una acci\u00f3n rec\u00edproca que dur\u00f3 millones de a\u00f1os.<\/p>\n\n\n\n<p class=\"wp-block-paragraph\">El especialista enfatiz\u00f3 que este tipo de trabajos de reconstrucci\u00f3n son \u00fatiles para comprender mejor c\u00f3mo interact\u00faa el l\u00edmite tect\u00f3nico activo que actualmente produce sismos en el pa\u00eds, el porqu\u00e9 del arco volc\u00e1nico transmexicano, o la raz\u00f3n por la cual hay hidrocarburos en el Golfo de M\u00e9xico y no en Baja California.<\/p>\n\n\n\n<p class=\"wp-block-paragraph\">El tambi\u00e9n acad\u00e9mico de la Facultad de Ciencias record\u00f3 que nuestra naci\u00f3n se encuentra, principalmente, sobre la placa Norteamericana y en la regi\u00f3n sur la placa de Cocos se est\u00e1 subduciendo (metiendo) en Guerrero, Oaxaca y Chiapas. En lo que actualmente se conoce como Centroam\u00e9rica est\u00e1 la placa del Caribe.<\/p>\n\n\n\n<p class=\"wp-block-paragraph\">Garc\u00eda Amador detall\u00f3 que en Nicaragua realizaron labores durante tres meses para un muestreo de paleomagnetismo y geolog\u00eda en el llamado bloque de Chortis; y trajeron rocas del suroccidente de ese pa\u00eds y comenzaron a estudiarlas en los laboratorios de la UNAM.<\/p>\n\n\n\n<p class=\"wp-block-paragraph\">De acuerdo con el experto, la superficie terrestre puede ser visualidad como la c\u00e1scara del huevo que est\u00e1 fragmentada, y a cada segmento se le conoce como placa tect\u00f3nica. Estas interact\u00faan entre s\u00ed con tres tipos de movimientos: convergencia como la zona de subducci\u00f3n que hoy en d\u00eda tenemos en las costas del sur de M\u00e9xico; desplazamientos laterales, es decir, cuando rozan unas con otras y tambi\u00e9n se les identifica como l\u00edmites transformantes; y la separaci\u00f3n, que es cuando se construye corteza y el piso oce\u00e1nico.<\/p>\n\n\n\n<p class=\"wp-block-paragraph\">Para armar este \u201crompecabezas geol\u00f3gico\u201d, Garc\u00eda Amador y su equipo revisaron rocas que tienen cerca de 120 millones de a\u00f1os y las compararon con otras que datan de 70, 50 o 30 millones de a\u00f1os, con el objetivo de develar la informaci\u00f3n de estos movimientos.<\/p>\n\n\n\n<p class=\"wp-block-paragraph\">Seg\u00fan los an\u00e1lisis realizados, las que se encuentran en las costas de Guerrero, Oaxaca y Chiapas tienen \u201ccicatrices\u201d que son el resultado del deslizamiento del ensamble centroamericano con respecto al sur de M\u00e9xico, indicando que la zona estuvo junta alguna vez y que, adem\u00e1s, debido al choque, se tallaron o rozaron en entre s\u00ed y Centroam\u00e9rica pas\u00f3 de estar en una parte m\u00e1s al oeste a su sitio actual; es decir, fue un movimiento hacia el este.<\/p>\n\n\n\n<p class=\"wp-block-paragraph\">Cuando el ensamble centroamericano Chortis pas\u00f3 al sur de M\u00e9xico hace 120 millones de a\u00f1os, lo que hizo fue ir rozando y levantando parte del de la corteza, pero a lo largo de millones de a\u00f1os la roca se fue erosionando y en la actualidad es posible ver, a nivel de costa, estos objetivos que en su momento estaban a mayor profundidad.<\/p>\n\n\n\n<p class=\"wp-block-paragraph\">Luego de que los resultados de esta investigaci\u00f3n fueron presentados en las revistas&nbsp;<em>Tectonics<\/em>,&nbsp;<em>Tectonophysics<\/em>, e&nbsp;<em>International Geology Review,<\/em>&nbsp;loscient\u00edficos universitarios tratan de desarrollar un modelo tect\u00f3nico del periodo P\u00e9rmico (299 millones de a\u00f1os) al Jur\u00e1sico (201 millones de a\u00f1os), informaci\u00f3n con la que esperan reconstruir cu\u00e1ndo y c\u00f3mo se form\u00f3 Pangea \u2013el \u00faltimo supercontinente\u2013 y en qu\u00e9 momento se desmembr\u00f3.<\/p>\n\n\n\n<p class=\"wp-block-paragraph\">El objetivo es entender c\u00f3mo M\u00e9xico juega un papel importante en su ensamble y en su desmembramiento, recordemos que Pangea es las masas continentales unidas, pero a nosotros nos corresponde la parte occidental, abund\u00f3 Garc\u00eda Amador.<\/p>\n\n\n\n<p class=\"wp-block-paragraph\">Por el momento, mediante un reciente estudio con Cecilia Irene Caballero Miranda, investigadora del Departamento de Geomagnetismo y Exploraci\u00f3n Geof\u00edsica del IGEF, comprobaron la hip\u00f3tesis de que en la parte sur del pa\u00eds las rocas de Oaxaca tambi\u00e9n fueron aleda\u00f1as con una de Colombia cuando estaba cerrada Pangea, destac\u00f3.<\/p>\n","protected":false},"excerpt":{"rendered":"<p>Redacci\u00f3n SemM\u00e9xico, Cd. de M\u00e9xico, 6 de enero, 2025.- Por primera vez geof\u00edsicos obtuvieron evidencia de que hace 120 millones de a\u00f1os parte de Oaxaca estaba unida a Centroam\u00e9rica, a trav\u00e9s de lo que hoy es Nicaragua y Colombia, revel\u00f3 un estudio elaborado por cient\u00edficos del Instituto de Geof\u00edsica (IGEF) de la UNAM. Bernardo Ignacio [&hellip;]<\/p>\n","protected":false},"author":3,"featured_media":91490,"comment_status":"open","ping_status":"open","sticky":false,"template":"","format":"standard","meta":{"_monsterinsights_skip_tracking":false,"footnotes":""},"categories":[682],"tags":[],"class_list":["post-91488","post","type-post","status-publish","format-standard","has-post-thumbnail","category-noticias"],"_links":{"self":[{"href":"https:\/\/redsemlac.com\/semmexico\/wp-json\/wp\/v2\/posts\/91488","targetHints":{"allow":["GET"]}}],"collection":[{"href":"https:\/\/redsemlac.com\/semmexico\/wp-json\/wp\/v2\/posts"}],"about":[{"href":"https:\/\/redsemlac.com\/semmexico\/wp-json\/wp\/v2\/types\/post"}],"author":[{"embeddable":true,"href":"https:\/\/redsemlac.com\/semmexico\/wp-json\/wp\/v2\/users\/3"}],"replies":[{"embeddable":true,"href":"https:\/\/redsemlac.com\/semmexico\/wp-json\/wp\/v2\/comments?post=91488"}],"version-history":[{"count":0,"href":"https:\/\/redsemlac.com\/semmexico\/wp-json\/wp\/v2\/posts\/91488\/revisions"}],"wp:featuredmedia":[{"embeddable":true,"href":"https:\/\/redsemlac.com\/semmexico\/wp-json\/wp\/v2\/media\/91490"}],"wp:attachment":[{"href":"https:\/\/redsemlac.com\/semmexico\/wp-json\/wp\/v2\/media?parent=91488"}],"wp:term":[{"taxonomy":"category","embeddable":true,"href":"https:\/\/redsemlac.com\/semmexico\/wp-json\/wp\/v2\/categories?post=91488"},{"taxonomy":"post_tag","embeddable":true,"href":"https:\/\/redsemlac.com\/semmexico\/wp-json\/wp\/v2\/tags?post=91488"}],"curies":[{"name":"wp","href":"https:\/\/api.w.org\/{rel}","templated":true}]}}