{"id":91486,"date":"2025-01-06T12:21:27","date_gmt":"2025-01-06T18:21:27","guid":{"rendered":"https:\/\/redsemlac.com\/semmexico\/?p=91486"},"modified":"2025-01-06T12:21:27","modified_gmt":"2025-01-06T18:21:27","slug":"violeta-del-anahuac-chilpancingo-restaurar-orden-y-estabilidad","status":"publish","type":"post","link":"https:\/\/redsemlac.com\/semmexico\/violeta-del-anahuac-chilpancingo-restaurar-orden-y-estabilidad\/","title":{"rendered":"Violeta del An\u00e1huac| Chilpancingo, restaurar orden y estabilidad"},"content":{"rendered":"\n<p class=\"wp-block-paragraph\">Isabel Ortega Morales<\/p>\n\n\n\n<p class=\"wp-block-paragraph\">SemM\u00e9xico, Chilpancingo, Gro., 6 de enero, 2025.- La noche del 24, en Chilpancingo, las familias oriundas del barrio de San Mateo cambiaron la incipiente sonrisa de la nochebuena por una oraci\u00f3n de duelo, una oraci\u00f3n m\u00e1s de duelo. Era el d\u00eda 79 desde que Alejandro Arcos Catal\u00e1n, electo por el municipio de los Bravo (Don Leonardo y Don Nicol\u00e1s) para instaurar la tranquilidad perdida y la paz extraviada en la frivolidad del mandato municipal que le anteced\u00eda, hab\u00eda sido asesinado, convulsionando la esperanza, cuando en el d\u00eda de la Natividad, del nacimiento de la Fe, otras balas usaran su lenguaje de miedo para mantener su control sobre la poblaci\u00f3n.<\/p>\n\n\n\n<p class=\"wp-block-paragraph\">El br\u00edo de la renovaci\u00f3n, en la plazuela de la parroquia de San Mateo, entre el tronido de los chirriones de los tlacololeros que para alejar al tigre (plaga), con destreza realizaban el maizo, el tepachero, el teyolero, el jitomatero, el chile verde, el ventarr\u00f3n, el rayo seco, el colmenero, el frijolero, el xocouotillo, la perra maravilla, el tlacololero y el salvador, fueron opacados con el estruendo de armas de fuego que cortaron dos vidas.<\/p>\n\n\n\n<p class=\"wp-block-paragraph\">Ah\u00ed, frente a la parroquia, a punto de iniciar el recorrido para el Teopancalaquis (sincretismo religioso e ind\u00edgena) que realizan a\u00f1o con a\u00f1o desde hace 200 a\u00f1os desde la parroquia de San Mateo hasta la hoy Catedral de la Asunci\u00f3n de Mar\u00eda las autoridades legalmente constituidas junto con los organizadores de la Feria de San Mateo, Navidad y A\u00f1o Nuevo, instituida por el mism\u00edsimo Don Jos\u00e9 Mar\u00eda Morelos y Pav\u00f3n, cayeron sin vida el Presidente del Patronato, Mart\u00edn Roberto y el maestro de Ceremonias, Jos\u00e9 Vidal, que estaban a la espera del Edil, Gustavo Alarc\u00f3n Herrera y el Cabildo para caminar juntos sobre la calle Hidalgo y llegar al centro de la capital de Guerrero en un emotivo y alegre peregrinar hacia la casa de Dios.<\/p>\n\n\n\n<p class=\"wp-block-paragraph\">En San Mateo, Mart\u00edn Roberto era ampliamente conocido y estimado, era un vecino que realiz\u00f3 acciones a favor de sus coterr\u00e1neos, era una gente de bien. Y ahora, ante la fatal noticia de su asesinato, las familias que se dispon\u00edan a salir para unirse en la celebraci\u00f3n del Teopancalaquis, cambiaron la sonrisa por el llanto y la cena de navidad por veladoras afuera de sus casas.<\/p>\n\n\n\n<p class=\"wp-block-paragraph\">En Chilpancingo, muchas, muchas familias sab\u00edamos que la cena de Navidad hab\u00eda cambiado desde el homicidio de un gran hombre, un gran l\u00edder, un pacificador, Alejandro Arcos Catal\u00e1n. Sab\u00edamos que era importante el encuentro familiar como un v\u00ednculo social de resistencia, pero no imagin\u00e1bamos que el a\u00f1o se cerrar\u00eda con el asesinato de otro apreciado personaje capitalino como Mart\u00edn Roberto, y la propia de Jos\u00e9 Vidal, un joven que animaba eventos, a quien cortaban tambi\u00e9n su alegr\u00eda contagiosa, por duelo.<\/p>\n\n\n\n<p class=\"wp-block-paragraph\">A Chilpancingo la administraci\u00f3n anterior la marc\u00f3 la fiesta, la falta de resultados en la administraci\u00f3n p\u00fablica, la mentira repetida tantas veces que confund\u00eda a los menos informados. Los paros de transportistas ante la inseguridad y por ende la educaci\u00f3n, el alto costo de insumos alimenticios, la falta de oportunidades para su juventud, la falta de respaldos para el desarrollo econ\u00f3mico, el abandono de la zona rural, incluso, la burla de anunciar junto con SEDATU, Secretar\u00eda de Desarrollo Agrario, Territorial y Urbano, un \u201crecinto ferial\u201d destruyendo el que exist\u00eda y dejando apenas simulado unas varillas levantadas para justificar \u201cla obra\u201d cuando realmente parec\u00edan porquerizas, tambi\u00e9n la marc\u00f3 la incumplida promesa de un gobierno con visi\u00f3n de futuro.<\/p>\n\n\n\n<p class=\"wp-block-paragraph\">El voto a favor de Alejandro Arcos no estuvo exento de votos en contra por seudo aliados que buscaban esa posici\u00f3n y otros que no ofrec\u00edan nada pero que estaban urgidos en alejarse de donde hab\u00edan partido, aun as\u00ed, levant\u00f3 el triunfo porque la esperanza ciudadana alimentaba esa posibilidad.<\/p>\n\n\n\n<p class=\"wp-block-paragraph\">Sin duda no es f\u00e1cil para el Doctor Gustavo Alarc\u00f3n Herrera estar en la Presidencia. No es un calzado con medida ni con calzador, es un momento en el que la naturaleza tambi\u00e9n lastim\u00f3 la ciudad, y es un momento en el que la historia demanda de una visi\u00f3n distinta para restaurar lo perdido, que es mucho.<\/p>\n\n\n\n<p class=\"wp-block-paragraph\">En este periodo de anarqu\u00eda, donde la intranquilidad social y el duelo caminan, debe cabalgar la filosof\u00eda pr\u00e1ctica del Chilpancingo heroico e hist\u00f3rico, debe restaurarse el orden y la estabilidad, y para ello se requiere tambi\u00e9n la suma de voluntades y la de sus hombres y mujeres comprometidos, as\u00ed como los otros \u00f3rdenes de gobierno.<\/p>\n\n\n\n<p class=\"wp-block-paragraph\">Apreciadas y apreciados lectores, gracias por acompa\u00f1arme en estos tiempos, que sea un venturoso a\u00f1o 2025 para ustedes y sus seres queridos\/as, y agradecer a este medio su confianza y la oportunidad de ser parte de su equipo.<\/p>\n","protected":false},"excerpt":{"rendered":"<p>Isabel Ortega Morales SemM\u00e9xico, Chilpancingo, Gro., 6 de enero, 2025.- La noche del 24, en Chilpancingo, las familias oriundas del barrio de San Mateo cambiaron la incipiente sonrisa de la nochebuena por una oraci\u00f3n de duelo, una oraci\u00f3n m\u00e1s de duelo. Era el d\u00eda 79 desde que Alejandro Arcos Catal\u00e1n, electo por el municipio de [&hellip;]<\/p>\n","protected":false},"author":3,"featured_media":38576,"comment_status":"open","ping_status":"open","sticky":false,"template":"","format":"standard","meta":{"_monsterinsights_skip_tracking":false,"footnotes":""},"categories":[35,197],"tags":[],"class_list":["post-91486","post","type-post","status-publish","format-standard","has-post-thumbnail","category-opinion","category-violeta-del-anahuac"],"_links":{"self":[{"href":"https:\/\/redsemlac.com\/semmexico\/wp-json\/wp\/v2\/posts\/91486","targetHints":{"allow":["GET"]}}],"collection":[{"href":"https:\/\/redsemlac.com\/semmexico\/wp-json\/wp\/v2\/posts"}],"about":[{"href":"https:\/\/redsemlac.com\/semmexico\/wp-json\/wp\/v2\/types\/post"}],"author":[{"embeddable":true,"href":"https:\/\/redsemlac.com\/semmexico\/wp-json\/wp\/v2\/users\/3"}],"replies":[{"embeddable":true,"href":"https:\/\/redsemlac.com\/semmexico\/wp-json\/wp\/v2\/comments?post=91486"}],"version-history":[{"count":0,"href":"https:\/\/redsemlac.com\/semmexico\/wp-json\/wp\/v2\/posts\/91486\/revisions"}],"wp:featuredmedia":[{"embeddable":true,"href":"https:\/\/redsemlac.com\/semmexico\/wp-json\/wp\/v2\/media\/38576"}],"wp:attachment":[{"href":"https:\/\/redsemlac.com\/semmexico\/wp-json\/wp\/v2\/media?parent=91486"}],"wp:term":[{"taxonomy":"category","embeddable":true,"href":"https:\/\/redsemlac.com\/semmexico\/wp-json\/wp\/v2\/categories?post=91486"},{"taxonomy":"post_tag","embeddable":true,"href":"https:\/\/redsemlac.com\/semmexico\/wp-json\/wp\/v2\/tags?post=91486"}],"curies":[{"name":"wp","href":"https:\/\/api.w.org\/{rel}","templated":true}]}}