{"id":91462,"date":"2025-01-05T13:42:56","date_gmt":"2025-01-05T19:42:56","guid":{"rendered":"https:\/\/redsemlac.com\/semmexico\/?p=91462"},"modified":"2025-01-05T13:42:57","modified_gmt":"2025-01-05T19:42:57","slug":"morir-de-amor","status":"publish","type":"post","link":"https:\/\/redsemlac.com\/semmexico\/morir-de-amor\/","title":{"rendered":"Morir de amor"},"content":{"rendered":"\n<p class=\"wp-block-paragraph\"><a href=\"https:\/\/juegodeojos.mx\/author\/juegodeojos\/\">Miguel \u00c1ngel S\u00e1nchez de Armas<\/a><\/p>\n\n\n\n<p class=\"wp-block-paragraph\">Final del formulario<\/p>\n\n\n\n<p class=\"wp-block-paragraph\">SemM\u00e9xico, Cd. de M\u00e9xico, 5 de enero, 2025.-<\/p>\n\n\n\n<p class=\"wp-block-paragraph\">En El Lencero, en las cercan\u00edas de Xalapa, se encuentra el casco de una hacienda que fue de Santa Anna. Es una casona bella y fresca, rodeada de jardines y un lago en el que nadan cisnes negros. A un costado se encuentra la capilla que&nbsp;<em>el General\u00edsimo<\/em>&nbsp;levant\u00f3 para una de sus bodas.<\/p>\n\n\n\n<p class=\"wp-block-paragraph\">El visitante que pasea por los prados o toma asiento a la sombra de una higuera centenaria, si es de esp\u00edritu dispuesto, puede escuchar el murmullo de voces del pasado y sentir c\u00f3mo, en peque\u00f1as pulsaciones, un efluvio de cantos apenas perceptibles penetra en su alma y la ilumina. La alegr\u00eda resultante no se explica bien a bien, pues dif\u00edcilmente esa magia podr\u00eda conectarse al&nbsp;<em>seductor de la Patria<\/em>.<\/p>\n\n\n\n<p class=\"wp-block-paragraph\">Se sigue, entonces, que otra presencia hay entre la verdura de la comarca. Y esa otra presencia, se\u00f1oras y se\u00f1ores, es nada menos que la de la eximia Gabriela Mistral, cuya efigie en bronce se alza al oriente del conjunto como centinela en perpetua contemplaci\u00f3n del paisaje que am\u00f3 profundamente.<\/p>\n\n\n\n<p class=\"wp-block-paragraph\">Estoy seguro de que muy pocos mexicanos ser\u00e1n los que no han o\u00eddo hablar de Gabriela Mistral y han disfrutado su enorme poes\u00eda. Quiz\u00e1 no tantos sepan que naci\u00f3 chilena como Lucila Godoy Alcayaga, que fue la primera que en Latinoam\u00e9rica fue galardonada con el Premio Nobel de Literatura, que se sent\u00eda mexicana y que, en un sentido po\u00e9tico, muri\u00f3 de amor.<\/p>\n\n\n\n<p class=\"wp-block-paragraph\">Su fama como poeta comenz\u00f3 en 1914 luego de haber sido premiada en los Juegos Florales de Santiago por sus&nbsp;<em>Sonetos de la muerte<\/em>, inspirados, se dice, en el suicidio de Romelio Urieta, su primer amor. En ese concurso se present\u00f3 con el seud\u00f3nimo que desde entonces la acompa\u00f1ar\u00eda,&nbsp;<em>Gabriela Mistral,<\/em>&nbsp;un homenaje a Gabrielle d\u2019Annunzio y Fr\u00e9d\u00e9ric Mistral, por quienes ten\u00eda una profunda devoci\u00f3n.<\/p>\n\n\n\n<p class=\"wp-block-paragraph\">Esto de adoptar apelativos es algo maravilloso, pero asusta a los esp\u00edritus chatos y a las almas peque\u00f1as. El enorme compatriota de la Mistral, quince a\u00f1os menor que ella,&nbsp;<em>Pablo Neruda<\/em>, naci\u00f3 Ricardo Eli\u00e9cer Neftal\u00ed Reyes Basoalto y adopt\u00f3 el apellido de Jan Neruda, uno de los fundadores de la lengua literaria checa, entre cuya obra se encuentra el delicioso tomo&nbsp;<em>Historias de la Mal\u00e1 Strana<\/em>&nbsp;publicado en espa\u00f1ol all\u00e1 por los setentas en la desaparecida Editorial Sudam\u00e9rica.Apunto como dato cultural que otros atribuyen el nombre a un personaje de la novela<em>&nbsp;Estudio en escarlata<\/em>&nbsp;de Arthur Conan Doyle, pero me quedo con la primera versi\u00f3n<em>.<\/em><\/p>\n\n\n\n<p class=\"wp-block-paragraph\">La vida de Gabriela Mistral fue de una intensidad ejemplar. A los catorce a\u00f1os comenz\u00f3 a publicar en peri\u00f3dicos de su natal Vicu\u00f1a, como&nbsp;<em>El Coquimbo, La Voz de Elqui&nbsp;<\/em>y&nbsp;<em>La Reforma<\/em>&nbsp;y desde el principio de su carrera se refugi\u00f3 en distintos seud\u00f3nimos. \u201cAlma\u201d, \u201cSoledad\u201d y \u201cAlguien\u201d, fueron algunos de los&nbsp;<em>nomes de plume<\/em>&nbsp;con que la ni\u00f1a Luc\u00eda firmaba sus colaboraciones y que hoy nos hablan de la naturaleza de aquellos primeros art\u00edculos, pues esta mujer fue desde siempre un ser que viv\u00eda en y para el amor.<\/p>\n\n\n\n<p class=\"wp-block-paragraph\">El padre de Gabriela era un modesto profesor rural y su hija a los 18 a\u00f1os abraz\u00f3 esa profesi\u00f3n. Fue directora de varias escuelas y obtuvo amplio reconocimiento como educadora.<\/p>\n\n\n\n<p class=\"wp-block-paragraph\">Las aulas dejaron muchas cosas a la joven: el amor a los ni\u00f1os, traducido en una vasta obra po\u00e9tica que hoy contin\u00faa recit\u00e1ndose en salones de todo el continente; el amor a la educaci\u00f3n, y el amor por Romelio Urieta. Romelio se suicid\u00f3 y la leyenda dice que Gabriela vivi\u00f3 es<em>e&nbsp;<\/em>suicidio como una p\u00e9rdida irreparable y que su muerte, muchos a\u00f1os despu\u00e9s, fue por el amor de ese joven.<\/p>\n\n\n\n<p class=\"wp-block-paragraph\">En \u201cAusencia\u201d creemos adivinar el dolor profundo de la mujer que ha perdido el amor y la raz\u00f3n de vivir. Un fragmento:<\/p>\n\n\n\n<p class=\"wp-block-paragraph\"><em>Se va de ti mi cuerpo gota a gota. \/ Se va mi cara en un \u00f3leo sordo; \/ se van mis manos en azogue suelto; \/ se van mis pies en dos tiempos de polvo. \/\/ \u00a1Se te va todo, se nos va todo! \/\/ Se va mi voz, que te hac\u00eda campana \/ cerrada a cuanto no somos nosotros. \/ Se van mis gestos, que se devanaban, \/ en lanzaderas, delante de tus ojos. \/ Y se te va la mirada que entrega, \/ cuando te mira, el enebro y el olmo. \/\/ Me voy de ti con tus mismos alientos: \/ como humedad de tu cuerpo evaporo. \/ Me voy de ti con vigilia y con sue\u00f1o, \/ y en tu recuerdo m\u00e1s fiel ya me borro. \/ Y en tu memoria me vuelvo como esos \/ que no nacieron ni en llanos ni en sotos. \/\/ [\u2026] \u00a1Se nos va todo, se nos va todo!<\/em><\/p>\n\n\n\n<p class=\"wp-block-paragraph\">Tan pobre que no pod\u00eda ofrecer matrimonio a la novia, Romelio sustrajo una cantidad de fondos fiscales de la estaci\u00f3n de ferrocarriles a cargo de su hermano, aparentemente con la intenci\u00f3n de devolverlos despu\u00e9s. Pero un arqueo inesperado a la caja revel\u00f3 el faltante y el joven se quit\u00f3 la vida antes que vivir la humillaci\u00f3n de ser juzgado como ladr\u00f3n.<\/p>\n\n\n\n<p class=\"wp-block-paragraph\">La obra de la poeta sugiere el dolor que eso le produjo<em>.&nbsp;<\/em>Pero en una \u201cautobiograf\u00eda\u201d publicada en la revista&nbsp;<em>Mapocho<\/em>&nbsp;en 1988, Gabriela precis\u00f3:<\/p>\n\n\n\n<p class=\"wp-block-paragraph\">\u201c[\u2026] digo con la franqueza ruda con que hablo a los propios, que [\u2026] nunca aceptar\u00e9 que no se nos deje a nosotros, lo mismo que a todo ser humano, el derecho a guardar de nuestros amores [\u2026]. Pero se han hecho disparates tan descomunales a este respecto, que esta vez tengo que hablar y no por m\u00ed sino por la honra de un hombre muerto.<\/p>\n\n\n\n<p class=\"wp-block-paragraph\">\u201cRomelio Ureta [\u2026] era un mozo nada optimista ni ligero y menos un joven de zandungas. Hab\u00eda en \u00e9l mucha compostura, hasta cierta gravedad de car\u00e1cter y bastante decoro. [\u2026] Romelio Ureta era hombre tan pundonoroso como para matarse, antes de sufrir vivo una verg\u00fcenza. A esta altura del tiempo y de la costumbre, el hecho no se entiende, pues la probidad escasea m\u00e1s que la moneda de oro. Yo lo comprendo por haberle conocido a \u00e9l y al viejo Chile. [\u2026]\u201d<\/p>\n\n\n\n<p class=\"wp-block-paragraph\">Gabriela Mistral lleg\u00f3 a ser directora de varios liceos. Desde muy joven visit\u00f3 M\u00e9xico, pa\u00eds al que am\u00f3 al grado de sentirse mexicana. En 1922, Jos\u00e9 Vasconcelos, entonces ministro de Educaci\u00f3n, la invit\u00f3 a participar en sus planes de reforma educativa y en la creaci\u00f3n de una red de bibliotecas p\u00fablicas.<\/p>\n\n\n\n<p class=\"wp-block-paragraph\">Llegando al pa\u00eds la poeta se integr\u00f3 a las misiones rurales. A pie, a lomo de mula, en tren y en auto viaj\u00f3 por M\u00e9xico para llevar la cultura a los pueblos m\u00e1s rec\u00f3nditos e instalar bibliotecas y talleres de lectura. Adem\u00e1s particip\u00f3 en la redacci\u00f3n de la Ley de Misiones Culturales y escribi\u00f3 el libro de texto para la ense\u00f1anza de las ni\u00f1as, titulado&nbsp;<em>Lecturas para mujeres<\/em>. Esa estancia de Mistral en M\u00e9xico, entre 1922 y 1924, dej\u00f3 una huella profunda tanto en ella como en Vasconcelos.&nbsp;<\/p>\n\n\n\n<p class=\"wp-block-paragraph\">Su labor como educadora tuvo una influencia internacional y una profundidad te\u00f3rica y pol\u00edtica.&nbsp;En Estados Unidos y Europa estudi\u00f3 las escuelas y m\u00e9todos educativos. A partir de 1933, y durante veinte a\u00f1os, desempe\u00f1\u00f3 el cargo de c\u00f3nsul de su pa\u00eds en ciudades como Madrid, Lisboa y Los \u00c1ngeles.<\/p>\n\n\n\n<p class=\"wp-block-paragraph\">En su segundo viaje a M\u00e9xico en 1948, vivi\u00f3 en Xalapa y en El Lencero, entonces propiedad de Rafael Murillo Vidal. Ah\u00ed recibi\u00f3 la visita de L\u00e1zaro C\u00e1rdenas, de Diego Rivera y de Alfonso Reyes, entre otras personalidades.<\/p>\n\n\n\n<p class=\"wp-block-paragraph\">Todav\u00eda hoy, sus poemas&nbsp;para ni\u00f1os se recitan y cantan en las aulas primarias de muchos pa\u00edses. En 1945 fue el primer Premio Nobel de Literatura de Latinoam\u00e9rica. En 1951, se le concedi\u00f3 el Premio Nacional de Literatura de Chile.<\/p>\n\n\n\n<p class=\"wp-block-paragraph\">A&nbsp;su&nbsp;primer&nbsp;libro&nbsp;de&nbsp;poemas,&nbsp;<em>Desolaci\u00f3n<\/em>&nbsp;(1922), le siguieron&nbsp;<em>Ternura&nbsp;<\/em>(1924),&nbsp;<em>Tala<\/em>&nbsp;(1938),&nbsp;<em>Lagar&nbsp;<\/em>(1954) y otros. Su poes\u00eda, llena de calidez, emoci\u00f3n y marcado misticismo, ha sido traducida al ingl\u00e9s, franc\u00e9s, italiano, alem\u00e1n y sueco y, a juicio de los conocedores, influy\u00f3 en la obra de escritores latinoamericanos posteriores, como Pablo Neruda y Octavio Paz.<\/p>\n\n\n\n<p class=\"wp-block-paragraph\">Se le ha llamado escritora modernista, pero como la verdad yo no tengo idea de qu\u00e9 sea eso o con qu\u00e9 se coma, transcribo lo que de su obra le\u00ed en alg\u00fan texto acad\u00e9mico: \u201cSu modernismo no es el de Rub\u00e9n Dar\u00edo o Amado Nervo, ya que ella no canta ambientes ex\u00f3ticos de lejanos lugares, sino que se sirve de su est\u00e9tica y musicalidad para poetizar la vida cotidiana, para \u2018hacer sentir el hogar\u2019\u201d.<\/p>\n\n\n\n<p class=\"wp-block-paragraph\">Pero yo, sentado a la sombra de la higuera centenaria en El Lencero, casi a la vista del mar, arrebujado con los rumores de las ventiscas que bajan de Xalapa y muy cerca de su efigie en bronce, sigo pensando conmovido en que Gabriela Mistral tuvo la dicha de haber muerto de amor.<\/p>\n\n\n\n\n\n<p class=\"wp-block-paragraph\"><strong>Miguel Angel Gonz\u00e1lez S\u00e1nchez de Armas<\/strong><\/p>\n","protected":false},"excerpt":{"rendered":"<p>Miguel \u00c1ngel S\u00e1nchez de Armas Final del formulario SemM\u00e9xico, Cd. de M\u00e9xico, 5 de enero, 2025.- En El Lencero, en las cercan\u00edas de Xalapa, se encuentra el casco de una hacienda que fue de Santa Anna. Es una casona bella y fresca, rodeada de jardines y un lago en el que nadan cisnes negros. A [&hellip;]<\/p>\n","protected":false},"author":3,"featured_media":91464,"comment_status":"open","ping_status":"open","sticky":false,"template":"","format":"standard","meta":{"_monsterinsights_skip_tracking":false,"footnotes":""},"categories":[748],"tags":[],"class_list":["post-91462","post","type-post","status-publish","format-standard","has-post-thumbnail","category-cultura-feminista"],"_links":{"self":[{"href":"https:\/\/redsemlac.com\/semmexico\/wp-json\/wp\/v2\/posts\/91462","targetHints":{"allow":["GET"]}}],"collection":[{"href":"https:\/\/redsemlac.com\/semmexico\/wp-json\/wp\/v2\/posts"}],"about":[{"href":"https:\/\/redsemlac.com\/semmexico\/wp-json\/wp\/v2\/types\/post"}],"author":[{"embeddable":true,"href":"https:\/\/redsemlac.com\/semmexico\/wp-json\/wp\/v2\/users\/3"}],"replies":[{"embeddable":true,"href":"https:\/\/redsemlac.com\/semmexico\/wp-json\/wp\/v2\/comments?post=91462"}],"version-history":[{"count":0,"href":"https:\/\/redsemlac.com\/semmexico\/wp-json\/wp\/v2\/posts\/91462\/revisions"}],"wp:featuredmedia":[{"embeddable":true,"href":"https:\/\/redsemlac.com\/semmexico\/wp-json\/wp\/v2\/media\/91464"}],"wp:attachment":[{"href":"https:\/\/redsemlac.com\/semmexico\/wp-json\/wp\/v2\/media?parent=91462"}],"wp:term":[{"taxonomy":"category","embeddable":true,"href":"https:\/\/redsemlac.com\/semmexico\/wp-json\/wp\/v2\/categories?post=91462"},{"taxonomy":"post_tag","embeddable":true,"href":"https:\/\/redsemlac.com\/semmexico\/wp-json\/wp\/v2\/tags?post=91462"}],"curies":[{"name":"wp","href":"https:\/\/api.w.org\/{rel}","templated":true}]}}