{"id":91446,"date":"2025-01-03T17:00:49","date_gmt":"2025-01-03T23:00:49","guid":{"rendered":"https:\/\/redsemlac.com\/semmexico\/?p=91446"},"modified":"2025-01-03T17:00:50","modified_gmt":"2025-01-03T23:00:50","slug":"peru-aportes-para-un-balance-del-2024","status":"publish","type":"post","link":"https:\/\/redsemlac.com\/semmexico\/peru-aportes-para-un-balance-del-2024\/","title":{"rendered":"PERU| aportes para un balance del\u00a0 2024"},"content":{"rendered":"\n<p class=\"wp-block-paragraph\">Las mujeres luchando el d\u00eda a d\u00eda<\/p>\n\n\n\n<p class=\"wp-block-paragraph\">Diana Miloslavich Tupac *<\/p>\n\n\n\n<p class=\"wp-block-paragraph\">SemM\u00e9xico, Lima, Per\u00fa, 3 de enero, 2025.- La crueldad y el desprecio con las mujeres una constante en el 2024. Adem\u00e1s de las violencias que se agudizaron, cerramos el a\u00f1o con 154 feminicidios, 6,196 desaparecidas, 28 trabajadoras sexuales asesinadas, 11 casos de acoso pol\u00edtico y pedidos de vacancias para autoridad mujeres elegidas.<\/p>\n\n\n\n<p class=\"wp-block-paragraph\">Se refleja tambi\u00e9n en la situaci\u00f3n econ\u00f3mica de las mujeres peruanas, altas tasas de desempleo, sostenimiento voluntario de las mujeres de programas sociales, empleo precarizado.&nbsp;<\/p>\n\n\n\n<p class=\"wp-block-paragraph\">Seg\u00fan OIT la tasa de desempleo femenino juvenil est\u00e1 en 28.2% y es m\u00e1s del doble que afrontan los j\u00f3venes hombres. Se reduce el empleo femenino. La brecha salarial aument\u00f3 del 19% al 25% (2021) Una trabajadora sin prole, trabaja 61 horas semanales y una con prole 80, es decir 19 horas adicionales.&nbsp; El aporte al PBI del trabajo no remunerado de las mujeres, es 23.4%. (OIT).<\/p>\n\n\n\n<p class=\"wp-block-paragraph\">El desigual reparto de los cuidados, perpet\u00faa las desigualdades para las mujeres. Por ello, crear un Sistema Nacional de Cuidados es prioridad, proyectos de ley encarpetados en el Congreso. Salvo la nueva encuesta del uso del tiempo en camino, se ve una p\u00e9rdida de prioridades del Estado. Sectores de sociedad civil impulsan ordenanzas regionales, locales, campa\u00f1as para una toma de conciencia de las mujeres de su papel central en los cuidados.<\/p>\n\n\n\n<p class=\"wp-block-paragraph\">La Red de ollas comunes, los comedores populares con su trabajo diario fundamental tienen que movilizarse permanentemente para que el Estado les d\u00e9 el presupuesto adecuado. Estas mujeres sostienen la vida y alimentaci\u00f3n de sectores ciudadanos importante en la ciudad. Indigna que, en medio del fest\u00edn presupuestario, que hay para el 2025, sectores llamados vulnerables no est\u00e9n priorizados.<\/p>\n\n\n\n<p class=\"wp-block-paragraph\">Cerramos el a\u00f1o con retrocesos en nuestros derechos y con pol\u00edticas de g\u00e9nero debilitadas. Pero con mujeres resistentes, resilientes, luchadoras, guerreras que siguen sosteniendo la vida, el sistema econ\u00f3mico y a un pa\u00eds que no quiere verlas ni reconocerles sus aportes y sus urgencias.<\/p>\n\n\n\n<p class=\"wp-block-paragraph\">*Ex Ministra de la Mujer<\/p>\n","protected":false},"excerpt":{"rendered":"<p>Las mujeres luchando el d\u00eda a d\u00eda Diana Miloslavich Tupac * SemM\u00e9xico, Lima, Per\u00fa, 3 de enero, 2025.- La crueldad y el desprecio con las mujeres una constante en el 2024. Adem\u00e1s de las violencias que se agudizaron, cerramos el a\u00f1o con 154 feminicidios, 6,196 desaparecidas, 28 trabajadoras sexuales asesinadas, 11 casos de acoso pol\u00edtico [&hellip;]<\/p>\n","protected":false},"author":3,"featured_media":7490,"comment_status":"open","ping_status":"open","sticky":false,"template":"","format":"standard","meta":{"_monsterinsights_skip_tracking":false,"footnotes":""},"categories":[694,53,110,35],"tags":[],"class_list":["post-91446","post","type-post","status-publish","format-standard","has-post-thumbnail","category-destacadas","category-internacional","category-la-opinion-columnas","category-opinion"],"_links":{"self":[{"href":"https:\/\/redsemlac.com\/semmexico\/wp-json\/wp\/v2\/posts\/91446","targetHints":{"allow":["GET"]}}],"collection":[{"href":"https:\/\/redsemlac.com\/semmexico\/wp-json\/wp\/v2\/posts"}],"about":[{"href":"https:\/\/redsemlac.com\/semmexico\/wp-json\/wp\/v2\/types\/post"}],"author":[{"embeddable":true,"href":"https:\/\/redsemlac.com\/semmexico\/wp-json\/wp\/v2\/users\/3"}],"replies":[{"embeddable":true,"href":"https:\/\/redsemlac.com\/semmexico\/wp-json\/wp\/v2\/comments?post=91446"}],"version-history":[{"count":0,"href":"https:\/\/redsemlac.com\/semmexico\/wp-json\/wp\/v2\/posts\/91446\/revisions"}],"wp:featuredmedia":[{"embeddable":true,"href":"https:\/\/redsemlac.com\/semmexico\/wp-json\/wp\/v2\/media\/7490"}],"wp:attachment":[{"href":"https:\/\/redsemlac.com\/semmexico\/wp-json\/wp\/v2\/media?parent=91446"}],"wp:term":[{"taxonomy":"category","embeddable":true,"href":"https:\/\/redsemlac.com\/semmexico\/wp-json\/wp\/v2\/categories?post=91446"},{"taxonomy":"post_tag","embeddable":true,"href":"https:\/\/redsemlac.com\/semmexico\/wp-json\/wp\/v2\/tags?post=91446"}],"curies":[{"name":"wp","href":"https:\/\/api.w.org\/{rel}","templated":true}]}}