{"id":91441,"date":"2025-01-02T12:04:21","date_gmt":"2025-01-02T18:04:21","guid":{"rendered":"https:\/\/redsemlac.com\/semmexico\/?p=91441"},"modified":"2025-01-02T12:41:30","modified_gmt":"2025-01-02T18:41:30","slug":"opinion-un-cuarto-de-siglo","status":"publish","type":"post","link":"https:\/\/redsemlac.com\/semmexico\/opinion-un-cuarto-de-siglo\/","title":{"rendered":"Opinion| Un cuarto de siglo"},"content":{"rendered":"\n<p class=\"wp-block-paragraph\">&nbsp;Drina Ergueta<\/p>\n\n\n\n<p class=\"wp-block-paragraph\">SemM\u00e9xico, La Paz-Bolivia, &nbsp;2 de enero de 2025.- Veinticinco a\u00f1os de este milenio. Pasaron volando para quienes el cambio de siglo nos encontr\u00f3 j\u00f3venes, pero en la adultez, o mayores; es un panorama distinto para quienes nacieron alrededor, poco antes o poco despu\u00e9s, del 2000 y que hoy, siendo parte relevante (30% aproximadamente) de la poblaci\u00f3n boliviana, probablemente no recuerden o no conozcan c\u00f3mo era Bolivia las \u00faltimas d\u00e9cadas del siglo anterior. Hay cambios que se deben cuidar y profundizar, pese a que hay quien quiere volver atr\u00e1s.<\/p>\n\n\n\n<p class=\"wp-block-paragraph\">Un asunto de gran importancia tiene que ver con las mujeres y su vida libre de violencias. Pese a que hasta el 25 de diciembre de 2024, en ese a\u00f1o, se hab\u00eda contabilizado 82 mujeres asesinadas por la violencia machista, siendo la \u00faltima una adolescente de 14 a\u00f1os, y pese a que Bolivia sigue siendo el pa\u00eds con los \u00edndices m\u00e1s altos de feminicidio en Sudam\u00e9rica, un cambio relevante en estos \u00faltimos 25 a\u00f1os es que esas muertes hoy se contabilizan, es decir que se visibilizan y que, fundamentalmente, se han creado leyes y normativa para sancionar a los responsables.<\/p>\n\n\n\n<p class=\"wp-block-paragraph\">Evidentemente, las leyes (N\u00ba 243: Ley Contra el Acoso y Violencia Pol\u00edtica hacia las Mujeres de 2012; N\u00ba 263: Ley Integral Contra la Trata y Tr\u00e1fico de Personas del 2012; y N\u00ba 348: Ley Integral para Garantizar a las Mujeres una Vida Libre de Violencia del 2013) y otras normativas tienen grandes defectos en su aplicaci\u00f3n. Por ejemplo, hay un alto n\u00famero de feminicidas sentenciados que luego resultan liberados por corrupci\u00f3n judicial; sin embargo, es un proceso en el que se ve que se avanza si se vuelve la vista hacia atr\u00e1s.<\/p>\n\n\n\n<p class=\"wp-block-paragraph\">Actualmente est\u00e1 tipificado el delito de matar mujeres por el hecho de ser mujeres. En Bolivia y en el globo se le ha hecho visible poni\u00e9ndole un nombre: \u201cfeminicidio\u201d. Eso gracias a las feministas mexicanas que hicieron este aporte al planeta a costa de sufrir una matanza diaria. As\u00ed, en este cuarto de siglo, Bolivia se ha sumado a los pa\u00edses que han penalizado las violencias machistas, est\u00e1n creando algunas estad\u00edsticas (siempre insuficientes) para evidenciar las desigualdades y desventajas de g\u00e9nero, y existe ya un claro mensaje de que hay cosas que los hombres no deben hacer, pese a que muchos se aferran a sus privilegios patriarcales.<\/p>\n\n\n\n<p class=\"wp-block-paragraph\">Este 2025, adem\u00e1s, es un a\u00f1o electoral y eso tiene una relevancia especial ya que estar\u00e1 profundamente marcado por esta carrera hacia el gobierno, con propaganda hasta el hast\u00edo en que figurar\u00e1n pr\u00e1cticamente s\u00f3lo varones, abri\u00e9ndose paso a codazos entre ellos y apartando a las mujeres; sin embargo, muy a su pesar, est\u00e1n obligados a ceder espacios paritarios en las listas parlamentarias y ese es otro logro de las luchas de las mujeres.<\/p>\n\n\n\n<p class=\"wp-block-paragraph\">Quienes se\u00f1alan, tanto sobre la paridad como sobre otros aspectos de la vida, como los cargos directivos, que cada quien debe ganarse su lugar despreciando as\u00ed estas medidas compensatorias de la desigualdad, lo se\u00f1alan desde la comodidad de sus privilegios ganados. No es lo mismo dedicarse a la pol\u00edtica con la mesa puesta, la ropa planchada y los cuidados de hijos e hijas en manos de otras personas, adem\u00e1s de haber tenido mayores impulsos y est\u00edmulos a la hora de estudiar y desarrollar una carrera.<\/p>\n\n\n\n<p class=\"wp-block-paragraph\">Si se parte de iguales condiciones desde el momento de nacer, a lo largo de la juventud y as\u00ed se mantiene durante el crecimiento personal y profesional, las mujeres tendr\u00edan tanto o m\u00e1s m\u00e9ritos que los hombres. Decir esto no es victimismo, no se\u00f1ores, es sacar a luz sus ventajas sociales y, al rev\u00e9s, que les moleste este tema es una se\u00f1al de que las est\u00e1n perdiendo. Bien. Lo mismo para las poblaciones ind\u00edgenas o personas racializadas que en este cuarto de siglo han ganado en Bolivia una presencia p\u00fablica y con poder que nunca antes hab\u00edan tenido luego de la colonia.<\/p>\n\n\n\n<p class=\"wp-block-paragraph\">Finalmente, respecto de las pol\u00edticas hay dos grandes posturas que se mantienen a lo largo de los a\u00f1os. Cada quien con la suya. En todo caso, hay que recordar que en los a\u00f1os 90, luego de privatizar y desmantelar las empresas estatales para reducir el Estado y lograr una supuesta mejora de su administraci\u00f3n, ese Estado no ten\u00eda dinero ni para pagar los sueldos de los funcionarios y hab\u00eda mucha corrupci\u00f3n. En este siglo se han construido carreteras, hospitales y escuelas como nunca, es una evidencia, pero tambi\u00e9n hubo malos manejos y especialmente af\u00e1n de perpetuarse personalmente, generando una crisis social y pol\u00edtica. El segundo cuarto de siglo se presenta con la posibilidad de cambios, que sean para mejor.<\/p>\n\n\n\n<p class=\"wp-block-paragraph\"><\/p>\n","protected":false},"excerpt":{"rendered":"<p>&nbsp;Drina Ergueta SemM\u00e9xico, La Paz-Bolivia, &nbsp;2 de enero de 2025.- Veinticinco a\u00f1os de este milenio. Pasaron volando para quienes el cambio de siglo nos encontr\u00f3 j\u00f3venes, pero en la adultez, o mayores; es un panorama distinto para quienes nacieron alrededor, poco antes o poco despu\u00e9s, del 2000 y que hoy, siendo parte relevante (30% aproximadamente) [&hellip;]<\/p>\n","protected":false},"author":3,"featured_media":8467,"comment_status":"open","ping_status":"open","sticky":false,"template":"","format":"standard","meta":{"_monsterinsights_skip_tracking":false,"footnotes":""},"categories":[77,110,35],"tags":[],"class_list":["post-91441","post","type-post","status-publish","format-standard","has-post-thumbnail","category-drina-ergueta","category-la-opinion-columnas","category-opinion"],"_links":{"self":[{"href":"https:\/\/redsemlac.com\/semmexico\/wp-json\/wp\/v2\/posts\/91441","targetHints":{"allow":["GET"]}}],"collection":[{"href":"https:\/\/redsemlac.com\/semmexico\/wp-json\/wp\/v2\/posts"}],"about":[{"href":"https:\/\/redsemlac.com\/semmexico\/wp-json\/wp\/v2\/types\/post"}],"author":[{"embeddable":true,"href":"https:\/\/redsemlac.com\/semmexico\/wp-json\/wp\/v2\/users\/3"}],"replies":[{"embeddable":true,"href":"https:\/\/redsemlac.com\/semmexico\/wp-json\/wp\/v2\/comments?post=91441"}],"version-history":[{"count":0,"href":"https:\/\/redsemlac.com\/semmexico\/wp-json\/wp\/v2\/posts\/91441\/revisions"}],"wp:featuredmedia":[{"embeddable":true,"href":"https:\/\/redsemlac.com\/semmexico\/wp-json\/wp\/v2\/media\/8467"}],"wp:attachment":[{"href":"https:\/\/redsemlac.com\/semmexico\/wp-json\/wp\/v2\/media?parent=91441"}],"wp:term":[{"taxonomy":"category","embeddable":true,"href":"https:\/\/redsemlac.com\/semmexico\/wp-json\/wp\/v2\/categories?post=91441"},{"taxonomy":"post_tag","embeddable":true,"href":"https:\/\/redsemlac.com\/semmexico\/wp-json\/wp\/v2\/tags?post=91441"}],"curies":[{"name":"wp","href":"https:\/\/api.w.org\/{rel}","templated":true}]}}