{"id":91437,"date":"2025-01-01T16:28:28","date_gmt":"2025-01-01T22:28:28","guid":{"rendered":"https:\/\/redsemlac.com\/semmexico\/?p=91437"},"modified":"2025-01-01T16:28:28","modified_gmt":"2025-01-01T22:28:28","slug":"el-primero-de-enero-inicio-homenaje-a-la-escritora-chiapaneca-rosario-castellanos-en-su-centenario","status":"publish","type":"post","link":"https:\/\/redsemlac.com\/semmexico\/el-primero-de-enero-inicio-homenaje-a-la-escritora-chiapaneca-rosario-castellanos-en-su-centenario\/","title":{"rendered":"El primero de enero inici\u00f3 homenaje a la escritora chiapaneca Rosario Castellanos, en su centenario"},"content":{"rendered":"\n<p class=\"wp-block-paragraph\">La m\u00e1s importante escritora del siglo XX, que dej\u00f3 lecciones feministas<\/p>\n\n\n\n<p class=\"wp-block-paragraph\">Kyra N\u00fa\u00f1ez De Le\u00f3n<\/p>\n\n\n\n<p class=\"wp-block-paragraph\">SemM\u00e9xico, Tuxtla Guti\u00e9rrez, Chiapas 1\u00ba de enero,&nbsp; 2025. Rosario Castellanos Figueroa ser\u00e1 el epicentro de celebrativos a lo largo de 2025 en ocasi\u00f3n del centenario de su natalicio, con la participaci\u00f3n de m\u00faltiples organizaciones.<\/p>\n\n\n\n<p class=\"wp-block-paragraph\">Rosario Castellanos (1925-1974) estar\u00e1 siendo honrada en su multifac\u00e9tica personalidad a partir del primer d\u00eda del 2025,&nbsp; desde hoy&nbsp; entr\u00f3&nbsp; en vigor el Decreto del H. Congreso del Estado de Chiapas por el cual este a\u00f1o es el A\u00f1o de Rosario Castellanos y se desarrollar\u00e1n actividades afines a su trascendental legado.<\/p>\n\n\n\n<p class=\"wp-block-paragraph\">Organizaciones literarias, acad\u00e9micas, pol\u00edticas, diplom\u00e1ticas, feministas y sociales est\u00e1n siendo invitadas por el Consejo Estatal para las Culturas y las Artes de Chiapas, a incorporar propuestas para concretar el programa que la Comisi\u00f3n del A\u00f1o 2025 de Rosario Castellanos, est\u00e1 elaborando para la remembranza de la singular escritora que abri\u00f3 los ojos de muchos a la comprensi\u00f3n del trato urbano-pol\u00edtico para las poblaciones ind\u00edgenas.<\/p>\n\n\n\n<figure class=\"wp-block-image size-large\"><a href=\"https:\/\/redsemlac.com\/semmexico\/wp-content\/uploads\/2025\/01\/homenaje-rosario-02.jpg\"><img loading=\"lazy\" decoding=\"async\" width=\"1024\" height=\"683\" src=\"https:\/\/redsemlac.com\/semmexico\/wp-content\/uploads\/2025\/01\/homenaje-rosario-02-1024x683.jpg\" alt=\"\" class=\"wp-image-91438\" srcset=\"https:\/\/redsemlac.com\/semmexico\/wp-content\/uploads\/2025\/01\/homenaje-rosario-02-1024x683.jpg 1024w, https:\/\/redsemlac.com\/semmexico\/wp-content\/uploads\/2025\/01\/homenaje-rosario-02-300x200.jpg 300w, https:\/\/redsemlac.com\/semmexico\/wp-content\/uploads\/2025\/01\/homenaje-rosario-02-768x512.jpg 768w, https:\/\/redsemlac.com\/semmexico\/wp-content\/uploads\/2025\/01\/homenaje-rosario-02-1536x1025.jpg 1536w, https:\/\/redsemlac.com\/semmexico\/wp-content\/uploads\/2025\/01\/homenaje-rosario-02-150x100.jpg 150w, https:\/\/redsemlac.com\/semmexico\/wp-content\/uploads\/2025\/01\/homenaje-rosario-02-696x464.jpg 696w, https:\/\/redsemlac.com\/semmexico\/wp-content\/uploads\/2025\/01\/homenaje-rosario-02-1068x712.jpg 1068w, https:\/\/redsemlac.com\/semmexico\/wp-content\/uploads\/2025\/01\/homenaje-rosario-02-1920x1281.jpg 1920w, https:\/\/redsemlac.com\/semmexico\/wp-content\/uploads\/2025\/01\/homenaje-rosario-02.jpg 2048w\" sizes=\"auto, (max-width: 1024px) 100vw, 1024px\" \/><\/a><\/figure>\n\n\n\n<p class=\"wp-block-paragraph\">Rosario Castellanos, la ic\u00f3nica mujer que representa el sentido innato al concepto que en este sexenio se denomina \u201cchiapanequidad\u201d por su v\u00ednculo con la inclusi\u00f3n de todas las razas, por la igualdad entre todas las poblaciones a vivir en goce de los derechos humanos, al humanismo por abrir caminos diplom\u00e1ticos para un mundo de bienestar y respeto, por el apego a la cultura y a la educaci\u00f3n y entre muchas otras especificidades de su ser, aqu\u00e9l de sentirse mujer y hacerse mujer a su costa y por su esfuerzo.<\/p>\n\n\n\n<p class=\"wp-block-paragraph\">En agosto de 2024, en la ocasi\u00f3n del 50vo aniversario de su deceso, los 13 recipendiarios y recipendiarias (en vida) de la Medalla Rosario Castellanos presentaron a la Septuag\u00e9sima octava legislatura del Congreso Estatal la propuesta para que 2025 fuera decretado como A\u00f1o de Rosario Castellanos; la propuesta aceptada fue retomada por el Conaculta Chiapas y ratificada por la septuag\u00e9sima legislatura a principios de diciembre 2024.<\/p>\n\n\n\n<p class=\"wp-block-paragraph\">Tenemos 365 d\u00edas para destacar jubilosamente el invaluable legado de Rosario Castellanos Figueroa.<\/p>\n","protected":false},"excerpt":{"rendered":"<p>La m\u00e1s importante escritora del siglo XX, que dej\u00f3 lecciones feministas Kyra N\u00fa\u00f1ez De Le\u00f3n SemM\u00e9xico, Tuxtla Guti\u00e9rrez, Chiapas 1\u00ba de enero,&nbsp; 2025. Rosario Castellanos Figueroa ser\u00e1 el epicentro de celebrativos a lo largo de 2025 en ocasi\u00f3n del centenario de su natalicio, con la participaci\u00f3n de m\u00faltiples organizaciones. Rosario Castellanos (1925-1974) estar\u00e1 siendo honrada [&hellip;]<\/p>\n","protected":false},"author":3,"featured_media":91439,"comment_status":"open","ping_status":"open","sticky":false,"template":"","format":"standard","meta":{"_monsterinsights_skip_tracking":false,"footnotes":""},"categories":[748],"tags":[],"class_list":["post-91437","post","type-post","status-publish","format-standard","has-post-thumbnail","category-cultura-feminista"],"_links":{"self":[{"href":"https:\/\/redsemlac.com\/semmexico\/wp-json\/wp\/v2\/posts\/91437","targetHints":{"allow":["GET"]}}],"collection":[{"href":"https:\/\/redsemlac.com\/semmexico\/wp-json\/wp\/v2\/posts"}],"about":[{"href":"https:\/\/redsemlac.com\/semmexico\/wp-json\/wp\/v2\/types\/post"}],"author":[{"embeddable":true,"href":"https:\/\/redsemlac.com\/semmexico\/wp-json\/wp\/v2\/users\/3"}],"replies":[{"embeddable":true,"href":"https:\/\/redsemlac.com\/semmexico\/wp-json\/wp\/v2\/comments?post=91437"}],"version-history":[{"count":0,"href":"https:\/\/redsemlac.com\/semmexico\/wp-json\/wp\/v2\/posts\/91437\/revisions"}],"wp:featuredmedia":[{"embeddable":true,"href":"https:\/\/redsemlac.com\/semmexico\/wp-json\/wp\/v2\/media\/91439"}],"wp:attachment":[{"href":"https:\/\/redsemlac.com\/semmexico\/wp-json\/wp\/v2\/media?parent=91437"}],"wp:term":[{"taxonomy":"category","embeddable":true,"href":"https:\/\/redsemlac.com\/semmexico\/wp-json\/wp\/v2\/categories?post=91437"},{"taxonomy":"post_tag","embeddable":true,"href":"https:\/\/redsemlac.com\/semmexico\/wp-json\/wp\/v2\/tags?post=91437"}],"curies":[{"name":"wp","href":"https:\/\/api.w.org\/{rel}","templated":true}]}}