{"id":91426,"date":"2025-01-01T16:04:49","date_gmt":"2025-01-01T22:04:49","guid":{"rendered":"https:\/\/redsemlac.com\/semmexico\/?p=91426"},"modified":"2025-01-01T16:26:46","modified_gmt":"2025-01-01T22:26:46","slug":"los-capitales-el-sector-privado-el-mas-beneficiado-con-financiamientos-bancarios-banco-de-mexico","status":"publish","type":"post","link":"https:\/\/redsemlac.com\/semmexico\/los-capitales-el-sector-privado-el-mas-beneficiado-con-financiamientos-bancarios-banco-de-mexico\/","title":{"rendered":"Los Capitales| El sector privado, el m\u00e1s beneficiado con financiamientos bancarios: Banco de M\u00e9xico"},"content":{"rendered":"\n<p class=\"wp-block-paragraph\">Edgar Gonz\u00e1lez Mart\u00ednez<\/p>\n\n\n\n<p class=\"wp-block-paragraph\">SemM\u00e9xico, Cd. de M\u00e9xico, 1\u00ba. de enero, 2025.- Durante el pasado mes de noviembre, el financiamiento otorgado por la banca comercial aument\u00f3 en 7.5% en t\u00e9rminos reales anuales; de este porcentaje, el financiamiento al Sector Privado registr\u00f3 un incremento de 7.8%; el otorgado a estados y municipios, con un decremento de 7.1%; y el destinado a otros sectores present\u00f3 una contracci\u00f3n de 3.4%.<\/p>\n\n\n\n<p class=\"wp-block-paragraph\">Cabe destacar que la cartera de cr\u00e9dito vigente al sector privado de la banca comercial se increment\u00f3 8.0% real anual. Sobre sus componentes, el cr\u00e9dito al consumo aument\u00f3 12.8%, el cr\u00e9dito para la vivienda se increment\u00f3 3.0%, y el cr\u00e9dito a las empresas y personas f\u00edsicas con actividad empresarial registr\u00f3 un crecimiento de 8.4%.<\/p>\n\n\n\n<p class=\"wp-block-paragraph\">Por su parte, el financiamiento otorgado por la banca de desarrollo en noviembre de 2024 registr\u00f3 un crecimiento real anual de 2.6%. Al interior de este indicador, el financiamiento al sector privado tuvo una tasa positiva de 14.4%, el otorgado al sector p\u00fablico federal present\u00f3 un aumento de 0.4%, el destinado a estados y municipios disminuy\u00f3 7.2%, y el otorgado a otros sectores present\u00f3 una disminuci\u00f3n de 8.6%.<\/p>\n\n\n\n<p class=\"wp-block-paragraph\">En noviembre de 2024, el saldo del agregado F1, que consiste en la suma del M3 m\u00e1s el saldo de los fondos de ahorro para la vivienda y el retiro y el saldo de los otros t\u00edtulos de deuda1 en poder de Residentes, fue de 28,255.6 miles de millones de pesos, lo que implic\u00f3 un aumento de 8.8%. El agregado F2, definido como el saldo del agregado F1 m\u00e1s el valor de los instrumentos de renta variable e h\u00edbridos2 en poder de Residentes, aument\u00f3 en 5.8% y su saldo fue de 35,146.1 miles de millones de pesos.<\/p>\n\n\n\n<p class=\"wp-block-paragraph\"><a href=\"mailto:loscapitales@yahoo.com.mx\" target=\"_blank\" rel=\"noreferrer noopener\">loscapitales@yahoo.com.mx<\/a><\/p>\n\n\n\n<p class=\"wp-block-paragraph\"><a href=\"http:\/\/www.agendadeinversiones.com.mx\/\" target=\"_blank\" rel=\"noreferrer noopener\">www.agendadeinversiones.com.mx<\/a><\/p>\n\n\n\n<p class=\"wp-block-paragraph\">Twiter: @Edgar4712<\/p>\n","protected":false},"excerpt":{"rendered":"<p>Edgar Gonz\u00e1lez Mart\u00ednez SemM\u00e9xico, Cd. de M\u00e9xico, 1\u00ba. de enero, 2025.- Durante el pasado mes de noviembre, el financiamiento otorgado por la banca comercial aument\u00f3 en 7.5% en t\u00e9rminos reales anuales; de este porcentaje, el financiamiento al Sector Privado registr\u00f3 un incremento de 7.8%; el otorgado a estados y municipios, con un decremento de 7.1%; [&hellip;]<\/p>\n","protected":false},"author":3,"featured_media":75979,"comment_status":"open","ping_status":"open","sticky":false,"template":"","format":"standard","meta":{"_monsterinsights_skip_tracking":false,"footnotes":""},"categories":[750,110,35],"tags":[],"class_list":["post-91426","post","type-post","status-publish","format-standard","has-post-thumbnail","category-edgar-gonzalez-martinez","category-la-opinion-columnas","category-opinion"],"_links":{"self":[{"href":"https:\/\/redsemlac.com\/semmexico\/wp-json\/wp\/v2\/posts\/91426","targetHints":{"allow":["GET"]}}],"collection":[{"href":"https:\/\/redsemlac.com\/semmexico\/wp-json\/wp\/v2\/posts"}],"about":[{"href":"https:\/\/redsemlac.com\/semmexico\/wp-json\/wp\/v2\/types\/post"}],"author":[{"embeddable":true,"href":"https:\/\/redsemlac.com\/semmexico\/wp-json\/wp\/v2\/users\/3"}],"replies":[{"embeddable":true,"href":"https:\/\/redsemlac.com\/semmexico\/wp-json\/wp\/v2\/comments?post=91426"}],"version-history":[{"count":0,"href":"https:\/\/redsemlac.com\/semmexico\/wp-json\/wp\/v2\/posts\/91426\/revisions"}],"wp:featuredmedia":[{"embeddable":true,"href":"https:\/\/redsemlac.com\/semmexico\/wp-json\/wp\/v2\/media\/75979"}],"wp:attachment":[{"href":"https:\/\/redsemlac.com\/semmexico\/wp-json\/wp\/v2\/media?parent=91426"}],"wp:term":[{"taxonomy":"category","embeddable":true,"href":"https:\/\/redsemlac.com\/semmexico\/wp-json\/wp\/v2\/categories?post=91426"},{"taxonomy":"post_tag","embeddable":true,"href":"https:\/\/redsemlac.com\/semmexico\/wp-json\/wp\/v2\/tags?post=91426"}],"curies":[{"name":"wp","href":"https:\/\/api.w.org\/{rel}","templated":true}]}}