{"id":91421,"date":"2024-12-31T16:41:59","date_gmt":"2024-12-31T22:41:59","guid":{"rendered":"https:\/\/redsemlac.com\/semmexico\/?p=91421"},"modified":"2024-12-31T16:42:54","modified_gmt":"2024-12-31T22:42:54","slug":"palabra-de-antigona-sonar-por-un-feliz-2025","status":"publish","type":"post","link":"https:\/\/redsemlac.com\/semmexico\/palabra-de-antigona-sonar-por-un-feliz-2025\/","title":{"rendered":"Palabra de Ant\u00edgona| So\u00f1ar por un feliz 2025"},"content":{"rendered":"\n<p class=\"wp-block-paragraph\">Sara Lovera*<\/p>\n\n\n\n<p class=\"wp-block-paragraph\">SemM\u00e9xico,&nbsp;&nbsp;&nbsp; Cd. de M\u00e9xico,&nbsp; 31 de diciembre,&nbsp; 2024.-&nbsp;&nbsp;&nbsp;&nbsp;&nbsp;&nbsp;&nbsp;&nbsp;&nbsp;&nbsp;&nbsp;&nbsp;&nbsp;&nbsp;&nbsp;&nbsp;&nbsp;&nbsp;&nbsp;&nbsp;&nbsp;&nbsp;&nbsp;&nbsp;&nbsp;&nbsp;&nbsp;&nbsp;&nbsp;&nbsp;&nbsp;&nbsp;&nbsp;&nbsp;&nbsp;&nbsp;&nbsp;&nbsp;&nbsp;&nbsp;&nbsp;&nbsp;&nbsp;&nbsp;&nbsp;&nbsp;&nbsp;&nbsp;&nbsp;&nbsp;&nbsp;&nbsp;&nbsp;&nbsp;&nbsp;&nbsp;&nbsp;&nbsp;&nbsp;&nbsp;&nbsp;&nbsp;&nbsp;&nbsp;&nbsp;&nbsp;&nbsp;&nbsp;&nbsp;&nbsp;&nbsp;&nbsp;&nbsp;&nbsp;&nbsp;&nbsp;&nbsp;&nbsp;&nbsp;&nbsp;&nbsp;&nbsp;&nbsp;&nbsp;&nbsp;&nbsp;&nbsp;&nbsp;&nbsp;&nbsp;&nbsp;&nbsp;&nbsp;&nbsp;&nbsp;&nbsp;&nbsp;&nbsp;&nbsp;&nbsp;&nbsp;&nbsp;&nbsp;&nbsp;&nbsp;&nbsp;&nbsp;&nbsp;&nbsp;&nbsp;&nbsp;&nbsp;&nbsp;&nbsp;&nbsp;&nbsp;&nbsp;&nbsp;&nbsp;&nbsp;&nbsp;&nbsp;&nbsp;&nbsp;&nbsp;&nbsp;&nbsp;&nbsp;&nbsp;&nbsp;&nbsp;&nbsp;&nbsp;&nbsp;&nbsp;&nbsp;&nbsp;&nbsp;&nbsp;&nbsp;&nbsp;&nbsp;&nbsp;&nbsp;&nbsp;&nbsp;&nbsp;&nbsp;&nbsp;&nbsp;&nbsp;&nbsp;&nbsp;&nbsp;&nbsp;&nbsp;&nbsp;&nbsp;&nbsp;&nbsp;&nbsp;&nbsp;&nbsp;&nbsp;&nbsp;&nbsp;&nbsp;&nbsp;&nbsp;&nbsp;&nbsp;&nbsp;&nbsp;&nbsp; \u00bfY usted qu\u00e9 sue\u00f1a?&nbsp; La noche de San Silvestre, como lo narra espl\u00e9ndidamente Selma Lagerlof en El <em>Carretero de la Muerte<\/em>, -ed. Andr\u00e9s Bello, Espa\u00f1a, 1921-me permite pensar en aquella jovencita del ej\u00e9rcito de Salvaci\u00f3n que&nbsp; salvar\u00e1 al vagabundo herido de muerte. Narraci\u00f3n de&nbsp; un largo sue\u00f1o entre la vida real y la vida fant\u00e1stica. Y como ella, vamos a&nbsp; o\u00edr sonar&nbsp; las campanas que dejan atr\u00e1s el a\u00f1o viejo. Ah\u00ed el jard\u00edn donde nadie penetra,&nbsp; mientras el&nbsp; reloj lanza la \u00faltima campanada apareci\u00f3 una vieja carreta y el rechinar de&nbsp;&nbsp; sus ruedas mal engrasadas. Una noche donde todo sucedi\u00f3, incluso lo fant\u00e1stico.<\/p>\n\n\n\n<p class=\"wp-block-paragraph\">En una horas estaremos brindando por San Silvestre, \u00a1 A\u00f1o Nuevo\u00a1 anuncio que nos anima y nos refresca. Chocaremos las copas de vino espumoso y nos abrazaremos con ilusi\u00f3n y grandes deseos como&nbsp;&nbsp; volver a caminar por las calles sin miedo haciendo a un lado&nbsp; el poder\u00edo militar y el del&nbsp; crimen organizado, borrando los estragos de&nbsp; la inflaci\u00f3n y el cambio clim\u00e1tico; pensaremos c\u00f3mo la ni\u00f1a del Ej\u00e9rcito&nbsp; de Salvaci\u00f3n, postrada en la cama, esperando su \u00faltimo suspiro, tratando de salvarlo todo.<\/p>\n\n\n\n<p class=\"wp-block-paragraph\">Nos envolver\u00e1 el deseo de eliminar al machismo, la trata, el abuso infantil, el maltrato y asesinato de mujeres, migrantes, homosexuales. Juntas en rojo&nbsp; tirando del hilo al 2024,&nbsp; sin&nbsp; pensar en la&nbsp; desgracia cotidiana y la falta de medicamentos.&nbsp; Contenidas, esperanzadas, asidas a nuestros sue\u00f1os, incluso imaginando que&nbsp; Donald Trump se humanizar\u00e1 de repente y por arte de magia.<\/p>\n\n\n\n<p class=\"wp-block-paragraph\">En la mesa de la casa, llena de flores de nochebuena, de viandas tradicionales como el bacalao, los romeritos, las ensaladas y el ponche, imaginaremos&nbsp; la vuelta a cielos azules&nbsp; y&nbsp; vientos frescos.&nbsp;<\/p>\n\n\n\n<p class=\"wp-block-paragraph\">Nuestros corazones estar\u00e1n henchidos de alegr\u00eda con la&nbsp; nueva presidenta de la Rep\u00fablica que&nbsp; ya habr\u00e1 cumplido sus primeros 100 d\u00edas de gobierno y, sin duda, estaremos listas para estrenar la igualdad sustantiva, el sistema nacional de cuidados,&nbsp; un poder judicial elegido&nbsp; en las urnas, como el pase autom\u00e1tico a la democracia.<\/p>\n\n\n\n<p class=\"wp-block-paragraph\">En 2025, nos repetiremos internamente, vamos a lograr la agenda de g\u00e9nero y desaparecer\u00e1 la violencia pol\u00edtica contra las mujeres, y&nbsp; pronto las mujeres de y en la pol\u00edtica se conviertan en activistas feministas derribando obst\u00e1culos y construyendo planes de gobierno acordes con los 5 decenios de lucha por la igualdad.<\/p>\n\n\n\n<p class=\"wp-block-paragraph\">Un sue\u00f1o, como el del vagabundo, prendado del \u00faltimo hilo de la vida. Pero&nbsp; el 2025 nos va a encontrar con un Instituto Nacional Electoral disminuido; sin \u00f3rganos aut\u00f3nomos b\u00e1sicos para el equilibrio de la gobernanza; un pa\u00eds donde el poder patriarcal se consolida.<\/p>\n\n\n\n<p class=\"wp-block-paragraph\">C\u00f3mo r\u00e1faga brumosa vimos que en 3 meses decretar m\u00e1s de 20 reformas constitucionales,&nbsp; incluida la del&nbsp; art\u00edculo 4\u00ba sobre la igualdad sustantiva que&nbsp; a un tiempo&nbsp; desnaturaliz\u00f3 c\u00f3mo combatir la violencia feminicida que no es &nbsp;asunto de seguridad p\u00fablica, sino de cambio cultural.<\/p>\n\n\n\n<p class=\"wp-block-paragraph\">Tambi\u00e9n sabemos que se dejar\u00e1&nbsp; de discutir con la sociedad civil la agenda de las mujeres&nbsp; que se hac\u00eda en los consejos social y consultivo del desaparecido Instituto Nacional de las Mujeres.<\/p>\n\n\n\n<p class=\"wp-block-paragraph\">Un 2025, claro,&nbsp;&nbsp; podr\u00eda ser distinto. Efectivamente. Ser un tiempo para recuperar el aliento y seguir adelante, olvidar al Congreso y sus dos c\u00e1maras, a instituciones&nbsp; estructuralmente necesarias pero perdidas. Tirar el fardo aquel de&nbsp; 2019 en que se borraron las estancias infantiles o se prohibi\u00f3 dar apoyo a la sociedad civil, pisando la demanda pospuesta y materializar esas cinco d\u00e9cadas de lucha para hacer justicia a las mujeres.<\/p>\n\n\n\n<p class=\"wp-block-paragraph\">So\u00f1ar otro mundo posible&nbsp; cuando toquen las 12 campanadas de la noche de San Silvestre es humano y sanador. Veremos.<\/p>\n\n\n\n<p class=\"wp-block-paragraph\">*Periodista. Editora de G\u00e9nero en la OEM y directora del portal informativo <a href=\"http:\/\/www\/semmexico.mx\">http:\/\/www\/\/redsemlac.com\/semmexico<\/a><\/p>\n","protected":false},"excerpt":{"rendered":"<p>Sara Lovera* SemM\u00e9xico,&nbsp;&nbsp;&nbsp; Cd. de M\u00e9xico,&nbsp; 31 de diciembre,&nbsp; 2024.-&nbsp;&nbsp;&nbsp;&nbsp;&nbsp;&nbsp;&nbsp;&nbsp;&nbsp;&nbsp;&nbsp;&nbsp;&nbsp;&nbsp;&nbsp;&nbsp;&nbsp;&nbsp;&nbsp;&nbsp;&nbsp;&nbsp;&nbsp;&nbsp;&nbsp;&nbsp;&nbsp;&nbsp;&nbsp;&nbsp;&nbsp;&nbsp;&nbsp;&nbsp;&nbsp;&nbsp;&nbsp;&nbsp;&nbsp;&nbsp;&nbsp;&nbsp;&nbsp;&nbsp;&nbsp;&nbsp;&nbsp;&nbsp;&nbsp;&nbsp;&nbsp;&nbsp;&nbsp;&nbsp;&nbsp;&nbsp;&nbsp;&nbsp;&nbsp;&nbsp;&nbsp;&nbsp;&nbsp;&nbsp;&nbsp;&nbsp;&nbsp;&nbsp;&nbsp;&nbsp;&nbsp;&nbsp;&nbsp;&nbsp;&nbsp;&nbsp;&nbsp;&nbsp;&nbsp;&nbsp;&nbsp;&nbsp;&nbsp;&nbsp;&nbsp;&nbsp;&nbsp;&nbsp;&nbsp;&nbsp;&nbsp;&nbsp;&nbsp;&nbsp;&nbsp;&nbsp;&nbsp;&nbsp;&nbsp;&nbsp;&nbsp;&nbsp;&nbsp;&nbsp;&nbsp;&nbsp;&nbsp;&nbsp;&nbsp;&nbsp;&nbsp;&nbsp;&nbsp;&nbsp;&nbsp;&nbsp;&nbsp;&nbsp;&nbsp;&nbsp;&nbsp;&nbsp;&nbsp;&nbsp;&nbsp;&nbsp;&nbsp;&nbsp;&nbsp;&nbsp;&nbsp;&nbsp;&nbsp;&nbsp;&nbsp;&nbsp;&nbsp;&nbsp;&nbsp;&nbsp;&nbsp;&nbsp;&nbsp;&nbsp;&nbsp;&nbsp;&nbsp;&nbsp;&nbsp;&nbsp;&nbsp;&nbsp;&nbsp;&nbsp;&nbsp;&nbsp;&nbsp;&nbsp;&nbsp;&nbsp;&nbsp;&nbsp;&nbsp;&nbsp;&nbsp;&nbsp;&nbsp;&nbsp;&nbsp;&nbsp;&nbsp;&nbsp;&nbsp;&nbsp; \u00bfY usted qu\u00e9 sue\u00f1a?&nbsp; La noche de San Silvestre, como lo narra espl\u00e9ndidamente Selma Lagerlof en El Carretero de la Muerte, -ed. Andr\u00e9s Bello, Espa\u00f1a, 1921-me permite pensar en aquella jovencita del ej\u00e9rcito de Salvaci\u00f3n que&nbsp; salvar\u00e1 al vagabundo herido de muerte. Narraci\u00f3n de&nbsp; un [&hellip;]<\/p>\n","protected":false},"author":3,"featured_media":70950,"comment_status":"open","ping_status":"open","sticky":false,"template":"","format":"standard","meta":{"_monsterinsights_skip_tracking":false,"footnotes":""},"categories":[35,95,69],"tags":[],"class_list":["post-91421","post","type-post","status-publish","format-standard","has-post-thumbnail","category-opinion","category-palabra-de-antigona","category-sara-lovera"],"_links":{"self":[{"href":"https:\/\/redsemlac.com\/semmexico\/wp-json\/wp\/v2\/posts\/91421","targetHints":{"allow":["GET"]}}],"collection":[{"href":"https:\/\/redsemlac.com\/semmexico\/wp-json\/wp\/v2\/posts"}],"about":[{"href":"https:\/\/redsemlac.com\/semmexico\/wp-json\/wp\/v2\/types\/post"}],"author":[{"embeddable":true,"href":"https:\/\/redsemlac.com\/semmexico\/wp-json\/wp\/v2\/users\/3"}],"replies":[{"embeddable":true,"href":"https:\/\/redsemlac.com\/semmexico\/wp-json\/wp\/v2\/comments?post=91421"}],"version-history":[{"count":0,"href":"https:\/\/redsemlac.com\/semmexico\/wp-json\/wp\/v2\/posts\/91421\/revisions"}],"wp:featuredmedia":[{"embeddable":true,"href":"https:\/\/redsemlac.com\/semmexico\/wp-json\/wp\/v2\/media\/70950"}],"wp:attachment":[{"href":"https:\/\/redsemlac.com\/semmexico\/wp-json\/wp\/v2\/media?parent=91421"}],"wp:term":[{"taxonomy":"category","embeddable":true,"href":"https:\/\/redsemlac.com\/semmexico\/wp-json\/wp\/v2\/categories?post=91421"},{"taxonomy":"post_tag","embeddable":true,"href":"https:\/\/redsemlac.com\/semmexico\/wp-json\/wp\/v2\/tags?post=91421"}],"curies":[{"name":"wp","href":"https:\/\/api.w.org\/{rel}","templated":true}]}}