{"id":91416,"date":"2024-12-31T16:25:53","date_gmt":"2024-12-31T22:25:53","guid":{"rendered":"https:\/\/redsemlac.com\/semmexico\/?p=91416"},"modified":"2024-12-31T16:26:09","modified_gmt":"2024-12-31T22:26:09","slug":"el-secretario-general-urge-a-abandonar-el-camino-del-colapso-climatico-en-2025","status":"publish","type":"post","link":"https:\/\/redsemlac.com\/semmexico\/el-secretario-general-urge-a-abandonar-el-camino-del-colapso-climatico-en-2025\/","title":{"rendered":"El Secretario General urge a abandonar el camino del \u201ccolapso clim\u00e1tico\u201d en 2025"},"content":{"rendered":"\n<p class=\"wp-block-paragraph\"><strong>Foto ONU\/Loey Felipe<\/strong><\/p>\n\n\n\n<p class=\"wp-block-paragraph\">El Secretario General Ant\u00f3nio Guterres interviene en la Cumbre del Futuro en la Sede de las Naciones Unidas.<\/p>\n\n\n\n<p class=\"wp-block-paragraph\">SemM\u00e9xico, Cd. de&nbsp; M\u00e9xico, 31 de diciembre, 2024.- El 2024 cierra la d\u00e9cada m\u00e1s calurosa de la historia, dice Ant\u00f3nio Guterres, que considera \u201cindispensable\u201d reducir dr\u00e1sticamente las emisiones. \u201cMano a mano podemos hacer que 2025 sea un nuevo comienzo\u201d, afirma en su mensaje de A\u00f1o Nuevo<strong>.<\/strong><strong><\/strong><\/p>\n\n\n\n<p class=\"wp-block-paragraph\">El&nbsp;<a href=\"https:\/\/www.un.org\/sg\/es\">Secretario General<\/a>&nbsp;de la ONU, Ant\u00f3nio Guterres, advirti\u00f3 en su mensaje de A\u00f1o Nuevo que el mundo se encamina a la \u201cruina\u201d si no se toman medidas inmediatas frente al&nbsp;<a href=\"https:\/\/news.un.org\/es\/news\/topic\/climate-change\">cambio clim\u00e1tico<\/a>.<\/p>\n\n\n\n<p class=\"wp-block-paragraph\"><strong>El 2024 cierra los diez a\u00f1os m\u00e1s calurosos de la historia,&nbsp;<\/strong>inform\u00f3.<\/p>\n\n\n\n<p class=\"wp-block-paragraph\">\u201cEstamos presenciando el colapso clim\u00e1tico en tiempo real. Este camino est\u00e1 abocado a la ruina y tenemos que abandonarlo lo antes posible\u201d, sostuvo.<\/p>\n\n\n\n<p class=\"wp-block-paragraph\">En 2025 los pa\u00edses \u201cdeben encaminar al planeta hacia perspectivas m\u00e1s seguras reduciendo dr\u00e1sticamente las emisiones y apoyando la transici\u00f3n a un futuro renovable\u201d, pidi\u00f3. \u201cEs indispensable que lo hagan, y no es imposible\u201d.<\/p>\n\n\n\n<p class=\"wp-block-paragraph\"><strong>Motivos para la esperanza<\/strong><\/p>\n\n\n\n<p class=\"wp-block-paragraph\">\u201cEn todo este a\u00f1o 2024 ha sido dif\u00edcil encontrar motivos para la esperanza\u201d, admiti\u00f3 Guterres, mencionando las guerras, las desigualdades y las divisiones que \u201cagudizan las tensiones y la desconfianza\u201d.<\/p>\n\n\n\n<p class=\"wp-block-paragraph\">El Secretario General explic\u00f3 que \u201cincluso en los d\u00edas m\u00e1s oscuros\u201d ha sido testigo de \u201ccambios impulsados por la esperanza\u201d.<\/p>\n\n\n\n<p class=\"wp-block-paragraph\">Entre esos motivos, cit\u00f3 a los \u201clos activistas, tanto j\u00f3venes como mayores, que alzan su voz en aras del progreso\u201d, los \u201ch\u00e9roes humanitarios\u201d que ayuda a los m\u00e1s vulnerables, los pa\u00edses en desarrollo que luchan por la \u201cjusticia financiera y clim\u00e1tica\u201d y los cient\u00edficos que \u201cabren nuevos caminos en beneficio de la humanidad\u201d.<\/p>\n\n\n\n<p class=\"wp-block-paragraph\">\u201cY vi esperanza en septiembre, cuando los l\u00edderes del mundo se reunieron para aprobar el Pacto para el Futuro\u201d, a\u00f1adi\u00f3.<\/p>\n\n\n\n<p class=\"wp-block-paragraph\">El Secretario General espera que el Pacto sea un \u201c<strong>un nuevo impulso para consolidar la paz&nbsp;<\/strong>mediante el desarme y la prevenci\u00f3n\u201d, para reformar el sistema financiero mundial, promover m\u00e1s oportunidades para mujeres y j\u00f3venes, y para dar preferencia a los derechos de las personas frente a los \u201calgoritmos descontrolados\u201d<\/p>\n\n\n\n<p class=\"wp-block-paragraph\"><strong>\u201cNo sabemos qu\u00e9 va a pasar en 2025\u201d,<\/strong>&nbsp;admiti\u00f3 Guterres. \u201cPero prometo apoyar a quienes est\u00e1n trabajando para forjar un futuro m\u00e1s pac\u00edfico, equitativo, estable y saludable para todas las personas\u201d.<\/p>\n\n\n\n<p class=\"wp-block-paragraph\"><strong>\u201cMano a mano podemos hacer que 2025 sea un nuevo comienzo.<\/strong>&nbsp;No como un planeta dividido, sino como Naciones Unidas\u201d, concluy\u00f3<\/p>\n","protected":false},"excerpt":{"rendered":"<p>Foto ONU\/Loey Felipe El Secretario General Ant\u00f3nio Guterres interviene en la Cumbre del Futuro en la Sede de las Naciones Unidas. SemM\u00e9xico, Cd. de&nbsp; M\u00e9xico, 31 de diciembre, 2024.- El 2024 cierra la d\u00e9cada m\u00e1s calurosa de la historia, dice Ant\u00f3nio Guterres, que considera \u201cindispensable\u201d reducir dr\u00e1sticamente las emisiones. \u201cMano a mano podemos hacer que [&hellip;]<\/p>\n","protected":false},"author":3,"featured_media":91417,"comment_status":"open","ping_status":"open","sticky":false,"template":"","format":"standard","meta":{"_monsterinsights_skip_tracking":false,"footnotes":""},"categories":[53],"tags":[],"class_list":["post-91416","post","type-post","status-publish","format-standard","has-post-thumbnail","category-internacional"],"_links":{"self":[{"href":"https:\/\/redsemlac.com\/semmexico\/wp-json\/wp\/v2\/posts\/91416","targetHints":{"allow":["GET"]}}],"collection":[{"href":"https:\/\/redsemlac.com\/semmexico\/wp-json\/wp\/v2\/posts"}],"about":[{"href":"https:\/\/redsemlac.com\/semmexico\/wp-json\/wp\/v2\/types\/post"}],"author":[{"embeddable":true,"href":"https:\/\/redsemlac.com\/semmexico\/wp-json\/wp\/v2\/users\/3"}],"replies":[{"embeddable":true,"href":"https:\/\/redsemlac.com\/semmexico\/wp-json\/wp\/v2\/comments?post=91416"}],"version-history":[{"count":0,"href":"https:\/\/redsemlac.com\/semmexico\/wp-json\/wp\/v2\/posts\/91416\/revisions"}],"wp:featuredmedia":[{"embeddable":true,"href":"https:\/\/redsemlac.com\/semmexico\/wp-json\/wp\/v2\/media\/91417"}],"wp:attachment":[{"href":"https:\/\/redsemlac.com\/semmexico\/wp-json\/wp\/v2\/media?parent=91416"}],"wp:term":[{"taxonomy":"category","embeddable":true,"href":"https:\/\/redsemlac.com\/semmexico\/wp-json\/wp\/v2\/categories?post=91416"},{"taxonomy":"post_tag","embeddable":true,"href":"https:\/\/redsemlac.com\/semmexico\/wp-json\/wp\/v2\/tags?post=91416"}],"curies":[{"name":"wp","href":"https:\/\/api.w.org\/{rel}","templated":true}]}}