{"id":91406,"date":"2024-12-31T15:57:56","date_gmt":"2024-12-31T21:57:56","guid":{"rendered":"https:\/\/redsemlac.com\/semmexico\/?p=91406"},"modified":"2024-12-31T15:58:36","modified_gmt":"2024-12-31T21:58:36","slug":"los-capitales-son-tiempos-dificiles-pero-no-hay-que-perder-el-optimismo","status":"publish","type":"post","link":"https:\/\/redsemlac.com\/semmexico\/los-capitales-son-tiempos-dificiles-pero-no-hay-que-perder-el-optimismo\/","title":{"rendered":"Los Capitales| Son tiempos dif\u00edciles, pero no hay que perder el optimismo"},"content":{"rendered":"\n<p class=\"wp-block-paragraph\">Edgar&nbsp;&nbsp; Gonz\u00e1lez Mart\u00ednez&nbsp;&nbsp;&nbsp;&nbsp;&nbsp;&nbsp;&nbsp;&nbsp;&nbsp;&nbsp;&nbsp;&nbsp;&nbsp;&nbsp;&nbsp;&nbsp;&nbsp;&nbsp;&nbsp;&nbsp;&nbsp;&nbsp;&nbsp;&nbsp;&nbsp;&nbsp;&nbsp;&nbsp;&nbsp;&nbsp;&nbsp;&nbsp;&nbsp;&nbsp;&nbsp;&nbsp;&nbsp;&nbsp;&nbsp;&nbsp;&nbsp;&nbsp;&nbsp;&nbsp;&nbsp;<\/p>\n\n\n\n<p class=\"wp-block-paragraph\">SemM\u00e9xico, Cd. de M\u00e9xico, 31 de diciembre, 2024.- La mayor\u00eda de los empresarios, trabajadores y organismos sociales entrevistados por este reportero, coincidieron en se\u00f1alar que todo comienzo de a\u00f1o es conflictivo, pero este m\u00e1s, como atinadamente lo se\u00f1ala Consultores Internacionales, principalmente por \u201cla combinaci\u00f3n de factores internos y su interacci\u00f3n con un contexto global complejo, as\u00ed como con una relaci\u00f3n bilateral con nuestro socio comercial que sin duda ser\u00e1 conflictiva\u201d, factores que han sido decisivos en la construcci\u00f3n de las perspectivas econ\u00f3micas para 2025.<\/p>\n\n\n\n<p class=\"wp-block-paragraph\">En el contexto global, el consenso apunta a que el PIB mundial se ubicar\u00e1 alrededor del 2.6% en 2024 y en torno al 2.7% en 2025; un desempe\u00f1o que no admite otro calificativo que mediocre. Y peor a\u00fan es que no obstante el relajamiento de la pol\u00edtica monetaria de EU y de M\u00e9xico, ambos gobiernos aceptan que las perspectivas para la inflaci\u00f3n, son peores para este a\u00f1o. En el \u00e1mbito de la geopol\u00edtica, los conflictos en Europa del Este y Oriente Medio continuar\u00e1n generando incertidumbre. La latente amenaza de una escalada en las posturas beligerantes de las naciones en conflicto y sus potenciales repercusiones en los mercados de insumos, materias primas y energ\u00e9ticos, mantienen estabilidad fr\u00e1gil pol\u00edtica global e incluso podr\u00edan exacerbarse al a\u00f1adir en la ecuaci\u00f3n el factor Donald Trump.<\/p>\n\n\n\n<p class=\"wp-block-paragraph\">Nadie pone en duda que el resurgimiento del proteccionismo y el incremento de las tensiones comerciales perturbar\u00e1n las cadenas de suministro, elevando los precios mundiales de los commodities, lo que amenaza directamente el crecimiento econ\u00f3mico. Al respecto, Consultores Internacionales se\u00f1ala: \u201cen cuanto a nuestro pa\u00eds, la situaci\u00f3n es tanto o m\u00e1s compleja. Los escenarios internos y externos son poco optimistas. En el primer caso, la continuidad en la pol\u00edtica econ\u00f3mica del r\u00e9gimen gobernante \u2014que hemos denominado \u201cpopulismo de Estado\u201d\u2014 ha desequilibrado las condiciones propicias para incentivar la inversi\u00f3n y el consumo. La inversi\u00f3n p\u00fablica carece de orientaci\u00f3n productiva y el gasto social con tintes pol\u00edticos ha mermado las finanzas p\u00fablicas. Nuestra perspectiva de crecimiento para 2025 se ubica entorno del 1.5%\u201d.<\/p>\n\n\n\n<p class=\"wp-block-paragraph\">En el exterior, la situaci\u00f3n no es m\u00e1s halag\u00fce\u00f1a, especialmente con la previsible y francamente hostil postura que mantendr\u00e1 el nuevo gobierno de Estados Unidos respecto a nuestra relaci\u00f3n bilateral. Una guerra de aranceles no favorecer\u00e1 a ninguno de los dos pa\u00edses; sin embargo, el impacto negativo sobre la econom\u00eda mexicana ser\u00e1 mayor debido al grado de dependencia no solo del comercio sino tambi\u00e9n de las inversiones. Y ni qu\u00e9 decir del otro conflicto, de la pol\u00edtica migratoria de EU. La anunciada expulsi\u00f3n masiva de migrantes indocumentados puede de alguna manera afectar el flujo de remesas a nuestro pa\u00eds; perder esa fuente de ingreso ser\u00eda de gran impacto. As\u00ed, es momento de cerrar filas en torno a nuestro pa\u00eds y, sobre todo, ver el futuro con optimismo: Feliz A\u00f1o 2025..<\/p>\n\n\n\n<p class=\"wp-block-paragraph\"><a href=\"mailto:loscapitales@yahoo.com.mx\" target=\"_blank\" rel=\"noreferrer noopener\">loscapitales@yahoo.com.mx<\/a><\/p>\n\n\n\n<p class=\"wp-block-paragraph\"><a href=\"http:\/\/www.agendadeinversiones.com.mx\/\" target=\"_blank\" rel=\"noreferrer noopener\">www.agendadeinversiones.com.mx<\/a><\/p>\n\n\n\n<p class=\"wp-block-paragraph\">Twiter: @Edgar4712<\/p>\n","protected":false},"excerpt":{"rendered":"<p>Edgar&nbsp;&nbsp; Gonz\u00e1lez Mart\u00ednez&nbsp;&nbsp;&nbsp;&nbsp;&nbsp;&nbsp;&nbsp;&nbsp;&nbsp;&nbsp;&nbsp;&nbsp;&nbsp;&nbsp;&nbsp;&nbsp;&nbsp;&nbsp;&nbsp;&nbsp;&nbsp;&nbsp;&nbsp;&nbsp;&nbsp;&nbsp;&nbsp;&nbsp;&nbsp;&nbsp;&nbsp;&nbsp;&nbsp;&nbsp;&nbsp;&nbsp;&nbsp;&nbsp;&nbsp;&nbsp;&nbsp;&nbsp;&nbsp;&nbsp;&nbsp; SemM\u00e9xico, Cd. de M\u00e9xico, 31 de diciembre, 2024.- La mayor\u00eda de los empresarios, trabajadores y organismos sociales entrevistados por este reportero, coincidieron en se\u00f1alar que todo comienzo de a\u00f1o es conflictivo, pero este m\u00e1s, como atinadamente lo se\u00f1ala Consultores Internacionales, principalmente por \u201cla combinaci\u00f3n de factores internos y su interacci\u00f3n con un [&hellip;]<\/p>\n","protected":false},"author":3,"featured_media":75979,"comment_status":"open","ping_status":"open","sticky":false,"template":"","format":"standard","meta":{"_monsterinsights_skip_tracking":false,"footnotes":""},"categories":[750,82,110,35],"tags":[],"class_list":["post-91406","post","type-post","status-publish","format-standard","has-post-thumbnail","category-edgar-gonzalez-martinez","category-la-opinion","category-la-opinion-columnas","category-opinion"],"_links":{"self":[{"href":"https:\/\/redsemlac.com\/semmexico\/wp-json\/wp\/v2\/posts\/91406","targetHints":{"allow":["GET"]}}],"collection":[{"href":"https:\/\/redsemlac.com\/semmexico\/wp-json\/wp\/v2\/posts"}],"about":[{"href":"https:\/\/redsemlac.com\/semmexico\/wp-json\/wp\/v2\/types\/post"}],"author":[{"embeddable":true,"href":"https:\/\/redsemlac.com\/semmexico\/wp-json\/wp\/v2\/users\/3"}],"replies":[{"embeddable":true,"href":"https:\/\/redsemlac.com\/semmexico\/wp-json\/wp\/v2\/comments?post=91406"}],"version-history":[{"count":0,"href":"https:\/\/redsemlac.com\/semmexico\/wp-json\/wp\/v2\/posts\/91406\/revisions"}],"wp:featuredmedia":[{"embeddable":true,"href":"https:\/\/redsemlac.com\/semmexico\/wp-json\/wp\/v2\/media\/75979"}],"wp:attachment":[{"href":"https:\/\/redsemlac.com\/semmexico\/wp-json\/wp\/v2\/media?parent=91406"}],"wp:term":[{"taxonomy":"category","embeddable":true,"href":"https:\/\/redsemlac.com\/semmexico\/wp-json\/wp\/v2\/categories?post=91406"},{"taxonomy":"post_tag","embeddable":true,"href":"https:\/\/redsemlac.com\/semmexico\/wp-json\/wp\/v2\/tags?post=91406"}],"curies":[{"name":"wp","href":"https:\/\/api.w.org\/{rel}","templated":true}]}}