{"id":91364,"date":"2024-12-29T13:48:38","date_gmt":"2024-12-29T19:48:38","guid":{"rendered":"https:\/\/redsemlac.com\/semmexico\/?p=91364"},"modified":"2024-12-29T13:48:39","modified_gmt":"2024-12-29T19:48:39","slug":"la-historica-capitana-rebeca-bernal-suena-con-el-tricampeonato-soy-una-persona-muy-ambiciosa","status":"publish","type":"post","link":"https:\/\/redsemlac.com\/semmexico\/la-historica-capitana-rebeca-bernal-suena-con-el-tricampeonato-soy-una-persona-muy-ambiciosa\/","title":{"rendered":"\u00a1La hist\u00f3rica capitana! Rebeca Bernal sue\u00f1a con el Tricampeonato: \u201csoy una persona muy ambiciosa\u201d"},"content":{"rendered":"\n<p class=\"wp-block-paragraph\">Rebeca Bernal, la hist\u00f3rica capitana de Rayadas. Foto: Mexsport<\/p>\n\n\n\n<p class=\"wp-block-paragraph\">Rebeca Bernal es sin duda una de las mejores jugadoras de Rayadas, considerada una hist\u00f3rica en la Liga MX<\/p>\n\n\n\n<p class=\"wp-block-paragraph\">X\u00f3chitl Guerrero<\/p>\n\n\n\n<p class=\"wp-block-paragraph\">SemM\u00e9xico\/El Esto, Cd. de M\u00e9xico, 29 &nbsp;de diciembre, 2024.- Rebeca Bernal sue\u00f1a con el Tricampeonato en la Liga MX Femenil, y&nbsp;<strong>sabe que es algo que Rayadas puede<\/strong>&nbsp;hacer realidad porque es un equipo que tiene absolutamente todo para lograrlo. Y esa ser\u00eda una forma ideal de tal vez, despedirse del equipo de sus amores.<\/p>\n\n\n\n<p class=\"wp-block-paragraph\"><strong>Y es que despu\u00e9s de cerrar el a\u00f1o 2024 con<\/strong>&nbsp;el Bicampe\u00f3n, la capitana del Monterrey, comparti\u00f3 su deseo de ganar otro t\u00edtulo, y por qu\u00e9 no, despu\u00e9s emigrar al extranjero. Pues le quedan s\u00f3lo seis meses de contrato.<\/p>\n\n\n\n<p class=\"wp-block-paragraph\">\u201cEl Tricampeonato, soy una persona muy ambiciosa&nbsp;<strong>y el equipo tambi\u00e9n; desde que acabamos s\u00ed hubo confeti y todo<\/strong>. P<strong>ero estar\u00eda muy padre ser el primer&nbsp;<\/strong>equipo tricampe\u00f3n de la liga y no es para nada descabellado porque tenemos un muy buen equipo. Tenemos el factor an\u00edmico de ser Bicampeonas y no conformarnos es algo muy importante porque si bien despu\u00e9s de dos campeonatos lo m\u00e1s f\u00e1cil ser\u00eda relajarnos. Creo que es importante y tambi\u00e9n es un gran reto. Quiero ser campeona con Rayadas tambi\u00e9n tengo que ver que sigue para m\u00ed porque mi contrato se acaba en el verano. Y est\u00e1 la opci\u00f3n de ir fuera que es uno de mis objetivos, el salir.<\/p>\n\n\n\n<figure class=\"wp-block-gallery has-nested-images columns-default is-cropped wp-block-gallery-1 is-layout-flex wp-block-gallery-is-layout-flex\">\n<figure class=\"wp-block-image size-large\"><a href=\"https:\/\/redsemlac.com\/semmexico\/wp-content\/uploads\/2024\/12\/capitana-rebeca-bernal-02.jpg\"><img loading=\"lazy\" decoding=\"async\" width=\"667\" height=\"822\" data-id=\"91366\" src=\"https:\/\/redsemlac.com\/semmexico\/wp-content\/uploads\/2024\/12\/capitana-rebeca-bernal-02.jpg\" alt=\"\" class=\"wp-image-91366\" srcset=\"https:\/\/redsemlac.com\/semmexico\/wp-content\/uploads\/2024\/12\/capitana-rebeca-bernal-02.jpg 667w, https:\/\/redsemlac.com\/semmexico\/wp-content\/uploads\/2024\/12\/capitana-rebeca-bernal-02-243x300.jpg 243w, https:\/\/redsemlac.com\/semmexico\/wp-content\/uploads\/2024\/12\/capitana-rebeca-bernal-02-150x185.jpg 150w, https:\/\/redsemlac.com\/semmexico\/wp-content\/uploads\/2024\/12\/capitana-rebeca-bernal-02-300x370.jpg 300w, https:\/\/redsemlac.com\/semmexico\/wp-content\/uploads\/2024\/12\/capitana-rebeca-bernal-02-324x400.jpg 324w\" sizes=\"auto, (max-width: 667px) 100vw, 667px\" \/><\/a><\/figure>\n\n\n\n<figure class=\"wp-block-image size-large\"><a href=\"https:\/\/redsemlac.com\/semmexico\/wp-content\/uploads\/2024\/12\/capitana-rebeca-bernal-03.jpg\"><img loading=\"lazy\" decoding=\"async\" width=\"299\" height=\"360\" data-id=\"91365\" src=\"https:\/\/redsemlac.com\/semmexico\/wp-content\/uploads\/2024\/12\/capitana-rebeca-bernal-03.jpg\" alt=\"\" class=\"wp-image-91365\" srcset=\"https:\/\/redsemlac.com\/semmexico\/wp-content\/uploads\/2024\/12\/capitana-rebeca-bernal-03.jpg 299w, https:\/\/redsemlac.com\/semmexico\/wp-content\/uploads\/2024\/12\/capitana-rebeca-bernal-03-249x300.jpg 249w, https:\/\/redsemlac.com\/semmexico\/wp-content\/uploads\/2024\/12\/capitana-rebeca-bernal-03-150x181.jpg 150w\" sizes=\"auto, (max-width: 299px) 100vw, 299px\" \/><\/a><\/figure>\n<\/figure>\n\n\n\n<figure class=\"wp-block-gallery has-nested-images columns-default is-cropped wp-block-gallery-2 is-layout-flex wp-block-gallery-is-layout-flex\">\n<figure class=\"wp-block-image size-large\"><a href=\"https:\/\/redsemlac.com\/semmexico\/wp-content\/uploads\/2024\/12\/capitana-rebeca-bernal-04.jpg\"><img loading=\"lazy\" decoding=\"async\" width=\"312\" height=\"360\" data-id=\"91368\" src=\"https:\/\/redsemlac.com\/semmexico\/wp-content\/uploads\/2024\/12\/capitana-rebeca-bernal-04.jpg\" alt=\"\" class=\"wp-image-91368\" srcset=\"https:\/\/redsemlac.com\/semmexico\/wp-content\/uploads\/2024\/12\/capitana-rebeca-bernal-04.jpg 312w, https:\/\/redsemlac.com\/semmexico\/wp-content\/uploads\/2024\/12\/capitana-rebeca-bernal-04-260x300.jpg 260w, https:\/\/redsemlac.com\/semmexico\/wp-content\/uploads\/2024\/12\/capitana-rebeca-bernal-04-150x173.jpg 150w, https:\/\/redsemlac.com\/semmexico\/wp-content\/uploads\/2024\/12\/capitana-rebeca-bernal-04-300x346.jpg 300w\" sizes=\"auto, (max-width: 312px) 100vw, 312px\" \/><\/a><\/figure>\n\n\n\n<figure class=\"wp-block-image size-large\"><a href=\"https:\/\/redsemlac.com\/semmexico\/wp-content\/uploads\/2024\/12\/capitana-rebeca-bernal-05.jpg\"><img loading=\"lazy\" decoding=\"async\" width=\"298\" height=\"360\" data-id=\"91367\" src=\"https:\/\/redsemlac.com\/semmexico\/wp-content\/uploads\/2024\/12\/capitana-rebeca-bernal-05.jpg\" alt=\"\" class=\"wp-image-91367\" srcset=\"https:\/\/redsemlac.com\/semmexico\/wp-content\/uploads\/2024\/12\/capitana-rebeca-bernal-05.jpg 298w, https:\/\/redsemlac.com\/semmexico\/wp-content\/uploads\/2024\/12\/capitana-rebeca-bernal-05-248x300.jpg 248w, https:\/\/redsemlac.com\/semmexico\/wp-content\/uploads\/2024\/12\/capitana-rebeca-bernal-05-150x181.jpg 150w\" sizes=\"auto, (max-width: 298px) 100vw, 298px\" \/><\/a><\/figure>\n<\/figure>\n\n\n\n<p class=\"wp-block-paragraph\">\u201cHoy en d\u00eda soy jugadora de Rayadas,\u00a0<strong>tengo seis meses m\u00e1s y tengo que estar muy inteligente en ese proceso porque al final es algo que va<\/strong>\u00a0a estar en mi cabeza. Entonces no dejar que eso me desconcentre de mis objetivos y vivir el presente, ir un d\u00eda a la vez, trabajar de lleno con el equipo igual que mis compa\u00f1eras. Y va a ser un gran reto porque al final todos los equipos se van a reforzar, van a trabajar para igual buscar el Campeonato. Y cada vez los equipos de media Tabla para arriba compiten m\u00e1s, entonces debemos prepararnos de la mejor manera y salir a buscar ese tricampeonato\u201d, dijo al ESTO.<\/p>\n\n\n\n<p class=\"wp-block-paragraph\"><strong>Rebeca, la capitana hist\u00f3rica de Rayadas<\/strong><\/p>\n\n\n\n<p class=\"wp-block-paragraph\">Con cuatro Campeonatos, Rebeca Bernal&nbsp;<strong>es la sexta m\u00e1xima anotadora en liguillas en la historia de la Liga MX Femenil, ya que despu\u00e9s del Apertura 2024 l<\/strong>leg\u00f3 a 17 goles. Y tambi\u00e9n es la tercera m\u00e1xima goleadora en la historia de Rayadas. Lugar que alcanz\u00f3 al llevar anotados m\u00e1s de 60 goles, por lo que la jugadora mexicana se siente sumamente satisfecha.<\/p>\n\n\n\n<p class=\"wp-block-paragraph\">\u201cLos halagos me dan felicidad, me da mucho orgullo&nbsp;ver c\u00f3mo la gente me quiere mucho.&nbsp;Me respeta mucho, siempre me apoya&nbsp;y yo estoy superagradecida con toda la gente que ha cre\u00eddo en m\u00ed. La verdad es que sue\u00f1o regresar ese cari\u00f1o siendo mejor, regal\u00e1ndoles como siempre la mejor versi\u00f3n de m\u00ed con la entrega que me caracteriza.<\/p>\n\n\n\n<p class=\"wp-block-paragraph\"><strong>\u201cY tambi\u00e9n es muy importante siempre mantener los pies&nbsp;<\/strong>en la tierra porque al final si no lo manejas bien te puedes perder. En esa parte siempre he sido muy tranquila porque busco mantenerme con humildad y aceptar mi rol. Y la verdad es que estoy s\u00faper agradecida con la gente porque siempre veo sus muestras de cari\u00f1o, y al final es seguir mejorando para todas las personas\u201d, se\u00f1al\u00f3.<\/p>\n\n\n\n<figure class=\"wp-block-image size-full\"><a href=\"https:\/\/redsemlac.com\/semmexico\/wp-content\/uploads\/2024\/12\/capitana-rebeca-bernal-06.jpg\"><img loading=\"lazy\" decoding=\"async\" width=\"680\" height=\"680\" src=\"https:\/\/redsemlac.com\/semmexico\/wp-content\/uploads\/2024\/12\/capitana-rebeca-bernal-06.jpg\" alt=\"\" class=\"wp-image-91369\" srcset=\"https:\/\/redsemlac.com\/semmexico\/wp-content\/uploads\/2024\/12\/capitana-rebeca-bernal-06.jpg 680w, https:\/\/redsemlac.com\/semmexico\/wp-content\/uploads\/2024\/12\/capitana-rebeca-bernal-06-300x300.jpg 300w, https:\/\/redsemlac.com\/semmexico\/wp-content\/uploads\/2024\/12\/capitana-rebeca-bernal-06-150x150.jpg 150w\" sizes=\"auto, (max-width: 680px) 100vw, 680px\" \/><\/a><\/figure>\n\n\n\n<p class=\"wp-block-paragraph\"><strong>Rebeca Bernal califica el 2024 como un a\u00f1o casi perfecto<\/strong><\/p>\n\n\n\n<p class=\"wp-block-paragraph\"><br>Podr\u00eda pensarse que al haber sido Bicampeonas en la Liga MX Femenil. El 2024 fue un a\u00f1o perfecto para Rayadas; sin embargo, su capitana Rebeca Bernal es exigente. Y sabe que no pudo ser redondo, tanto en lo personal como en lo grupal porque hubo detalles que no le gustaron.<\/p>\n\n\n\n<p class=\"wp-block-paragraph\"><strong>\u201cEl 2024 fue un a\u00f1o muy bueno, perfecto es una palabra<\/strong>&nbsp;muy grande. Y la verdad es que hablando de futbol creo que a lo mejor me habr\u00eda gustado conseguir algo con Selecci\u00f3n porque tuvimos la Copa Oro, que si bien sabemos fue un torneo muy duro y con grandes rivales. Pero competimos s\u00faper bien y lo hicimos muy bien. Con Rayadas dejamos tambi\u00e9n en el camino al Campe\u00f3n de Campeonas que era un reto para nosotras, pero fue un a\u00f1o muy bueno. Soy muy exigente y obviamente si hubiera sido perfecto hubiera ganado todo, en balance fue un a\u00f1o muy bueno con dos campeonatos.<\/p>\n\n\n\n<p class=\"wp-block-paragraph\">\u201cY la verdad es que me fue muy bien porque tambi\u00e9n<strong>&nbsp;con la Selecci\u00f3n fui constante<\/strong>. T<strong>uve la oportunidad de jugar la mayor\u00eda de los partidos y eso tambi\u00e9n habla<\/strong>&nbsp;del profesionalismo no s\u00f3lo de Rayadas, y a veces no es f\u00e1cil porque son muchos partidos. Fue un a\u00f1o muy bueno, muy retador, tambi\u00e9n en el que aprend\u00ed much\u00edsimo porque al final viv\u00ed escenarios que no me hab\u00edan tocado, jugu\u00e9 torneos internacionales con Rayadas\u201d, dijo a ESTO.<\/p>\n\n\n\n<p class=\"wp-block-paragraph\"><strong>Bernal con el deseo de que M\u00e9xico califique al Mundial de Brasil 2027<\/strong><\/p>\n\n\n\n<p class=\"wp-block-paragraph\">En tanto, Rebeca Bernal destac\u00f3 que el 2024. Respecto a Selecci\u00f3n Mexicana Femenil, fue un a\u00f1o de arranque para lo que viene, pues el pr\u00f3ximo 2025 comenzar\u00e1n a luchas por el boleto al Mundial de Brasil 2027.<\/p>\n\n\n\n<p class=\"wp-block-paragraph\">\u201cEstoy muy emocionada por lo que viene para nosotra<strong>s porque estamos muy ilusionadas y comprometidas con la Selecci\u00f3n, si bien tuvimos Copa Oro<\/strong>&nbsp;y nos fue bien. Tambi\u00e9n en los partidos que vinieron despu\u00e9s aunque tal vez algunos resultados no fueron los mejores. Pero s\u00ed vemos un avance y nos damos cuenta que estamos para competirle grandes Selecciones. Pero simplemente es trabajar m\u00e1s en nuestros clubes para la hora de venir a la Selecci\u00f3n que es poco tiempo estar lo mejor preparadas posibles t\u00e9cnica, f\u00edsica y t\u00e1cticamente y ya el siguiente a\u00f1o empezamos las eliminatorias para el Mundial, y estamos muy ilusionados porque queremos ir al Mundial.<\/p>\n\n\n\n<p class=\"wp-block-paragraph\"><strong>\u201cEl apoyo cada vez es mayor en cuesti\u00f3n de los directivos&nbsp;<\/strong>y de la misma afici\u00f3n porque hemos estado trabajando para mejorar como Selecci\u00f3n para poderles brindar un mejor futbol. Y conectar otra vez con la afici\u00f3n porque s\u00ed le hemos ha quedado a deber en procesos anteriores donde no se han conseguido los objetivos y eso estamos tratando de corregir. Ser una Selecci\u00f3n ambiciosa y una Selecci\u00f3n atractiva para que la gente la siga apoyando\u201d, expres\u00f3.<\/p>\n\n\n\n<p class=\"wp-block-paragraph\"><strong>M\u00e1s que una capitana es la l\u00edder del equipo<\/strong><\/p>\n\n\n\n<p class=\"wp-block-paragraph\"><strong>Rebeca Bernal ha sido la capitana de Rayadas desde hace a\u00f1os<\/strong>&nbsp;y ella ha Sido quien ha levantado los cuatro t\u00edtulos que han levantado en la Liga MX Femenil. Pero el liderazgo de la jugadora tamaulipeca es algo que la ha caracterizado desde ni\u00f1a, cuando jugaba en su natal Tampico Madero.<\/p>\n\n\n\n<p class=\"wp-block-paragraph\">\u201cSiempre inconscientemente hab\u00eda tenido ese tipo de personalidad. Y<strong>&nbsp;tambi\u00e9n es mucho por la exigencia que ten\u00eda en casa por mis pap\u00e1s y por los valores que me inculcaron,<\/strong>&nbsp;y como desde chiquita siempre me llam\u00f3 mucho la atenci\u00f3n. Fui muy disciplinada y apasionada hacia el futbol porque me apasionaba y no quer\u00eda faltar a ning\u00fan entrenamiento. Tambi\u00e9n dentro del campo soy muy competitiva, quiero ganar siempre en cada juego. En cada entrenamiento y eso tambi\u00e9n me ha hecho ser mejor en querer ganar y eso al final no es s\u00f3lo lo que hago yo. Sino que es un juego en conjunto, y entre que yo m\u00e1s conecte con mis compa\u00f1eras. Y entre m\u00e1s ellas est\u00e9n involucradas en el juego s\u00e9 que nos va a ir mejor como equipo entonces me gusta conectar todas las piezas.<\/p>\n\n\n\n<p class=\"wp-block-paragraph\"><strong>\u201cSer l\u00edder de un equipo es algo muy bonito, si es retador<\/strong>, si conlleva su responsabilidad. Pero es muy bonito que cuando pasan todas estas cosas te das cuenta que vale mucho la pena\u201d, dijo a ESTO<\/p>\n\n\n\n<p class=\"wp-block-paragraph\"><\/p>\n","protected":false},"excerpt":{"rendered":"<p>Rebeca Bernal, la hist\u00f3rica capitana de Rayadas. Foto: Mexsport Rebeca Bernal es sin duda una de las mejores jugadoras de Rayadas, considerada una hist\u00f3rica en la Liga MX X\u00f3chitl Guerrero SemM\u00e9xico\/El Esto, Cd. de M\u00e9xico, 29 &nbsp;de diciembre, 2024.- Rebeca Bernal sue\u00f1a con el Tricampeonato en la Liga MX Femenil, y&nbsp;sabe que es algo que [&hellip;]<\/p>\n","protected":false},"author":3,"featured_media":91370,"comment_status":"open","ping_status":"open","sticky":false,"template":"","format":"standard","meta":{"_monsterinsights_skip_tracking":false,"footnotes":""},"categories":[694],"tags":[],"class_list":["post-91364","post","type-post","status-publish","format-standard","has-post-thumbnail","category-destacadas"],"_links":{"self":[{"href":"https:\/\/redsemlac.com\/semmexico\/wp-json\/wp\/v2\/posts\/91364","targetHints":{"allow":["GET"]}}],"collection":[{"href":"https:\/\/redsemlac.com\/semmexico\/wp-json\/wp\/v2\/posts"}],"about":[{"href":"https:\/\/redsemlac.com\/semmexico\/wp-json\/wp\/v2\/types\/post"}],"author":[{"embeddable":true,"href":"https:\/\/redsemlac.com\/semmexico\/wp-json\/wp\/v2\/users\/3"}],"replies":[{"embeddable":true,"href":"https:\/\/redsemlac.com\/semmexico\/wp-json\/wp\/v2\/comments?post=91364"}],"version-history":[{"count":0,"href":"https:\/\/redsemlac.com\/semmexico\/wp-json\/wp\/v2\/posts\/91364\/revisions"}],"wp:featuredmedia":[{"embeddable":true,"href":"https:\/\/redsemlac.com\/semmexico\/wp-json\/wp\/v2\/media\/91370"}],"wp:attachment":[{"href":"https:\/\/redsemlac.com\/semmexico\/wp-json\/wp\/v2\/media?parent=91364"}],"wp:term":[{"taxonomy":"category","embeddable":true,"href":"https:\/\/redsemlac.com\/semmexico\/wp-json\/wp\/v2\/categories?post=91364"},{"taxonomy":"post_tag","embeddable":true,"href":"https:\/\/redsemlac.com\/semmexico\/wp-json\/wp\/v2\/tags?post=91364"}],"curies":[{"name":"wp","href":"https:\/\/api.w.org\/{rel}","templated":true}]}}