{"id":91339,"date":"2024-12-27T15:22:04","date_gmt":"2024-12-27T21:22:04","guid":{"rendered":"https:\/\/redsemlac.com\/semmexico\/?p=91339"},"modified":"2024-12-27T15:30:33","modified_gmt":"2024-12-27T21:30:33","slug":"amlo-ignoro-el-caso-la-madre-de-un-futbolista-menor-de-edad-busca-justicia-a-10-anos-de-su-asesinato","status":"publish","type":"post","link":"https:\/\/redsemlac.com\/semmexico\/amlo-ignoro-el-caso-la-madre-de-un-futbolista-menor-de-edad-busca-justicia-a-10-anos-de-su-asesinato\/","title":{"rendered":"AMLO ignor\u00f3 el caso, la madre de un futbolista menor de edad busca justicia a 10 a\u00f1os de su asesinato"},"content":{"rendered":"\n<p class=\"wp-block-paragraph\">La madre de David Josu\u00e9 reconoce que AMLO jam\u00e1s tuvo un acercamiento<\/p>\n\n\n\n<p class=\"wp-block-paragraph\">Tras la salida de AMLO del poder, la madre de David Josu\u00e9 busca darle una conclusi\u00f3n en el gobierno de Claudia Sheinbaum Pardo<\/p>\n\n\n\n<p class=\"wp-block-paragraph\">H\u00e9ctor Alfonso Morales<\/p>\n\n\n\n<p class=\"wp-block-paragraph\">SemM\u00e9xico\/El Esto, Chilpancingoa, Guerrero, 27 de diciembre, 2024.- Las manos de Roberta Evangelista acarician sin parar la fotograf\u00eda de su peque\u00f1o hijo de 14 a\u00f1os, David Josu\u00e9 Garc\u00eda Evangelista.&nbsp;<strong>El vaiv\u00e9n de los dedos se abre camino por la zona de la frente, el cabello y el rostro del joven que<\/strong>&nbsp;quiso ser un futbolista como Cristiano Ronaldo, pero que fue asesinado en 2014, cuando el autob\u00fas de los Avispones de Chilpancingo fue atacado a balazos y por lo que a 10 a\u00f1os de aquel suceso,&nbsp;<a href=\"https:\/\/esto.com.mx\/836426-uziel-munoz-le-dedica-su-pase-a-la-final-de-lanzamiento-de-bala-a-su-hermano-fallecido\/\" target=\"_blank\" rel=\"noreferrer noopener\"><strong>busca obtener la justicia<\/strong><\/a>&nbsp;que no lleg\u00f3 durante el los gobiernos de EPN y AMLO.<\/p>\n\n\n\n<p class=\"wp-block-paragraph\"><a href=\"https:\/\/esto.com.mx\/864244-admirador-de-cristiano-ronaldo-murio-por-violencia-y-su-mama-aun-busca-justicia\/\" target=\"_blank\" rel=\"noreferrer noopener\"><strong>Te podr\u00eda interesar: \u00c9l dec\u00eda \u2018te voy a comprar una casa\u2019: David Josu\u00e9, el fan de Cristiano Ronaldo asesinado por violencia<\/strong><\/a><\/p>\n\n\n\n<p class=\"wp-block-paragraph\">Ese hecho&nbsp;<strong>fue parte de la llamada Noche de Iguala del 26 de septiembre de aquel a\u00f1o<\/strong>, donde se registr\u00f3 la desaparici\u00f3n de los 43 normalistas de Ayotzinapa.<\/p>\n\n\n\n<figure class=\"wp-block-image size-full\"><a href=\"https:\/\/redsemlac.com\/semmexico\/wp-content\/uploads\/2024\/12\/madre-de-futbolista-02.jpg\"><img loading=\"lazy\" decoding=\"async\" width=\"800\" height=\"497\" src=\"https:\/\/redsemlac.com\/semmexico\/wp-content\/uploads\/2024\/12\/madre-de-futbolista-02.jpg\" alt=\"\" class=\"wp-image-91341\" srcset=\"https:\/\/redsemlac.com\/semmexico\/wp-content\/uploads\/2024\/12\/madre-de-futbolista-02.jpg 800w, https:\/\/redsemlac.com\/semmexico\/wp-content\/uploads\/2024\/12\/madre-de-futbolista-02-300x186.jpg 300w, https:\/\/redsemlac.com\/semmexico\/wp-content\/uploads\/2024\/12\/madre-de-futbolista-02-768x477.jpg 768w, https:\/\/redsemlac.com\/semmexico\/wp-content\/uploads\/2024\/12\/madre-de-futbolista-02-150x93.jpg 150w, https:\/\/redsemlac.com\/semmexico\/wp-content\/uploads\/2024\/12\/madre-de-futbolista-02-696x432.jpg 696w\" sizes=\"auto, (max-width: 800px) 100vw, 800px\" \/><\/a><\/figure>\n\n\n\n<p class=\"wp-block-paragraph\">A Roberta se le humedecen los ojos, mientras levanta la mirada al horizonte como si ese gesto le permitiera volver a ver y sentir a su peque\u00f1o.&nbsp;<strong>Detr\u00e1s de ella, est\u00e1 un memorial con el nombre de su reto\u00f1o<\/strong>, pero ella se aferra a la imagen que abraza por momentos, porque presenta a un David Josu\u00e9 con esa mezcla de sue\u00f1os e inocencia propia de su edad en una sonrisa eterna, cuando portaba una playera del Club Deportivo Guadalajara.<\/p>\n\n\n\n<p class=\"wp-block-paragraph\">\u201c<strong>H\u00edjole, es una foto que guardo con mucho cari\u00f1o, me trae much\u00edsimos recuerdos<\/strong>&nbsp;porque fue tomada en esta cancha (Polideportivo de Chilpancingo, sede de los Avispones). Fue la foto que se le tom\u00f3 unos d\u00edas antes de que pasaran los hechos (el ataque) y la conservo como parte m\u00eda, como un recuerdo muy bonito de David Josu\u00e9. Es algo que voy a tener aqu\u00ed siempre conmigo.<\/p>\n\n\n\n<figure class=\"wp-block-image size-large\"><a href=\"https:\/\/redsemlac.com\/semmexico\/wp-content\/uploads\/2024\/12\/madre-de-futbolista-03.png\"><img loading=\"lazy\" decoding=\"async\" width=\"1024\" height=\"598\" src=\"https:\/\/redsemlac.com\/semmexico\/wp-content\/uploads\/2024\/12\/madre-de-futbolista-03-1024x598.png\" alt=\"\" class=\"wp-image-91342\" srcset=\"https:\/\/redsemlac.com\/semmexico\/wp-content\/uploads\/2024\/12\/madre-de-futbolista-03-1024x598.png 1024w, https:\/\/redsemlac.com\/semmexico\/wp-content\/uploads\/2024\/12\/madre-de-futbolista-03-300x175.png 300w, https:\/\/redsemlac.com\/semmexico\/wp-content\/uploads\/2024\/12\/madre-de-futbolista-03-768x449.png 768w, https:\/\/redsemlac.com\/semmexico\/wp-content\/uploads\/2024\/12\/madre-de-futbolista-03-150x88.png 150w, https:\/\/redsemlac.com\/semmexico\/wp-content\/uploads\/2024\/12\/madre-de-futbolista-03-696x407.png 696w, https:\/\/redsemlac.com\/semmexico\/wp-content\/uploads\/2024\/12\/madre-de-futbolista-03-1068x624.png 1068w, https:\/\/redsemlac.com\/semmexico\/wp-content\/uploads\/2024\/12\/madre-de-futbolista-03.png 1200w\" sizes=\"auto, (max-width: 1024px) 100vw, 1024px\" \/><\/a><\/figure>\n\n\n\n<p class=\"wp-block-paragraph\"><strong><em><sub>Foto: Erik Estrella \/ ENVIADO<\/sub><\/em><\/strong><\/p>\n\n\n\n<p class=\"wp-block-paragraph\"><strong>El dolor no ha cambiado<\/strong><\/p>\n\n\n\n<p class=\"wp-block-paragraph\">-\u00bfQu\u00e9 siente al ver la sonrisa de su ni\u00f1o?<br>-Esta sonrisa era la que siempre lo caracterizaba porque andaba siempre sonriente, era un ni\u00f1o muy sociable, le gustaba cantar, bailar, inclusive \u00e9l dec\u00eda que quer\u00eda estar en un grupo, en una banda o no s\u00e9, porque de repente tambi\u00e9n agarraba y empezaba a sonar as\u00ed como lanzas porque quer\u00eda tener una bater\u00eda musical, pero eran muchos de sus sue\u00f1os que \u00e9l ten\u00eda, aparte del f\u00fatbol, era tambi\u00e9n crecer en otros \u00e1mbitos.<\/p>\n\n\n\n<p class=\"wp-block-paragraph\">Roberta mantiene sus caricias a la instant\u00e1nea. Cuenta que su hijo -desde los siete a\u00f1os de edad- \u201c<strong>se escapaba para jugar futbol y a m\u00ed me daba terror no encontrarlo<\/strong>\u201d. Como madre, lo lleg\u00f3 a rega\u00f1ar, pero finalmente comprendi\u00f3 la pasi\u00f3n de su \u201cZurdito\u201d, como le dec\u00edan.<\/p>\n\n\n\n<figure class=\"wp-block-image size-full\"><a href=\"https:\/\/redsemlac.com\/semmexico\/wp-content\/uploads\/2024\/12\/madre-de-futbolista-04.jpg\"><img loading=\"lazy\" decoding=\"async\" width=\"480\" height=\"360\" src=\"https:\/\/redsemlac.com\/semmexico\/wp-content\/uploads\/2024\/12\/madre-de-futbolista-04.jpg\" alt=\"\" class=\"wp-image-91343\" srcset=\"https:\/\/redsemlac.com\/semmexico\/wp-content\/uploads\/2024\/12\/madre-de-futbolista-04.jpg 480w, https:\/\/redsemlac.com\/semmexico\/wp-content\/uploads\/2024\/12\/madre-de-futbolista-04-300x225.jpg 300w, https:\/\/redsemlac.com\/semmexico\/wp-content\/uploads\/2024\/12\/madre-de-futbolista-04-150x113.jpg 150w\" sizes=\"auto, (max-width: 480px) 100vw, 480px\" \/><\/a><\/figure>\n\n\n\n<p class=\"wp-block-paragraph\"><a href=\"https:\/\/www.youtube.com\/watch?v=3k1DUmXO8fY\"><\/a><\/p>\n\n\n\n<p class=\"wp-block-paragraph\">David Josu\u00e9 jug\u00f3 durante sus primeros pasos en un equipo llamado Chivas. Su calidad fue creciendo como lateral izquierdo, hasta llegar a los Avispones,&nbsp;<strong>un poco a destiempo porque pudo ingresar un a\u00f1o antes, pero prefiri\u00f3 irse de vacaciones que acudir a las visorias<\/strong>. Sin embargo, su destino estaba en ese equipo, ya que despu\u00e9s fue reclutado.<\/p>\n\n\n\n<p class=\"wp-block-paragraph\">Para los partidos, su mam\u00e1, Roberta, acud\u00eda al estadio para apoyarlo: \u201cEra muy emocionante verlo, ver que \u00e9l le pon\u00eda much\u00edsimo empe\u00f1o a sus entrenamientos,&nbsp;<strong>inclusive, le preguntaba si no le molestaba que estuviera presente en sus partidos y \u00e9l me dec\u00eda que no<\/strong>, que a \u00e9l le gustaba porque le hablaba y le advert\u00eda si ven\u00eda el contrario, \u2018dale por ac\u00e1\u2019 o sea, \u00e9l me hac\u00eda caso, \u00e9l estaba en cancha porque yo le gritaba y siempre estaba yo de porra con \u00e9l\u201d.<\/p>\n\n\n\n<p class=\"wp-block-paragraph\"><strong>El \u00faltimo encuentro antes de la tragedia<\/strong><\/p>\n\n\n\n<p class=\"wp-block-paragraph\">Una vez con los Avispones, David Josu\u00e9 comenz\u00f3 a viajar con el equipo.&nbsp;<strong>El 26 de septiembre de 2014, \u00e9l y sus compa\u00f1eros tuvieron que trasladarse de Chilpancingo a Iguala<\/strong>. Ese viaje desencaden\u00f3 los sucesos m\u00e1s dolorosos en la vida de Roberta Evangelista, pues su hijo perdi\u00f3 la vida.<\/p>\n\n\n\n<p class=\"wp-block-paragraph\">La madre rememora los hechos con los ojos sombr\u00edos. Las l\u00e1grimas recorren sus mejillas con lentitud. \u201cNos despedimos para que ellos partieran.&nbsp;<strong>En esa carretera a Iguala pr\u00e1cticamente no hay se\u00f1al. Hasta que lleg\u00f3 all\u00e1 nos comunicamos<\/strong>. Estuvimos en conversaci\u00f3n con \u00e9l a cada rato para saber c\u00f3mo estaban hasta un poquito antes del partido tambi\u00e9n, inclusive en el medio tiempo tambi\u00e9n nos comunicamos, me dijo c\u00f3mo iba el juego y pues estando en casa,&nbsp;<strong>haciendo tareas con mi hijo en la computadora, nos dimos cuenta que estaba pasando un suceso muy grande en Iguala<\/strong>&nbsp;en contra de los normalistas y s\u00ed sent\u00ed mucho terror el que mi hijo estaba tambi\u00e9n en esa ciudad\u201d, describe.<\/p>\n\n\n\n<figure class=\"wp-block-image size-large\"><a href=\"https:\/\/redsemlac.com\/semmexico\/wp-content\/uploads\/2024\/12\/madre-de-futbolista-05.jpg\"><img loading=\"lazy\" decoding=\"async\" width=\"1024\" height=\"754\" src=\"https:\/\/redsemlac.com\/semmexico\/wp-content\/uploads\/2024\/12\/madre-de-futbolista-05-1024x754.jpg\" alt=\"\" class=\"wp-image-91344\" srcset=\"https:\/\/redsemlac.com\/semmexico\/wp-content\/uploads\/2024\/12\/madre-de-futbolista-05-1024x754.jpg 1024w, https:\/\/redsemlac.com\/semmexico\/wp-content\/uploads\/2024\/12\/madre-de-futbolista-05-300x221.jpg 300w, https:\/\/redsemlac.com\/semmexico\/wp-content\/uploads\/2024\/12\/madre-de-futbolista-05-768x566.jpg 768w, https:\/\/redsemlac.com\/semmexico\/wp-content\/uploads\/2024\/12\/madre-de-futbolista-05-150x111.jpg 150w, https:\/\/redsemlac.com\/semmexico\/wp-content\/uploads\/2024\/12\/madre-de-futbolista-05-696x513.jpg 696w, https:\/\/redsemlac.com\/semmexico\/wp-content\/uploads\/2024\/12\/madre-de-futbolista-05-1068x787.jpg 1068w, https:\/\/redsemlac.com\/semmexico\/wp-content\/uploads\/2024\/12\/madre-de-futbolista-05.jpg 1455w\" sizes=\"auto, (max-width: 1024px) 100vw, 1024px\" \/><\/a><\/figure>\n\n\n\n<p class=\"wp-block-paragraph\"><strong><em><sub>Foto: Erik Estrella \/ ENVIADO<\/sub><\/em><\/strong><\/p>\n\n\n\n<p class=\"wp-block-paragraph\">\u201cCuando termina el partido, mi hijo se comunica conmigo y me dice que ya hab\u00edan terminado. Estaba preocupada porque ya era muy tarde, el partido termin\u00f3&nbsp;<strong>muy tarde me dijo que solamente estaban esperando las credenciales y yo le dije que estaba muy feo<\/strong>, que la noticia estaba circulando de que hab\u00eda muertos, que hab\u00eda balaceras por todos lados, que realmente no ten\u00edamos la informaci\u00f3n as\u00ed precisa y como a la media hora me llama y me dice que una persona se les hab\u00eda acercado para decirles que no se les ocurriera ir al centro, que mejor se vinieran a Chilpancingo porque estaba horrible y ya colg\u00f3\u201d, reconstruye.<\/p>\n\n\n\n<p class=\"wp-block-paragraph\"><strong>El momento que cambi\u00f3 para siempre la vida de Evangelista<\/strong><\/p>\n\n\n\n<p class=\"wp-block-paragraph\">Evangelista estuvo aquella noche inquieta y habl\u00f3 otra vez con su muchacho: \u201c<strong>me dijo \u2018mam\u00e1, ya vamos, nos tuvieron aqu\u00ed detenidos por mucho tiempo, retuvieron el autob\u00fas pero ya vamos para all\u00e1<\/strong>\u2019. Eso me tranquiliz\u00f3\u201d.<\/p>\n\n\n\n<p class=\"wp-block-paragraph\">Sin embargo, \u201ca los 20 minutos quiz\u00e1s o media hora, checo en los medios.&nbsp;<strong>En la p\u00e1gina de Solo Chilpo surgi\u00f3 que hab\u00edan atacado a los normalistas<\/strong>. Entonces yo no sab\u00eda qu\u00e9 hacer, est\u00e1bamos en casa con la familia, a\u00fan no nos acost\u00e1bamos a dormir porque est\u00e1bamos esperando su llegada (de David Josu\u00e9) y lo primero que hice fue comunicarme con una compa\u00f1erita que tambi\u00e9n ten\u00eda un hijo aqu\u00ed y nos pusimos como locas porque no sab\u00edamos a qui\u00e9n hablarle\u201d.<\/p>\n\n\n\n<p class=\"wp-block-paragraph\">\u201cPor fin, me contest\u00f3 un chico y&nbsp;<strong>me dijo que efectivamente hab\u00edan sido atacados<\/strong>&nbsp;porque despu\u00e9s se hablaba inclusive que hab\u00eda muertos, y ya \u00e9l me dijo que mi hijo era uno de los heridos, no sab\u00edamos qu\u00e9 hacer, aqu\u00ed se cort\u00f3 la llamada, despu\u00e9s volvimos a marcarle, me coment\u00f3 que hab\u00eda llegado a la ambulancia pero que \u00e9l no sab\u00eda la situaci\u00f3n de mi hijo.&nbsp;<strong>Ten\u00eda un hermano que estaba viviendo en Iguala, ni siquiera pens\u00e9 en \u00e9l cuando yo supe la noticia, no sab\u00eda qu\u00e9 hacer<\/strong>. me comuniqu\u00e9 con \u00e9l y me dijo que por qu\u00e9 no le hab\u00eda avisado que mi hijo estaba en Iguala y le dije, \u2018pues es que yo no me iba a imaginar que esto iba a pasar&#8217;\u201d, narra.<\/p>\n\n\n\n<p class=\"wp-block-paragraph\"><strong>La frialdad de las autoridades<\/strong><\/p>\n\n\n\n<p class=\"wp-block-paragraph\">\u201c<strong>Le ped\u00ed que fuera al hospital, que checara si mi hijo estaba herido<\/strong>&nbsp;despu\u00e9s se comunica nuevamente y me dijo: \u2018no, no est\u00e1, chequ\u00e9 una lista y no est\u00e1 y me acaban de decir que vaya a Semefo\u2019\u201d, agrega.<\/p>\n\n\n\n<p class=\"wp-block-paragraph\">Con la voz quebrada, Roberta contin\u00faa con el relato: \u201c<strong>fue algo terrible estando lejos de \u00e9l, sin saber c\u00f3mo estaba. Me confirman que mi hijo estaba herido<\/strong>. Ya aqu\u00ed en Chilpancingo, lo que era el presidente municipal se comunic\u00f3 con nosotros para decirnos que \u00e9l hab\u00eda fallecido\u201d.<\/p>\n\n\n\n<p class=\"wp-block-paragraph\"><strong>\u00bfC\u00f3mo se puede describir el dolor de una madre que pierde a un hijo?<\/strong><\/p>\n\n\n\n<p class=\"wp-block-paragraph\">\u201cEs algo que no siento que no podr\u00eda describirlo porque, pues, la muerte de mi hijo nos dej\u00f3 marcados, nos hace mucha falta me lo imagino a sus 25 a\u00f1os,&nbsp;<strong>ahorita tuviera 25 a\u00f1os y, pues, la ausencia de \u00e9l nos duele much\u00edsimo, sobre todo, a mis hijos<\/strong>, al m\u00e1s chico que ten\u00eda 8 a\u00f1os cuando esto pas\u00f3. Yo como mam\u00e1, igual siento que es como si apenas hubiera sucedido, como si no hubieran pasado los a\u00f1os\u201d.<\/p>\n\n\n\n<figure class=\"wp-block-image size-full\"><a href=\"https:\/\/redsemlac.com\/semmexico\/wp-content\/uploads\/2024\/12\/madre-de-futbolista-06.jpg\"><img loading=\"lazy\" decoding=\"async\" width=\"298\" height=\"169\" src=\"https:\/\/redsemlac.com\/semmexico\/wp-content\/uploads\/2024\/12\/madre-de-futbolista-06.jpg\" alt=\"\" class=\"wp-image-91345\" srcset=\"https:\/\/redsemlac.com\/semmexico\/wp-content\/uploads\/2024\/12\/madre-de-futbolista-06.jpg 298w, https:\/\/redsemlac.com\/semmexico\/wp-content\/uploads\/2024\/12\/madre-de-futbolista-06-150x85.jpg 150w\" sizes=\"auto, (max-width: 298px) 100vw, 298px\" \/><\/a><\/figure>\n\n\n\n<p class=\"wp-block-paragraph\"><strong>DESD\u00c9N DE AMLO Y SHEINBAUM<\/strong><\/p>\n\n\n\n<p class=\"wp-block-paragraph\">La justicia para el \u201cZurdito\u201d sigue sin llegar. Una d\u00e9cada despu\u00e9s, no hay respuestas claras ni contundentes para la familia sobre qui\u00e9n&nbsp;<strong>fue el autor del cruel asesinato al menor, ni del m\u00f3vil para atacar el autob\u00fas de los Avispones de Chilpancingo<\/strong>&nbsp;aquel 26 de septiembre de 2014.<\/p>\n\n\n\n<p class=\"wp-block-paragraph\">Roberta Evangelista, madre de David Josu\u00e9, explica que \u201ca 10 a\u00f1os a\u00fan no sabemos la verdad, no sabemos qu\u00e9 fue lo que sucedi\u00f3, por qu\u00e9 atacaron el cami\u00f3n de los Avispones.&nbsp;<strong>Se hablaba de una confusi\u00f3n, pero siempre he dicho que no comparto esa versi\u00f3n<\/strong>&nbsp;porque el cami\u00f3n de los Avispones nada ten\u00eda que ver con un autob\u00fas\u201d<\/p>\n\n\n\n<figure class=\"wp-block-image size-large\"><a href=\"https:\/\/redsemlac.com\/semmexico\/wp-content\/uploads\/2024\/12\/madre-de-futbolista-07.jpg\"><img loading=\"lazy\" decoding=\"async\" width=\"1024\" height=\"683\" src=\"https:\/\/redsemlac.com\/semmexico\/wp-content\/uploads\/2024\/12\/madre-de-futbolista-07-1024x683.jpg\" alt=\"\" class=\"wp-image-91346\" srcset=\"https:\/\/redsemlac.com\/semmexico\/wp-content\/uploads\/2024\/12\/madre-de-futbolista-07-1024x683.jpg 1024w, https:\/\/redsemlac.com\/semmexico\/wp-content\/uploads\/2024\/12\/madre-de-futbolista-07-300x200.jpg 300w, https:\/\/redsemlac.com\/semmexico\/wp-content\/uploads\/2024\/12\/madre-de-futbolista-07-768x512.jpg 768w, https:\/\/redsemlac.com\/semmexico\/wp-content\/uploads\/2024\/12\/madre-de-futbolista-07-150x100.jpg 150w, https:\/\/redsemlac.com\/semmexico\/wp-content\/uploads\/2024\/12\/madre-de-futbolista-07-696x464.jpg 696w, https:\/\/redsemlac.com\/semmexico\/wp-content\/uploads\/2024\/12\/madre-de-futbolista-07-1068x712.jpg 1068w, https:\/\/redsemlac.com\/semmexico\/wp-content\/uploads\/2024\/12\/madre-de-futbolista-07.jpg 1455w\" sizes=\"auto, (max-width: 1024px) 100vw, 1024px\" \/><\/a><\/figure>\n\n\n\n<p class=\"wp-block-paragraph\">AMLO<\/p>\n\n\n\n<p class=\"wp-block-paragraph\">Agrega que \u201c<strong>realmente no nos han dicho la verdad de todo esto, a\u00fan seguimos todav\u00eda con amparos referente a las indemnizaciones<\/strong>. Tenemos un abogado que nos representa y seguimos en un curso todav\u00eda.<\/p>\n\n\n\n<p class=\"wp-block-paragraph\"><strong>\u00bfQu\u00e9 est\u00e1n pidi\u00e9ndole a autoridades como AMLO o Claudia Sheinbaum?<\/strong><\/p>\n\n\n\n<p class=\"wp-block-paragraph\">\u201cQue se nos repare de acuerdo a derechos de acuerdo a los par\u00e1metros internacionales, que eso sea la indemnizaci\u00f3n, que nos den la que nos corresponde.&nbsp;<strong>Estamos exigiendo que nos digan qu\u00e9 fue lo que pas\u00f3, que realmente las autoridades hagan su trabajo<\/strong>&nbsp;como debe de ser, pero est\u00e1 bien claro que eso no regresar\u00eda a mi hijo. Ser\u00eda nada m\u00e1s saber qu\u00e9 fue lo que sucedi\u00f3, pues (David Josu\u00e9) ya est\u00e1 muerto y duele aceptarlo\u201d.<\/p>\n\n\n\n<p class=\"wp-block-paragraph\">Roberta lamenta que el ex presidente&nbsp;<strong>AMLO haya desde\u00f1ado el caso y espera que la actual mandataria, Claudia Sheinbaum<\/strong>&nbsp;\u201csepa que existimos\u201d.<\/p>\n\n\n\n<figure class=\"wp-block-image size-large\"><a href=\"https:\/\/redsemlac.com\/semmexico\/wp-content\/uploads\/2024\/12\/madre-de-futbolista-08.jpg\"><img loading=\"lazy\" decoding=\"async\" width=\"1024\" height=\"683\" src=\"https:\/\/redsemlac.com\/semmexico\/wp-content\/uploads\/2024\/12\/madre-de-futbolista-08-1024x683.jpg\" alt=\"\" class=\"wp-image-91347\" srcset=\"https:\/\/redsemlac.com\/semmexico\/wp-content\/uploads\/2024\/12\/madre-de-futbolista-08-1024x683.jpg 1024w, https:\/\/redsemlac.com\/semmexico\/wp-content\/uploads\/2024\/12\/madre-de-futbolista-08-300x200.jpg 300w, https:\/\/redsemlac.com\/semmexico\/wp-content\/uploads\/2024\/12\/madre-de-futbolista-08-768x512.jpg 768w, https:\/\/redsemlac.com\/semmexico\/wp-content\/uploads\/2024\/12\/madre-de-futbolista-08-150x100.jpg 150w, https:\/\/redsemlac.com\/semmexico\/wp-content\/uploads\/2024\/12\/madre-de-futbolista-08-696x464.jpg 696w, https:\/\/redsemlac.com\/semmexico\/wp-content\/uploads\/2024\/12\/madre-de-futbolista-08-1068x712.jpg 1068w, https:\/\/redsemlac.com\/semmexico\/wp-content\/uploads\/2024\/12\/madre-de-futbolista-08.jpg 1455w\" sizes=\"auto, (max-width: 1024px) 100vw, 1024px\" \/><\/a><\/figure>\n\n\n\n<p class=\"wp-block-paragraph\">\u201c<strong>Lo que es el expresidente AMLO no, nunca tuvimos un acercamiento<\/strong>. Nosotros como v\u00edctimas de Avispones, nos mantenemos al margen de los normalistas porque entendemos que son situaciones muy diferentes, somos del mismo hecho, pero tambi\u00e9n estoy consciente que ellos buscan a sus familiares todav\u00eda, tienen un poquito de esperanza.&nbsp;<strong>Ellos tienen una manera muy diferente de manifestarse nosotros lo hacemos de una manera pac\u00edfica<\/strong>&nbsp;y pues realmente no se logr\u00f3 tener una entrevista con el expresidente.<\/p>\n\n\n\n<p class=\"wp-block-paragraph\"><strong>\u2013 \u00bfBuscaron a AMLO?<\/strong><\/p>\n\n\n\n<p class=\"wp-block-paragraph\">\u201cS\u00ed, hubo compa\u00f1eros que cuando \u00e9l ven\u00eda a Acapulco,&nbsp;<strong>le entreg\u00e1bamos peticiones por escrito para que nos recibieran y desgraciadamente no, no se dio eso<\/strong>. Ahorita con la presidenta (Claudia Sheinbaum) tampoco. Quiero pensar que s\u00ed sabe que existimos, pero pues no nos han tomado en cuenta\u201d, lamenta, porque para el gobierno federal, para la llamada Cuarta Transformaci\u00f3n, el asesinato de David Josu\u00e9, no ha sido relevante para hacerle justicia.<\/p>\n","protected":false},"excerpt":{"rendered":"<p>La madre de David Josu\u00e9 reconoce que AMLO jam\u00e1s tuvo un acercamiento Tras la salida de AMLO del poder, la madre de David Josu\u00e9 busca darle una conclusi\u00f3n en el gobierno de Claudia Sheinbaum Pardo H\u00e9ctor Alfonso Morales SemM\u00e9xico\/El Esto, Chilpancingoa, Guerrero, 27 de diciembre, 2024.- Las manos de Roberta Evangelista acarician sin parar la [&hellip;]<\/p>\n","protected":false},"author":3,"featured_media":91340,"comment_status":"open","ping_status":"open","sticky":false,"template":"","format":"standard","meta":{"_monsterinsights_skip_tracking":false,"footnotes":""},"categories":[694,63],"tags":[],"class_list":["post-91339","post","type-post","status-publish","format-standard","has-post-thumbnail","category-destacadas","category-reportajes"],"_links":{"self":[{"href":"https:\/\/redsemlac.com\/semmexico\/wp-json\/wp\/v2\/posts\/91339","targetHints":{"allow":["GET"]}}],"collection":[{"href":"https:\/\/redsemlac.com\/semmexico\/wp-json\/wp\/v2\/posts"}],"about":[{"href":"https:\/\/redsemlac.com\/semmexico\/wp-json\/wp\/v2\/types\/post"}],"author":[{"embeddable":true,"href":"https:\/\/redsemlac.com\/semmexico\/wp-json\/wp\/v2\/users\/3"}],"replies":[{"embeddable":true,"href":"https:\/\/redsemlac.com\/semmexico\/wp-json\/wp\/v2\/comments?post=91339"}],"version-history":[{"count":0,"href":"https:\/\/redsemlac.com\/semmexico\/wp-json\/wp\/v2\/posts\/91339\/revisions"}],"wp:featuredmedia":[{"embeddable":true,"href":"https:\/\/redsemlac.com\/semmexico\/wp-json\/wp\/v2\/media\/91340"}],"wp:attachment":[{"href":"https:\/\/redsemlac.com\/semmexico\/wp-json\/wp\/v2\/media?parent=91339"}],"wp:term":[{"taxonomy":"category","embeddable":true,"href":"https:\/\/redsemlac.com\/semmexico\/wp-json\/wp\/v2\/categories?post=91339"},{"taxonomy":"post_tag","embeddable":true,"href":"https:\/\/redsemlac.com\/semmexico\/wp-json\/wp\/v2\/tags?post=91339"}],"curies":[{"name":"wp","href":"https:\/\/api.w.org\/{rel}","templated":true}]}}