{"id":91334,"date":"2024-12-27T13:38:03","date_gmt":"2024-12-27T19:38:03","guid":{"rendered":"https:\/\/redsemlac.com\/semmexico\/?p=91334"},"modified":"2024-12-27T13:38:04","modified_gmt":"2024-12-27T19:38:04","slug":"mas-de-la-mitad-de-los-municipios-padecen-pobreza-o-inseguridad-por-pobreza-y-desigualdad-entre-mujeres-y-hombres","status":"publish","type":"post","link":"https:\/\/redsemlac.com\/semmexico\/mas-de-la-mitad-de-los-municipios-padecen-pobreza-o-inseguridad-por-pobreza-y-desigualdad-entre-mujeres-y-hombres\/","title":{"rendered":"M\u00e1s de la mitad de los municipios padecen pobreza o inseguridad, por pobreza\u00a0\u00a0 y desigualdad entre mujeres y hombres"},"content":{"rendered":"\n<p class=\"wp-block-paragraph\"><strong><\/strong>Seg\u00fan las estimaciones de la Comisi\u00f3n, en 2022 la tasa de pobreza extrema en M\u00e9xico se ubic\u00f3 en 6.2% y la pobreza en general en 28.6%.&nbsp;\/&nbsp;Foto: Daniel Galeana \/ El Sol de M\u00e9xico<\/p>\n\n\n\n<p class=\"wp-block-paragraph\">El 54 por ciento de los municipios del pa\u00eds fueron incluidos en la lista de Zonas de Atenci\u00f3n Prioritaria por sus grados de marginaci\u00f3n, porci\u00f3n de la poblaci\u00f3n en pobreza extrema y niveles delictivos<\/p>\n\n\n\n<p class=\"wp-block-paragraph\">Se trabajar\u00e1 por la paz en 2025, tras reconocer este rezago: Rosa Icela Rodr\u00edguez<\/p>\n\n\n\n<p class=\"wp-block-paragraph\">Jorge Salcedo<\/p>\n\n\n\n<p class=\"wp-block-paragraph\">SemM\u00e9xico\/ El Sol de M\u00e9xico, 27 de diciembre, 2024.- M\u00e1s de la mitad de los&nbsp;municipios&nbsp;del pa\u00eds padecen&nbsp;pobreza o inseguridad, de acuerdo con el decreto de municipios prioritarios para 2025, publicado por la&nbsp;Secretar\u00eda del Bienestar&nbsp;en el&nbsp;Diario Oficial de la Federaci\u00f3n.<\/p>\n\n\n\n<p class=\"wp-block-paragraph\">Seg\u00fan el decreto, mil 345 de los dos&nbsp;mil 477 municipios&nbsp;de la Rep\u00fablica registran altos \u00edndices de&nbsp;pobreza&nbsp;o&nbsp;violencia&nbsp;por lo cual el gobierno federal los atender\u00e1 con programas sociales el pr\u00f3ximo a\u00f1o, dando prioridad a la poblaci\u00f3n femenina.<\/p>\n\n\n\n<p class=\"wp-block-paragraph\">\u201c<strong>Mil 345 municipios&nbsp;<\/strong>que se encuentran en 32 entidades federativas y que cumplen con alguna de las siguientes condiciones: son de muy alta o alta marginaci\u00f3n, o tienen muy alto o alto grado de rezago social, o el porcentaje de personas en pobreza extrema es mayor o igual a 50 por ciento, o son&nbsp;<strong>municipios ind\u00edgenas<\/strong>&nbsp;o afromexicanos, o de&nbsp;<strong>alto nivel delictivo<\/strong>, o el porcentaje de la poblaci\u00f3n con grado de accesibilidad a carretera pavimentada bajo o muy bajo es mayor o igual a 50 por ciento\u201d dice el decreto publicado en la edici\u00f3n vespertina del DOF del 24 de diciembre de este a\u00f1o; esto hace vulnerable a la poblaci\u00f3n infantil y de mujeres..<\/p>\n\n\n\n<p class=\"wp-block-paragraph\">El pasado 17 de diciembre, la&nbsp;<strong>secretaria de Gobernaci\u00f3n<\/strong>, Rosa Icela Rodr\u00edguez, dijo en la conferencia matutina de Palacio Nacional que la estrategia del Gobierno federal es atender las causas de la pobreza y la&nbsp;<strong>delincuencia<\/strong>&nbsp;mediante el trabajo coordinado de los tres niveles de gobierno.<\/p>\n\n\n\n<p class=\"wp-block-paragraph\">\u201cSeguimos construyendo una paz que nace del reconocimiento de la&nbsp;<strong>realidad y el humanismo<\/strong>, que tiene como valor el bienestar. Por eso, esta Estrategia Nacional focaliza el trabajo en las comunidades. Esta estrategia, recordar que se present\u00f3 en el&nbsp;<strong>Consejo Nacional de Seguridad<\/strong>&nbsp;a las y los gobernadores, destacando la relevancia del trabajo coordinado con los tres \u00f3rdenes de Gobierno, con las organizaciones sociales, educativas, de mujeres, empresariales, religiosas.<\/p>\n\n\n\n<p class=\"wp-block-paragraph\">&nbsp;En la tarea de encontrar la paz estamos involucradas todas y todos, m\u00e1s de<strong>&nbsp;37 dependencias<\/strong>&nbsp;y&nbsp;<strong>organismos del Gobierno de M\u00e9xico<\/strong>&nbsp;ofrecen alrededor de&nbsp;<strong>100 programas y servicios&nbsp;<\/strong>para atenci\u00f3n de las personas y sus comunidades\u201d, dijo hace dos semanas la funcionaria.<\/p>\n\n\n\n<p class=\"wp-block-paragraph\">Con el decreto, para estados como&nbsp;<strong>Colima y Quintana Roo<\/strong>&nbsp;signific\u00f3 que pr\u00e1cticamente todo su territorio fuera considerado como una zona prioritaria; 100 y 90 por ciento respectivamente. En Colima se registraron niveles bajos y muy bajos de&nbsp;<strong>marginaci\u00f3n<\/strong>&nbsp;y rezago social, sin embargo en los<strong>&nbsp;10 municipios<\/strong>&nbsp;del estado hay altos niveles delictivos.&nbsp;<strong>Quintana Roo<\/strong>&nbsp;tiene una situaci\u00f3n similar, ya que los 10 municipios incluidos en la lista presentan altos niveles delictivos.<\/p>\n\n\n\n<p class=\"wp-block-paragraph\">En el caso del&nbsp;<strong>municipio de Colima<\/strong>, fue considerado dentro de los prioritarios de la&nbsp;<strong>estrategia de seguridad&nbsp;<\/strong>de los primeros 100 d\u00edas del gobierno de&nbsp;<strong>Claudia Sheinbaum Pardo<\/strong> debido a que tiene una tasa de 173.2 homicidios dolosos por cada 100 mil habitantes, la m\u00e1s alta del pa\u00eds.<\/p>\n\n\n\n<p class=\"wp-block-paragraph\">En la lista publicada en el DOF, hay 125 municipios en los que m\u00e1s de la mitad de su poblaci\u00f3n vive en pobreza extrema, la mayor\u00eda de ellos (73) ubicados en Oaxaca, seguido de Chiapas (con 21) y Guerrero (16).<\/p>\n\n\n\n<figure class=\"wp-block-image size-large\"><a href=\"https:\/\/redsemlac.com\/semmexico\/wp-content\/uploads\/2024\/12\/mitad-municipios-02.png\"><img loading=\"lazy\" decoding=\"async\" width=\"1024\" height=\"576\" src=\"https:\/\/redsemlac.com\/semmexico\/wp-content\/uploads\/2024\/12\/mitad-municipios-02-1024x576.png\" alt=\"\" class=\"wp-image-91336\" srcset=\"https:\/\/redsemlac.com\/semmexico\/wp-content\/uploads\/2024\/12\/mitad-municipios-02-1024x576.png 1024w, https:\/\/redsemlac.com\/semmexico\/wp-content\/uploads\/2024\/12\/mitad-municipios-02-300x169.png 300w, https:\/\/redsemlac.com\/semmexico\/wp-content\/uploads\/2024\/12\/mitad-municipios-02-768x432.png 768w, https:\/\/redsemlac.com\/semmexico\/wp-content\/uploads\/2024\/12\/mitad-municipios-02-150x84.png 150w, https:\/\/redsemlac.com\/semmexico\/wp-content\/uploads\/2024\/12\/mitad-municipios-02-696x392.png 696w, https:\/\/redsemlac.com\/semmexico\/wp-content\/uploads\/2024\/12\/mitad-municipios-02-1068x601.png 1068w, https:\/\/redsemlac.com\/semmexico\/wp-content\/uploads\/2024\/12\/mitad-municipios-02.png 1456w\" sizes=\"auto, (max-width: 1024px) 100vw, 1024px\" \/><\/a><\/figure>\n\n\n\n<p class=\"wp-block-paragraph\">En el caso de&nbsp;<strong>Chiapas<\/strong>, hay municipios como Chalchihuit\u00e1n donde alrededor de 76 por ciento de su poblaci\u00f3n enfrenta condiciones de pobreza extrema<\/p>\n\n\n\n<p class=\"wp-block-paragraph\">La declaratoria tambi\u00e9n da cuenta de al menos&nbsp;<strong>30 municipios<\/strong>&nbsp;que carecen por completo de accesibilidad a carreteras pavimentadas. Estas localidades se concentran en<strong>&nbsp;Chiapas, Chihuahua, Durango, Oaxaca y Sonora<\/strong>. Las condiciones de&nbsp;<strong>marginaci\u00f3n<\/strong>, rezago social y pobreza en estos territorios tambi\u00e9n es alta, aunque no presentan<strong>&nbsp;\u00edndices delictivos<\/strong>&nbsp;elevados. Seg\u00fan la declaratoria de Zonas de Atenci\u00f3n Prioritaria, en promedio 53 por ciento de los municipios de Durango carecen de acceso a carreteras con pavimento.<\/p>\n\n\n\n<p class=\"wp-block-paragraph\">El 21 de septiembre de este a\u00f1o el entonces&nbsp;<strong>secretario de Infraestructura, Comunicaciones y Transportes (SICT)<\/strong>, Jorge Nu\u00f1o Lara, afirm\u00f3 que durante el sexenio de&nbsp;<strong>Andr\u00e9s Manuel L\u00f3pez Obrador&nbsp;<\/strong>el programa de Caminos Artesanales tuvo una meta de construir 411 caminos en Oaxaca, Guerrero, Veracruz, Sonora, Nayarit, Durango, Chihuahua, Tlaxcala, Puebla e Hidalgo. El secretario destac\u00f3 en la presentaci\u00f3n de estos avances que en Oaxaca se concretaron 204 caminos \u201clos cuales duplicaron la longitud de la Red Federal Libre de Peaje\u201d.<\/p>\n\n\n\n<figure class=\"wp-block-image size-full\"><a href=\"https:\/\/redsemlac.com\/semmexico\/wp-content\/uploads\/2024\/12\/mitad-municipios-03.png\"><img loading=\"lazy\" decoding=\"async\" width=\"535\" height=\"325\" src=\"https:\/\/redsemlac.com\/semmexico\/wp-content\/uploads\/2024\/12\/mitad-municipios-03.png\" alt=\"\" class=\"wp-image-91335\" srcset=\"https:\/\/redsemlac.com\/semmexico\/wp-content\/uploads\/2024\/12\/mitad-municipios-03.png 535w, https:\/\/redsemlac.com\/semmexico\/wp-content\/uploads\/2024\/12\/mitad-municipios-03-300x182.png 300w, https:\/\/redsemlac.com\/semmexico\/wp-content\/uploads\/2024\/12\/mitad-municipios-03-150x91.png 150w\" sizes=\"auto, (max-width: 535px) 100vw, 535px\" \/><\/a><\/figure>\n","protected":false},"excerpt":{"rendered":"<p>Seg\u00fan las estimaciones de la Comisi\u00f3n, en 2022 la tasa de pobreza extrema en M\u00e9xico se ubic\u00f3 en 6.2% y la pobreza en general en 28.6%.&nbsp;\/&nbsp;Foto: Daniel Galeana \/ El Sol de M\u00e9xico El 54 por ciento de los municipios del pa\u00eds fueron incluidos en la lista de Zonas de Atenci\u00f3n Prioritaria por sus grados [&hellip;]<\/p>\n","protected":false},"author":3,"featured_media":91337,"comment_status":"open","ping_status":"open","sticky":false,"template":"","format":"standard","meta":{"_monsterinsights_skip_tracking":false,"footnotes":""},"categories":[694,48],"tags":[],"class_list":["post-91334","post","type-post","status-publish","format-standard","has-post-thumbnail","category-destacadas","category-no-mas-impunidad-no-mas-impunidad"],"_links":{"self":[{"href":"https:\/\/redsemlac.com\/semmexico\/wp-json\/wp\/v2\/posts\/91334","targetHints":{"allow":["GET"]}}],"collection":[{"href":"https:\/\/redsemlac.com\/semmexico\/wp-json\/wp\/v2\/posts"}],"about":[{"href":"https:\/\/redsemlac.com\/semmexico\/wp-json\/wp\/v2\/types\/post"}],"author":[{"embeddable":true,"href":"https:\/\/redsemlac.com\/semmexico\/wp-json\/wp\/v2\/users\/3"}],"replies":[{"embeddable":true,"href":"https:\/\/redsemlac.com\/semmexico\/wp-json\/wp\/v2\/comments?post=91334"}],"version-history":[{"count":0,"href":"https:\/\/redsemlac.com\/semmexico\/wp-json\/wp\/v2\/posts\/91334\/revisions"}],"wp:featuredmedia":[{"embeddable":true,"href":"https:\/\/redsemlac.com\/semmexico\/wp-json\/wp\/v2\/media\/91337"}],"wp:attachment":[{"href":"https:\/\/redsemlac.com\/semmexico\/wp-json\/wp\/v2\/media?parent=91334"}],"wp:term":[{"taxonomy":"category","embeddable":true,"href":"https:\/\/redsemlac.com\/semmexico\/wp-json\/wp\/v2\/categories?post=91334"},{"taxonomy":"post_tag","embeddable":true,"href":"https:\/\/redsemlac.com\/semmexico\/wp-json\/wp\/v2\/tags?post=91334"}],"curies":[{"name":"wp","href":"https:\/\/api.w.org\/{rel}","templated":true}]}}