{"id":91327,"date":"2024-12-26T22:48:53","date_gmt":"2024-12-27T04:48:53","guid":{"rendered":"https:\/\/redsemlac.com\/semmexico\/?p=91327"},"modified":"2024-12-26T22:49:11","modified_gmt":"2024-12-27T04:49:11","slug":"claudia-sheinbaum-presentara-20-reformas-para-el-siguiente-periodo-legislativo","status":"publish","type":"post","link":"https:\/\/redsemlac.com\/semmexico\/claudia-sheinbaum-presentara-20-reformas-para-el-siguiente-periodo-legislativo\/","title":{"rendered":"Claudia Sheinbaum presentar\u00e1 20 reformas para el siguiente periodo legislativo"},"content":{"rendered":"\n<p class=\"wp-block-paragraph\">\/Mario Jasso \/ Cuartoscuro.com<\/p>\n\n\n\n<p class=\"wp-block-paragraph\">SemMexico\/El Sol de M\u00e9xico, Cd. de M\u00e9xico, 26 de diciembre, 2024.- La Ley del Infonavit tendr\u00e1 un periodo de revisi\u00f3n para poder ser aprobada, adelant\u00f3 la presidenta Claudia Sheinbaum<\/p>\n\n\n\n<p class=\"wp-block-paragraph\">Se trata de modificaciones a leyes secundarias para engrosar los recientes cambios a la Carta Magna.\u00a0<\/p>\n\n\n\n<p class=\"wp-block-paragraph\">Atzayacatl Cabrera \/ El Sol de M\u00e9xico<\/p>\n\n\n\n<p class=\"wp-block-paragraph\">Una veintena de&nbsp;<strong>reformas legales y constitucionales<\/strong>&nbsp;se avecina para el siguiente periodo legislativo, que iniciar\u00e1 en febrero pr\u00f3ximo en el&nbsp;<strong>Congreso de la Uni\u00f3n<\/strong>.<\/p>\n\n\n\n<p class=\"wp-block-paragraph\">Se trata de modificaciones a leyes secundarias para engrosar los recientes cambios a la&nbsp;<strong>Carta Magna<\/strong>, e iniciativas para abatir el&nbsp;<strong>nepotismo<\/strong>&nbsp;y la&nbsp;<strong>reelecci\u00f3n<\/strong>, reformas a&nbsp;<a rel=\"noreferrer noopener\" href=\"https:\/\/oem.com.mx\/elsoldemexico\/finanzas\/pemex-anuncia-asociaciones-con-empresas-privadas-en-exploracion-y-produccion-18397750\" target=\"_blank\">Petr\u00f3leos Mexicanos (Pemex)<\/a>&nbsp;y la&nbsp;<a rel=\"noreferrer noopener\" href=\"https:\/\/oem.com.mx\/elsoldemexico\/finanzas\/cfe-ejercera-31-mil-mdp-adicionales-en-el-ano-2025-18397383\" target=\"_blank\">Comisi\u00f3n Federal de Electricidad (CFE)<\/a>, entre otras, dijo la presidenta Claudia Sheinbaum en su conferencia de prensa.<\/p>\n\n\n\n<p class=\"wp-block-paragraph\">Luego de que la semana pasada la mandataria&nbsp;<a rel=\"noreferrer noopener\" href=\"https:\/\/oem.com.mx\/elsoldemexico\/mexico\/nosotros-no-vamos-a-negociar-con-delincuentes-claudia-sheinbaum-13089865\" target=\"_blank\">Claudia Sheinbaum<\/a>&nbsp;se reuni\u00f3n con el diputado Ricardo Monreal y el senador&nbsp;<a rel=\"noreferrer noopener\" href=\"https:\/\/oem.com.mx\/elsoldemexico\/analisis\/adan-augusto-el-taliban-incomodo-20838945\" target=\"_blank\">Ad\u00e1n Augusto<\/a>, para limar asperezas, el lunes 23 de diciembre tuvo una nueva reuni\u00f3n con el l\u00edder de los morenistas en San L\u00e1zaro.<\/p>\n\n\n\n<blockquote class=\"wp-block-quote is-layout-flow wp-block-quote-is-layout-flow\">\n<h1 class=\"wp-block-heading\"><q>Son alrededor de 20 (iniciativas de reforma) que vamos a presentar para el pr\u00f3ximo periodo de sesiones: Ley de Adquisiciones, Ley de Obra P\u00fablico (&#8230;) y otras leyes muy importantes (&#8230;) vienen todas las leyes secundarias de Pemex y CFE.<\/q><\/h1>\n<\/blockquote>\n\n\n\n<p class=\"wp-block-paragraph\">S\u00f3lo entre el&nbsp;<strong>1 de septiembre<\/strong>&nbsp;de y<strong>&nbsp;15 de diciembre&nbsp;<\/strong>de este a\u00f1o, las bancadas de&nbsp;<strong>Morena<\/strong>&nbsp;y&nbsp;<strong>partidos aliados<\/strong>&nbsp;en el&nbsp;<strong>Congreso<\/strong>&nbsp;aprobaron&nbsp;<strong>13 de 18 reformas constitucionales&nbsp;<\/strong>del&nbsp;<strong>Plan C<\/strong>, que fueron propuestas por el exmandatario L\u00f3pez Obrador. La&nbsp;<strong>reforma judicial<\/strong>, la&nbsp;<strong>eliminaci\u00f3n de<\/strong>&nbsp;<strong>organismos aut\u00f3nomos<\/strong>, cambios a la&nbsp;<strong>Guardia Nacional<\/strong>, el reconocimiento de los&nbsp;<strong>derechos de pueblos ind\u00edgenas y afromexicanos<\/strong>&nbsp;son algunas de \u00e9stas.<\/p>\n\n\n\n<p class=\"wp-block-paragraph\">Adem\u00e1s, hubo&nbsp;<strong>reformas<\/strong>&nbsp;que tuvieron luz verde con&nbsp;<strong>votos de la mayor\u00eda calificada del oficialismo<\/strong>&nbsp;y que fueron&nbsp;<strong>propuestas por Claudia Sheinbaum<\/strong>, entre ellas, destacan las de la&nbsp;<strong>eliminaci\u00f3n de la desigualdad entre hombres y mujeres<\/strong>, la regulaci\u00f3n de derechos laborales a trabajadores de plataformas digitales.<\/p>\n\n\n\n<p class=\"wp-block-paragraph\">Tambi\u00e9n se incluyen reformas que dieron pie a la creaci\u00f3n de la&nbsp;<strong>Secretar\u00eda de las Mujeres<\/strong>, la&nbsp;<strong>Secretar\u00eda de Anticorrupci\u00f3n<\/strong>&nbsp;<strong>y Buen Gobierno<\/strong>&nbsp;y la&nbsp;<strong>Secretar\u00eda de Ciencia, Humanidades, Tecnolog\u00eda e Innovaci\u00f3n<\/strong>, as\u00ed como la creaci\u00f3n de la<strong>&nbsp;Agencia de Transformaci\u00f3n Digital<\/strong>.<\/p>\n\n\n\n<p class=\"wp-block-paragraph\">Muchas de estas&nbsp;<strong>reformas<\/strong>&nbsp;todav\u00eda requieren de leyes secundarias que se discutir\u00e1n en el&nbsp;<strong>Senado de la Rep\u00fablica<\/strong>&nbsp;y la&nbsp;<strong>C\u00e1mara de Diputados<\/strong>&nbsp;entre febrero y abril de 2025.<\/p>\n\n\n\n<p class=\"wp-block-paragraph\"><\/p>\n","protected":false},"excerpt":{"rendered":"<p>\/Mario Jasso \/ Cuartoscuro.com SemMexico\/El Sol de M\u00e9xico, Cd. de M\u00e9xico, 26 de diciembre, 2024.- La Ley del Infonavit tendr\u00e1 un periodo de revisi\u00f3n para poder ser aprobada, adelant\u00f3 la presidenta Claudia Sheinbaum Se trata de modificaciones a leyes secundarias para engrosar los recientes cambios a la Carta Magna.\u00a0 Atzayacatl Cabrera \/ El Sol de [&hellip;]<\/p>\n","protected":false},"author":3,"featured_media":91328,"comment_status":"open","ping_status":"open","sticky":false,"template":"","format":"standard","meta":{"_monsterinsights_skip_tracking":false,"footnotes":""},"categories":[50,903],"tags":[],"class_list":["post-91327","post","type-post","status-publish","format-standard","has-post-thumbnail","category-congreso","category-presidenta-y-mas"],"_links":{"self":[{"href":"https:\/\/redsemlac.com\/semmexico\/wp-json\/wp\/v2\/posts\/91327","targetHints":{"allow":["GET"]}}],"collection":[{"href":"https:\/\/redsemlac.com\/semmexico\/wp-json\/wp\/v2\/posts"}],"about":[{"href":"https:\/\/redsemlac.com\/semmexico\/wp-json\/wp\/v2\/types\/post"}],"author":[{"embeddable":true,"href":"https:\/\/redsemlac.com\/semmexico\/wp-json\/wp\/v2\/users\/3"}],"replies":[{"embeddable":true,"href":"https:\/\/redsemlac.com\/semmexico\/wp-json\/wp\/v2\/comments?post=91327"}],"version-history":[{"count":0,"href":"https:\/\/redsemlac.com\/semmexico\/wp-json\/wp\/v2\/posts\/91327\/revisions"}],"wp:featuredmedia":[{"embeddable":true,"href":"https:\/\/redsemlac.com\/semmexico\/wp-json\/wp\/v2\/media\/91328"}],"wp:attachment":[{"href":"https:\/\/redsemlac.com\/semmexico\/wp-json\/wp\/v2\/media?parent=91327"}],"wp:term":[{"taxonomy":"category","embeddable":true,"href":"https:\/\/redsemlac.com\/semmexico\/wp-json\/wp\/v2\/categories?post=91327"},{"taxonomy":"post_tag","embeddable":true,"href":"https:\/\/redsemlac.com\/semmexico\/wp-json\/wp\/v2\/tags?post=91327"}],"curies":[{"name":"wp","href":"https:\/\/api.w.org\/{rel}","templated":true}]}}