{"id":91324,"date":"2024-12-26T08:14:22","date_gmt":"2024-12-26T14:14:22","guid":{"rendered":"https:\/\/redsemlac.com\/semmexico\/?p=91324"},"modified":"2024-12-26T08:14:23","modified_gmt":"2024-12-26T14:14:23","slug":"los-capitales-igual-que-el-clima-la-actividad-economica-mundial-presenta-senales-de-enfriamiento","status":"publish","type":"post","link":"https:\/\/redsemlac.com\/semmexico\/los-capitales-igual-que-el-clima-la-actividad-economica-mundial-presenta-senales-de-enfriamiento\/","title":{"rendered":"Los capitales | Igual que el clima, la actividad econ\u00f3mica mundial presenta se\u00f1ales de enfriamiento"},"content":{"rendered":"\n<p class=\"wp-block-paragraph\"><\/p>\n\n\n\n<p class=\"wp-block-paragraph\">Edgar Gonz\u00e1lez Mart\u00ednez&nbsp;<\/p>\n\n\n\n<p class=\"wp-block-paragraph\">SemM\u00e9xico, Cd. de M\u00e9xico, 26 de diciembre, 2024.- De acuerdo con los datos de los mercados, la actividad econ\u00f3mica est\u00e1 mostrando una contracci\u00f3n, reflejando un desempe\u00f1o desigual en algunos sectores clave. Este comportamiento refuerza las preocupaciones sobre el crecimiento econ\u00f3mico hacia el cierre del a\u00f1o, y principios del otro, al menos en el primer semestre del 2025. Lo que m\u00e1s preocupa, es la incertidumbre en las cadenas de suministro y ajustes en las pol\u00edticas monetarias de las principales econom\u00edas del mundo. Es relevante destacar que las festividades estar\u00e1n influyendo en la volatilidad y volumen de los mercados.<\/p>\n\n\n\n<p class=\"wp-block-paragraph\">El peso mexicano, nos dice Felipe Mendoza, Analista de Mercados Financieros ATFX LATAM, comienza la jornada del 24 de diciembre cotizando cerca de los 20.14 pesos por d\u00f3lar, con un rango m\u00e1ximo de 20.20 y un m\u00ednimo de 20.11. Durante las primeras horas de negociaci\u00f3n, el tipo de cambio se ha mantenido estable, con un comportamiento lateralizado y una volatilidad limitada, en l\u00ednea con el entorno de baja actividad gracias a las festividades de fin de a\u00f1o.<\/p>\n\n\n\n<p class=\"wp-block-paragraph\">En cuanto a los indicadores econ\u00f3micos de M\u00e9xico, el dato m\u00e1s relevante publicado ayer fue la balanza comercial correspondiente a noviembre, la cual registr\u00f3 un d\u00e9ficit de -0.775 mil millones de d\u00f3lares. Este resultado contrasta de manera significativa con el super\u00e1vit de 0.331 mil millones de d\u00f3lares reportado en el mes anterior. El incremento del d\u00e9ficit comercial ha sorprendido negativamente, poniendo de manifiesto una desaceleraci\u00f3n en el ritmo de las exportaciones, posiblemente influenciada por una menor demanda externa y la moderaci\u00f3n de la actividad industrial en los principales socios comerciales de M\u00e9xico, como Estados Unidos.<\/p>\n\n\n\n<p class=\"wp-block-paragraph\">Al respecto, analistas de Banamex nos dicen que la actividad econ\u00f3mica cay\u00f3 en octubre. Con cifras desestacionalizadas, el Indicador Global de Actividad Econ\u00f3mica (se redujo 0 7 mensual por debajo de nuestra proyecci\u00f3n La ca\u00edda de octubre se presenta tras la expansi\u00f3n de 0 1 en septiembre y la reducci\u00f3n de 0 3 en agosto. Se registr\u00f3 cierta aton\u00eda en las tres actividades Como ya se conoc\u00eda, durante octubre la producci\u00f3n industrial (disminuy\u00f3 1 2 mensual, desde una expansi\u00f3n de 0 6 mensual en septiembre, siendo la mayor ca\u00edda mensual desde noviembre de 2023 2 3. Esto se debi\u00f3 a las reducciones de miner\u00eda y manufacturas 1 9 ambas) L os servicios no mostraron variaci\u00f3n con respecto al mes previo, despu\u00e9s de la ca\u00edda de 0 3 en septiembre Por sector, destacan los crecimientos mensuales en salud, comercio al por mayor 0 7 ambos), e informaci\u00f3n en medios masivos 0 5 as\u00ed como las ca\u00eddas en servicios financieros 1 1 esparcimiento 1 0 gobierno 0 7 y transporte y almacenamiento 0 5 El sector primario retrocedi\u00f3 2 6 desde el crecimiento de 1 3 en septiembre. Con cifras originales el IGAE aument\u00f3 0. 7 anual [0. 3 en septiembre). El crecimiento de octubre se explica por los servicios 2 7 anual), pues tanto el sector primario 4 8 como la PI 2.2 presentaron reducciones.<\/p>\n\n\n\n<p class=\"wp-block-paragraph\"><strong>En 2024 la IED en M\u00e9xico aument\u00f3 \u201cligeramente\u201d, en relaci\u00f3n al 2023: LAECO<\/strong><\/p>\n\n\n\n<p class=\"wp-block-paragraph\">En el m\u00e1s reciente documento de LAECO, Informe de Coyuntura Latinoamericana, de acuerdo con el Banco de M\u00e9xico, la inversi\u00f3n extranjera directa (IED) acumul\u00f3 35,737.5 millones de d\u00f3lares en los primeros nueve meses de 2024, superando ligeramente el nivel del a\u00f1o anterior. Sin embargo, las nuevas inversiones del tercer trimestre siguen mostrando una fuerte disminuci\u00f3n al caer 45.6% anual, reflejando incertidumbre entre los inversionistas.<\/p>\n\n\n\n<p class=\"wp-block-paragraph\">El INEGI report\u00f3 que, en el tercer trimestre de 2024, el PIB creci\u00f3 1.6% anual, consolidando una proyecci\u00f3n de 1.5% para el cierre del a\u00f1o. A nivel trimestral, el crecimiento fue del 1.1%, marcando un repunte frente al periodo anterior. Las actividades terciarias lideraron la expansi\u00f3n econ\u00f3mica, mientras que el sector primario mostr\u00f3 signos de recuperaci\u00f3n tras varios trimestres con resultados negativos, reflejo de condiciones m\u00e1s favorables en el agro.<\/p>\n\n\n\n<p class=\"wp-block-paragraph\">En noviembre de 2024, la inflaci\u00f3n general anual baj\u00f3 a 4.55%, mostrando estabilidad respecto a meses previos. A su vez los precios subyacentes contin\u00faan desaceler\u00e1ndose, empero el \u00edndice no subyacente present\u00f3 incrementos notables, especialmente en energ\u00e9ticos, impulsados por el fin del subsidio el\u00e9ctrico en varias ciudades. Esto resalta un entorno inflacionario a\u00fan presionado en rubros clave.<\/p>\n\n\n\n<p class=\"wp-block-paragraph\">Por otra parte, la Secretar\u00eda de Hacienda present\u00f3 el Proyecto de Presupuesto de Egresos de la Federaci\u00f3n (PPEF) para 2025, que destaca por destinar el 60% a programas sociales dando prioridad a la pol\u00edtica asistencialista iniciada en el sexenio anterior y a la que la nueva administraci\u00f3n busca ampliar. Cabe se\u00f1alar que tambi\u00e9n se incrementa el endeudamiento p\u00fablico, el cual resultar\u00eda equivalente al pago de los intereses que se pretende cubrir, es decir, el pa\u00eds se endeudar\u00e1 para pagar el costo anual de la deuda.<\/p>\n\n\n\n<p class=\"wp-block-paragraph\">Por \u00faltimo, LAECO destaca la noticia de que la C\u00e1mara de Diputados aprob\u00f3 una pol\u00e9mica reforma que elimina siete \u00f3rganos aut\u00f3nomos, trasladando sus responsabilidades al gobierno central. Aunque esta medida proporciona m\u00e1s liquidez para los programas sociales, genera preocupaciones sobre la p\u00e9rdida de transparencia y la confianza del inversionista.<\/p>\n\n\n\n<p class=\"wp-block-paragraph\"><a href=\"mailto:loscapitales@yahoo.com.mx\">loscapitales@yahoo.com.mx<\/a><\/p>\n\n\n\n<p class=\"wp-block-paragraph\"><a href=\"http:\/\/www.agendadeinversiones.com.mx\/\">www.agendadeinversiones.com.mx<\/a><\/p>\n\n\n\n<p class=\"wp-block-paragraph\">Twiter: @Edgar4712<\/p>\n","protected":false},"excerpt":{"rendered":"<p>Edgar Gonz\u00e1lez Mart\u00ednez&nbsp; SemM\u00e9xico, Cd. de M\u00e9xico, 26 de diciembre, 2024.- De acuerdo con los datos de los mercados, la actividad econ\u00f3mica est\u00e1 mostrando una contracci\u00f3n, reflejando un desempe\u00f1o desigual en algunos sectores clave. Este comportamiento refuerza las preocupaciones sobre el crecimiento econ\u00f3mico hacia el cierre del a\u00f1o, y principios del otro, al menos en [&hellip;]<\/p>\n","protected":false},"author":3,"featured_media":75979,"comment_status":"open","ping_status":"open","sticky":false,"template":"","format":"standard","meta":{"_monsterinsights_skip_tracking":false,"footnotes":""},"categories":[750],"tags":[],"class_list":["post-91324","post","type-post","status-publish","format-standard","has-post-thumbnail","category-edgar-gonzalez-martinez"],"_links":{"self":[{"href":"https:\/\/redsemlac.com\/semmexico\/wp-json\/wp\/v2\/posts\/91324","targetHints":{"allow":["GET"]}}],"collection":[{"href":"https:\/\/redsemlac.com\/semmexico\/wp-json\/wp\/v2\/posts"}],"about":[{"href":"https:\/\/redsemlac.com\/semmexico\/wp-json\/wp\/v2\/types\/post"}],"author":[{"embeddable":true,"href":"https:\/\/redsemlac.com\/semmexico\/wp-json\/wp\/v2\/users\/3"}],"replies":[{"embeddable":true,"href":"https:\/\/redsemlac.com\/semmexico\/wp-json\/wp\/v2\/comments?post=91324"}],"version-history":[{"count":0,"href":"https:\/\/redsemlac.com\/semmexico\/wp-json\/wp\/v2\/posts\/91324\/revisions"}],"wp:featuredmedia":[{"embeddable":true,"href":"https:\/\/redsemlac.com\/semmexico\/wp-json\/wp\/v2\/media\/75979"}],"wp:attachment":[{"href":"https:\/\/redsemlac.com\/semmexico\/wp-json\/wp\/v2\/media?parent=91324"}],"wp:term":[{"taxonomy":"category","embeddable":true,"href":"https:\/\/redsemlac.com\/semmexico\/wp-json\/wp\/v2\/categories?post=91324"},{"taxonomy":"post_tag","embeddable":true,"href":"https:\/\/redsemlac.com\/semmexico\/wp-json\/wp\/v2\/tags?post=91324"}],"curies":[{"name":"wp","href":"https:\/\/api.w.org\/{rel}","templated":true}]}}