{"id":91316,"date":"2024-12-26T08:04:09","date_gmt":"2024-12-26T14:04:09","guid":{"rendered":"https:\/\/redsemlac.com\/semmexico\/?p=91316"},"modified":"2024-12-26T08:04:10","modified_gmt":"2024-12-26T14:04:10","slug":"el-proximo-ano-se-conmemoran-700-anos-de-la-fundacion-tenochtitlan-se-dedicara-todo-el-ano-a-las-mujeres-indigenas","status":"publish","type":"post","link":"https:\/\/redsemlac.com\/semmexico\/el-proximo-ano-se-conmemoran-700-anos-de-la-fundacion-tenochtitlan-se-dedicara-todo-el-ano-a-las-mujeres-indigenas\/","title":{"rendered":"El pr\u00f3ximo a\u00f1o se conmemoran 700 a\u00f1os de la Fundaci\u00f3n Tenochtitl\u00e1n, se dedicar\u00e1 todo el a\u00f1o a las mujeres ind\u00edgenas"},"content":{"rendered":"\n<p class=\"wp-block-paragraph\">M\u00e1s de 5 millones que viven hoy: violencia y discriminaci\u00f3n, feminicidio y escasos recursos econ\u00f3micos, productivos y de salud<\/p>\n\n\n\n<p class=\"wp-block-paragraph\">El a\u00f1o 2025&nbsp; se dedicar\u00e1 a las mujeres ind\u00edgenas, sus im\u00e1genes de poderosas, mientras las de hoy reclaman derechos para modificar&nbsp; su condici\u00f3n y su marginaci\u00f3n<\/p>\n\n\n\n<p class=\"wp-block-paragraph\">Sara Lovera&nbsp;<\/p>\n\n\n\n<p class=\"wp-block-paragraph\">SemM\u00e9xico, Ciudad de M\u00e9xico,&nbsp; 26 de diciembre, 2024.- La presidenta&nbsp;Claudia Sheinbaum Pardo&nbsp;anunci\u00f3 que el&nbsp;2025 ser\u00e1 dedicado&nbsp;a&nbsp;conmemorar a las mujeres ind\u00edgenas de M\u00e9xico,&nbsp;reconociendo su&nbsp;legado hist\u00f3rico&nbsp;y su papel crucial en la defensa de los&nbsp;derechos de los pueblos originarios.&nbsp;<\/p>\n\n\n\n<p class=\"wp-block-paragraph\">El anuncia se hizo esta semana, en la que la presidenta destac\u00f3 la importancia de honrar&nbsp; la contribuci\u00f3n de las mujeres ind\u00edgenas en la&nbsp;cultura&nbsp;y la&nbsp;historia de la naci\u00f3n. Indicadores oficiales hablan de las actuales, sin reivindicaci\u00f3n y marginadas.<\/p>\n\n\n\n<p class=\"wp-block-paragraph\">Reforma Constitucional y reconocimiento de derechos<\/p>\n\n\n\n<p class=\"wp-block-paragraph\">El director general del Instituto Nacional de Antropolog\u00eda e Historia (INAH),&nbsp;Diego Prieto Hern\u00e1ndez, aprovech\u00f3 la ocasi\u00f3n para recordar la&nbsp;reciente reforma al art\u00edculo 2\u00b0 de la Constituci\u00f3n, la cual&nbsp;otorga a los pueblos ind\u00edgenas&nbsp;el&nbsp;reconocimiento como sujetos&nbsp;con derechos para gobernarse, organizarse y preservar su identidad cultural. Esta reforma es un paso trascendental hacia la inclusi\u00f3n y el respeto a la diversidad en el pa\u00eds.<\/p>\n\n\n\n<p class=\"wp-block-paragraph\"><img loading=\"lazy\" decoding=\"async\" alt=\"Mujeres Ind\u00edgenas M\u00e9xico 2025\" src=\"https:\/\/lh7-rt.googleusercontent.com\/docsz\/AD_4nXdp6ltOT_H_7MbEMwmCQV75ubpAfGQ6LrpHVyuKvOKnkfG8m4qq7zRAeuXj8uGxd9e2sxrEBT6f9dRSEwLWHXhk0RzEhcc8ik7FTbHpUENGcQLvD6LyxQqpqxxiUEVMFboy8tk3BCYOlnVX9T9BQr0?key=RR-S6H5YHcNGijsYBGGErgGg\" width=\"635\" height=\"500\">Mujeres Ind\u00edgenas M\u00e9xico 2025<\/p>\n\n\n\n<p class=\"wp-block-paragraph\">Emblema Oficial del A\u00f1o de las Mujeres Ind\u00edgenas<\/p>\n\n\n\n<p class=\"wp-block-paragraph\">Durante la conferencia, tambi\u00e9n se present\u00f3 el emblema oficial de esta conmemoraci\u00f3n, el cual incluye a cuatro figuras femeninas emblem\u00e1ticas que representan la diversidad, fortaleza y riqueza cultural de los pueblos ind\u00edgenas de M\u00e9xico. Estas figuras son:<\/p>\n\n\n\n<ul class=\"wp-block-list\">\n<li>Tz\u2019k-b\u2019u Aha:\u00a0conocida como la Se\u00f1ora de la Sucesi\u00f3n, una mujer maya de gran poder en la historia de Palenque<\/li>\n\n\n\n<li>Tecuichpo-Ixcaxochitzin:\u00a0llamada Flor Blanca, una figura mixteca clave en la transici\u00f3n entre la ca\u00edda de Tenochtitl\u00e1n y el inicio del Virreinato<\/li>\n\n\n\n<li>Se\u00f1ora de Seis Monos:l\u00edder mixteca de Huachino, destacada en los \u00e1mbitos pol\u00edtico y religioso de su tiempo<\/li>\n\n\n\n<li>Xiuhtzatzin:\u00a0una mujer tolteca que simboliza la influencia cultural de Mesoam\u00e9rica<\/li>\n<\/ul>\n\n\n\n<p class=\"wp-block-paragraph\"><img loading=\"lazy\" decoding=\"async\" alt=\"Mujeres Ind\u00edgenas 2025\" src=\"https:\/\/lh7-rt.googleusercontent.com\/docsz\/AD_4nXeew7tRvgtwqpuYukudgNUSXAC541sD9RvN-dcZa-sBlOv3eGAV_TBTElZd-QTlDa2V2162FlRz1j9KtsJuz-C_xF_hsq-MCLWKwUL2_61jS7xb2SNtvQDHw9IQbq2eNpK_Es1PXVlTSjv-rZGbJqg?key=RR-S6H5YHcNGijsYBGGErgGg\" width=\"635\" height=\"243\">Mujeres Ind\u00edgenas 2025 (Foto: Gobierno Federal)<\/p>\n\n\n\n<p class=\"wp-block-paragraph\">Datos Sobre las Mujeres Ind\u00edgenas en M\u00e9xico<\/p>\n\n\n\n<p class=\"wp-block-paragraph\">De acuerdo con el&nbsp;Censo de Poblaci\u00f3n 2020 del Instituto Nacional de Estad\u00edstica y Geograf\u00eda (INEGI),&nbsp;M\u00e9xico cuenta con 11.9 millones de personas que se&nbsp;identifican como ind\u00edgenas, de las cuales el&nbsp;51.4% son mujeres.&nbsp;<\/p>\n\n\n\n<p class=\"wp-block-paragraph\">A pesar de su importancia en la cultura y la sociedad, las mujeres ind\u00edgenas enfrentan desaf\u00edos significativos: el 46.7% de ellas vive en condiciones de rezago educativo, frente al 39.9% de los hombres ind\u00edgenas.<\/p>\n\n\n\n<p class=\"wp-block-paragraph\"><img loading=\"lazy\" decoding=\"async\" src=\"https:\/\/lh7-rt.googleusercontent.com\/docsz\/AD_4nXd13NG7Pt_qfjnQIBzYrtZDJxGGnf02oX02cTxekr4fProgP_bLf6a4MQ9hPHw9Z_wPgJatrZxC_jPaTXDlyvGOm5ho0DB5eRsndV8sOwUdTj7vnnFf61HZgB1IvrqyvfSt7LVJodHr6Wj7QidBrUM?key=RR-S6H5YHcNGijsYBGGErgGg\" width=\"635\" height=\"444\">Mujer ind\u00edgena&nbsp;Mujer ind\u00edgena<\/p>\n\n\n\n<p class=\"wp-block-paragraph\"><strong><em>Las mujeres ind\u00edgenas en M\u00e9xico&nbsp;enfrentan diversas situaciones de discriminaci\u00f3n, violencia y exclusi\u00f3n, entre ellas<\/em><\/strong>:<\/p>\n\n\n\n<ul class=\"wp-block-list\">\n<li>Discriminaci\u00f3n<\/li>\n<\/ul>\n\n\n\n<p class=\"wp-block-paragraph\">Las mujeres ind\u00edgenas son las m\u00e1s afectadas por la discriminaci\u00f3n, ya que se enfrentan a la exclusi\u00f3n por su condici\u00f3n ind\u00edgena y por razones de g\u00e9nero.&nbsp;<\/p>\n\n\n\n<ul class=\"wp-block-list\">\n<li>Violencia<\/li>\n<\/ul>\n\n\n\n<p class=\"wp-block-paragraph\">Las mujeres ind\u00edgenas sufren violencia dom\u00e9stica, asesinatos, violaciones, problemas de salud mental y persecuci\u00f3n por defender los derechos de la comunidad.&nbsp;<\/p>\n\n\n\n<ul class=\"wp-block-list\">\n<li>Falta de servicios de salud<\/li>\n<\/ul>\n\n\n\n<p class=\"wp-block-paragraph\">Las mujeres ind\u00edgenas tienen acceso limitado a servicios de salud y medidas de prevenci\u00f3n.&nbsp;<\/p>\n\n\n\n<ul class=\"wp-block-list\">\n<li>Viviendas sin escrituras<\/li>\n<\/ul>\n\n\n\n<p class=\"wp-block-paragraph\">El 63.1% de las mujeres ind\u00edgenas m\u00e1s pobres en zonas rurales habitan en viviendas sin escrituras.&nbsp;<\/p>\n\n\n\n<ul class=\"wp-block-list\">\n<li>Atenci\u00f3n profesional en el parto<\/li>\n<\/ul>\n\n\n\n<p class=\"wp-block-paragraph\">Solo 3 de cada 10 mujeres ind\u00edgenas m\u00e1s pobres en zonas rurales, de 15 a 49 a\u00f1os, recibieron atenci\u00f3n profesional durante el parto.&nbsp;<\/p>\n\n\n\n<p class=\"wp-block-paragraph\">Sin embargo, las mujeres ind\u00edgenas tambi\u00e9n han estado presentes en el desarrollo y lucha de sus pueblos y comunidades.&nbsp;Han encabezado movimientos sociales, cuidado el medio ambiente, defendido los derechos humanos e impulsado la producci\u00f3n y comercio de alimentos y artesan\u00edas.&nbsp;<\/p>\n\n\n\n<p class=\"wp-block-paragraph\">Al margen de los flujos migratorios, las mujeres ind\u00edgenas que permanecen en las localidades rurales se caracterizan por ser hablantes de lengua ind\u00edgena, 73%, y el 15.5% son monoling\u00fces, esto contrasta con el nivel nacional para las mujeres ind\u00edgenas donde los porcentaje es de 61.6% y 15.2%, respectivamente.&nbsp;<\/p>\n\n\n\n<p class=\"wp-block-paragraph\">Espec\u00edficamente, la poblaci\u00f3n ind\u00edgena monoling\u00fce a nivel nacional es de 909 mil 356 personas, de las cuales el 63% son mujeres y el 85% habita en el medio rural.<\/p>\n\n\n\n<p class=\"wp-block-paragraph\">La emigraci\u00f3n de la poblaci\u00f3n ind\u00edgena rural hacia otras localidades tambi\u00e9n se refleja en la composici\u00f3n de la poblaci\u00f3n por grupos de edad. En las localidades rurales se observa un porcentaje mayor de ni\u00f1as y mujeres de edad avanzada, mientras que el porcentaje de mujeres en edades \u201cecon\u00f3micamente productivas\u201d, entre 15 y 64 a\u00f1os, es menor.&nbsp;<\/p>\n\n\n\n<p class=\"wp-block-paragraph\">Entre las mujeres que habitan localidades rurales, 33.9% son menores de 15 a\u00f1os; 8%, mayores de 64 a\u00f1os y 58% se ubica entre los 15 y 64 a\u00f1os.&nbsp;<\/p>\n\n\n\n<p class=\"wp-block-paragraph\">Al incrementar el tama\u00f1o de la localidad aumenta el porcentaje de mujeres en edad productiva y disminuye el de ni\u00f1as y adultas mayores. En ciudades con m\u00e1s de 100 mil habitantes, 25.8% son menores de 15 a\u00f1os, 5.7%, mayor de 64 a\u00f1os y 68.4% entre los 15 y 64 a\u00f1os.&nbsp;<\/p>\n\n\n\n<p class=\"wp-block-paragraph\"><strong>Un llamado a la inclusi\u00f3n y el respeto<\/strong><\/p>\n\n\n\n<p class=\"wp-block-paragraph\">Con la proclamaci\u00f3n del&nbsp;2025 como el A\u00f1o de las Mujeres Ind\u00edgenas, el gobierno mexicano busca&nbsp;visibilizar la relevancia&nbsp;de estas&nbsp;mujeres en la historia&nbsp;y la actualidad, as\u00ed como promover acciones que combatan la discriminaci\u00f3n y fomenten el respeto a sus derechos y culturas.<\/p>\n\n\n\n<p class=\"wp-block-paragraph\"><strong>No historia\/ Realidad&nbsp;<\/strong><\/p>\n\n\n\n<figure class=\"wp-block-image\"><img decoding=\"async\" src=\"https:\/\/lh7-rt.googleusercontent.com\/docsz\/AD_4nXeOVWRQ-D_B36bXWrvdZomppBIGqVjUFJOAsYFJfZcFJ0o-SlFGFEF4uV2COjLjer_wvVEQ-1SO-saIubHvJZ3khsQDWlWSvarCq0PhDbXjlYq5enaUiJuoS3rTp_bA9YMo0Du_H2dAaNxj62Jx_mA?key=RR-S6H5YHcNGijsYBGGErgGg\" alt=\"Una mujer con un texto en blanco\n\nDescripci\u00f3n generada autom\u00e1ticamente\"\/><\/figure>\n\n\n\n<p class=\"wp-block-paragraph\"><strong><em>Ejemplo: Chiapas<\/em><\/strong><\/p>\n\n\n\n<p class=\"wp-block-paragraph\">La periodista Thiar\u00e9 Garc\u00eda de El Heraldo de Chiapas, document\u00f3, apenas en septiembre de este a\u00f1o,&nbsp; que de&nbsp; cada&nbsp;10 mujeres ind\u00edgenas de esta entidad ,&nbsp;ocho&nbsp;son&nbsp;vulneradas&nbsp;en sus&nbsp;derechos humanos, debido a la aplicaci\u00f3n de los&nbsp;usos y costumbres&nbsp;en comunidades&nbsp;ind\u00edgenas&nbsp;de la zona&nbsp;Altos de Chiapas.<\/p>\n\n\n\n<p class=\"wp-block-paragraph\">Esta&nbsp;vulnerabilidad&nbsp;hacia las mujeres&nbsp;ind\u00edgenas, perpet\u00faa situaciones de&nbsp;desigualdad social,&nbsp;econ\u00f3mica&nbsp;y&nbsp;cultural, dej\u00e1ndolas en una&nbsp;posici\u00f3n de desventaja.<\/p>\n\n\n\n<p class=\"wp-block-paragraph\">De acuerdo con el&nbsp;Observatorio Feminista&nbsp;contra la&nbsp;Violencia&nbsp;a las&nbsp;Mujeres, en Chiapas de&nbsp;enero&nbsp;a&nbsp;septiembre&nbsp;de 2024 se registraron &nbsp;159 muertes violentas&nbsp;de mujeres ind\u00edgenas en esta entidad.<\/p>\n\n\n\n<p class=\"wp-block-paragraph\">Las regiones m\u00e1s afectadas son el&nbsp;Soconusco, con&nbsp;22 casos; seguido por el \u00e1rea&nbsp;Metropolitana&nbsp;con&nbsp;10, mientras que las zonas&nbsp;Frailesca&nbsp;e&nbsp;Istmo-Costa&nbsp;registraron&nbsp;tres casos&nbsp;cada una.<\/p>\n\n\n\n<p class=\"wp-block-paragraph\"><strong>Una mujer sobresaliente<\/strong><\/p>\n\n\n\n<p class=\"wp-block-paragraph\">Mar\u00eda Concepci\u00f3n Jim\u00e9nez G\u00f3mez, una mujer&nbsp;ind\u00edgena&nbsp;y&nbsp;artesana tsotzil&nbsp;de&nbsp;Venustiano Carranza, comparti\u00f3 en entrevista su testimonio sobre el&nbsp;machismo&nbsp;que vivi\u00f3 y el cual muchas mujeres de diferentes comunidades cercanas a su municipio tienen que pasar, esto con el apoyo de las&nbsp;ONG&nbsp;para impartir pl\u00e1ticas acerca de los&nbsp;valores de las mujeres, empoderarlas y poder erradicar la&nbsp;violencia de g\u00e9nero.<\/p>\n\n\n\n<p class=\"wp-block-paragraph\">Las&nbsp;mujeres ind\u00edgenas&nbsp;son&nbsp;discriminadas. En su caso, cuando decidi\u00f3 estudiar, su padre se lo impidi\u00f3, ya que se ten\u00eda la creencia de que la mujer se ten\u00eda que dedicar a la casa y ver por su marido, pero ella ten\u00eda mente&nbsp;revolucionaria, pues estaba en desacuerdo.<\/p>\n\n\n\n<p class=\"wp-block-paragraph\">\u201cYo me fui integrando con las compa\u00f1eras en la casa del pueblo&nbsp;OCEZ, desafortunadamente los esposos de mis compa\u00f1eras no daban lugar a que nos reuni\u00e9ramos, mucho menos que sali\u00e9ramos fuera y lleg\u00f3 el momento en que vinieron compa\u00f1eras de las&nbsp;ONG&#8217;s&nbsp;para dar acompa\u00f1amiento y superarnos en el&nbsp;telar de cintura&nbsp;y gracias a ello pudimos salir\u201d, agreg\u00f3 la artesana.<\/p>\n\n\n\n<p class=\"wp-block-paragraph\">Dijo que a su cargo lleg\u00f3 a tener&nbsp;250 mujeres ind\u00edgenas&nbsp;estableciendo una&nbsp;asamblea&nbsp;con la intenci\u00f3n de ser&nbsp;visibilizadas, aunque pese al esfuerzo el&nbsp;machismo&nbsp;ganaba terreno, llegando a impedir que expusieran sus&nbsp;piezas&nbsp;(ropa artesanal que elaboran) en otras entidades. \u201cFuimos tres mujeres a&nbsp;M\u00e9xico&nbsp;a vender nuestros productos y de ah\u00ed fuimos jalando a otras compa\u00f1eras, aunque s\u00ed nos maltrataban porque no nos dejaban salir,\u201d expres\u00f3 Jim\u00e9nez G\u00f3mez.<\/p>\n\n\n\n<p class=\"wp-block-paragraph\"><strong>Sin derechos a decidir<\/strong><\/p>\n\n\n\n<p class=\"wp-block-paragraph\">Las&nbsp;mujeres&nbsp;no pueden salir, ni vestirse como quieran, ya que es el&nbsp;esposo&nbsp;quien decide e incluso no cuentan con&nbsp;planificaci\u00f3n familiar, siendo el hombre el que dicta cu\u00e1ntos&nbsp;hijos&nbsp;tener.<\/p>\n\n\n\n<p class=\"wp-block-paragraph\">\u201cAqu\u00ed en&nbsp;Carranza&nbsp;hay mujeres que han tenido hasta&nbsp;12 hijos, porque el hombre as\u00ed lo dec\u00eda. Hasta cuando dejaban de menstruar ten\u00edan hijos (\u2026) Yo vi como mi madre sufri\u00f3, hay mujeres que fueron&nbsp;brutalmente atacadas&nbsp;para tener&nbsp;relaciones sexuales\u201d, cont\u00f3.<\/p>\n\n\n\n<p class=\"wp-block-paragraph\"><strong>Fecundidad y situaci\u00f3n conyugal<\/strong><\/p>\n\n\n\n<p class=\"wp-block-paragraph\">La situaci\u00f3n conyugal de las mujeres ind\u00edgenas es similar a la de las mujeres a nivel nacional. Alrededor de tres de cada diez mujeres de 15 y m\u00e1s a\u00f1os de edad son solteras y cinco de cada diez est\u00e1n casadas.<\/p>\n\n\n\n<p class=\"wp-block-paragraph\">Los resultados porcentuales del desglose por edad quinquenal de las mujeres unidas o casadas muestran que en el medio rural poco m\u00e1s de la mitad de las mujeres de 20 a 24 a\u00f1os de edad empiezan a estar unidas o casadas, como se observa en la gr\u00e1fica.<\/p>\n\n\n\n<figure class=\"wp-block-image\"><img decoding=\"async\" src=\"https:\/\/lh7-rt.googleusercontent.com\/docsz\/AD_4nXei2_UPFwbLFVAHw5bzXYEErlhGnq5b2hVN28skDzEjuJ6bSYKVx5xJxxWAG5MBmk1uOG-lgEBvV15VkrfLkm-TzvaC4UZBeLnGQMSpq8GuGhDcqwPlaUKYoC4Mn-Ul_gG5bpn1e8byAI0uuU_db_g?key=RR-S6H5YHcNGijsYBGGErgGg\" alt=\"Gr\u00e1fico, Gr\u00e1fico de l\u00edneas\n\nDescripci\u00f3n generada autom\u00e1ticamente\"\/><\/figure>\n\n\n\n<p class=\"wp-block-paragraph\">El promedio de hijos nacidos vivos en las mujeres ind\u00edgenas de 15 a 49 a\u00f1os de edad que viven en el medio rural es de 2.3, mientras que el promedio nacional ind\u00edgena es de 2. Ambos valores son superiores al promedio nacional, que es de 1.7 hijos nacidos vivos por mujer.<\/p>\n\n\n\n<p class=\"wp-block-paragraph\"><strong>Hogares con mujeres jefas de familia<\/strong><\/p>\n\n\n\n<p class=\"wp-block-paragraph\">En las localidades rurales existe 1 mill\u00f3n 405 mil viviendas ind\u00edgenas, de las cuales 21.1% tienen jefatura femenina, lo que representa 296 mil hogares. En estas viviendas 21.1% tiene piso de tierra y 75% de cemento o piso firme; en el caso de las viviendas cuyo jefe de familia es hombre estos porcentajes son 20.5% y 75.4%, respectivamente.&nbsp;<\/p>\n\n\n\n<p class=\"wp-block-paragraph\">Asimismo, de las viviendas con jefatura femenina el 81% dispone de agua entubada, 92.3% de electricidad y 53% de drenaje. En las viviendas cuyo jefe de familia es hombre estos porcentajes son 80%, 93.1% y 54.2%, respectivamente.<\/p>\n\n\n\n<figure class=\"wp-block-image\"><img decoding=\"async\" src=\"https:\/\/lh7-rt.googleusercontent.com\/docsz\/AD_4nXdzgmlHiKW-putVyiMH5upiFKw5afsXLtEkL0K2iMryPomYpmNcCecEFs8BGDPucP_L2DsIrA6XLHKcQuJaaDmycrSKqvlWm3DThRr6q6LLEAg3TM8fHs0CKzFJsHdVKRGsSXJSa3rReJMcUo-OZao?key=RR-S6H5YHcNGijsYBGGErgGg\" alt=\"Gr\u00e1fico, Gr\u00e1fico de barras\n\nDescripci\u00f3n generada autom\u00e1ticamente\"\/><\/figure>\n\n\n\n<p class=\"wp-block-paragraph\"><strong>Asistencia escolar y alfabetismo<\/strong><\/p>\n\n\n\n<p class=\"wp-block-paragraph\">En M\u00e9xico el 96.2% de la poblaci\u00f3n de ni\u00f1as y ni\u00f1os de 6 a 14 a\u00f1os asiste a la escuela, en la poblaci\u00f3n rural e ind\u00edgena el porcentaje disminuye a 94.9 y 94.4%, respectivamente, y entre las mujeres ind\u00edgenas que habitan localidades menores de 2 mil 500 habitantes, el porcentaje vuelve a disminuir a 93.7%. En n\u00fameros absolutos existe un total de 41 mil 313 ni\u00f1as ind\u00edgenas entre 6 y 14 a\u00f1os que no asisten a la escuela, que representan un 6.3%.&nbsp;<\/p>\n\n\n\n<figure class=\"wp-block-image\"><img decoding=\"async\" src=\"https:\/\/lh7-rt.googleusercontent.com\/docsz\/AD_4nXdDwNJEQvzce0srr_CflvMRLIIdB7J04bHe4TBMWG-vWIQb-wskyHgbk3VCNzrD1ajo1OfDP7JyMyOzG4v5hKVcO5D2Oq1iAUCvIRRugpXhYUgcOpG_-wU35E-K3ECzrlFpFKlCvEDwGN8rehNYveg?key=RR-S6H5YHcNGijsYBGGErgGg\" alt=\"Gr\u00e1fico, Gr\u00e1fico de barras\n\nDescripci\u00f3n generada autom\u00e1ticamente\"\/><\/figure>\n\n\n\n<p class=\"wp-block-paragraph\">En la poblaci\u00f3n rural el porcentaje de poblaci\u00f3n analfabeta de 15 a\u00f1os y m\u00e1s casi triplica el indicador nacional, es decir, a nivel nacional 5% de la poblaci\u00f3n es analfabeta y en el medio rural un 12.9% de la poblaci\u00f3n presenta esta condici\u00f3n. Entre la mujeres ind\u00edgenas rurales el porcentaje de analfabetismo alcanza el valor de 29.8%, que implica a una total de 618 mil 486 mujeres ind\u00edgenas.&nbsp;<\/p>\n\n\n\n<figure class=\"wp-block-image\"><img decoding=\"async\" src=\"https:\/\/lh7-rt.googleusercontent.com\/docsz\/AD_4nXf4QZWfTfkJPNf7LdXsYwnSJAcL9qmutpXtsMuk3S-sgdnqzM3syFxQwzIbv25Hu3VlMK96CuiKgxZHD8UzPGfxcjAQec8EtWZI2eoTx2ovkoChmvFNwQQ21VR7NZJNz8FtulmN2G6qHfzKiUs7ng?key=RR-S6H5YHcNGijsYBGGErgGg\" alt=\"Gr\u00e1fico, Gr\u00e1fico de barras\n\nDescripci\u00f3n generada autom\u00e1ticamente\"\/><\/figure>\n\n\n\n<p class=\"wp-block-paragraph\"><strong>Ocupaci\u00f3n, empleo e ingresos<\/strong><\/p>\n\n\n\n<p class=\"wp-block-paragraph\">En el tema de la ocupaci\u00f3n, en la poblaci\u00f3n ind\u00edgena se presenta un peso mayor de las actividades del sector agropecuario. Esto significa que de los 3.8 millones de ind\u00edgenas ocupados, el 31.7% se desempe\u00f1an en este sector, porcentaje que triplica pr\u00e1cticamente el peso de la poblaci\u00f3n ocupada en el sector primario a nivel nacional donde se alcanza s\u00f3lo un 11%.&nbsp;<\/p>\n\n\n\n<p class=\"wp-block-paragraph\">La poblaci\u00f3n ind\u00edgena ocupada en el sector agropecuario asciende a 1 mill\u00f3n 203 mil 572 ind\u00edgenas y de ellos un 7.9% son mujeres (94,949). Este porcentaje es menor con relaci\u00f3n al indicador nacional, de 7.3%.&nbsp;<\/p>\n\n\n\n<p class=\"wp-block-paragraph\">De acuerdo a los ingresos, del total de poblaci\u00f3n ind\u00edgena ocupada 11.9% no percibe ingresos, 16.8% tiene un ingreso menor a un salario m\u00ednimo, 30.4% de 1 a 2 salarios m\u00ednimos y s\u00f3lo 30% tiene un ingreso superior a 2 salarios m\u00ednimos.&nbsp;<\/p>\n\n\n\n<p class=\"wp-block-paragraph\">Entre la poblaci\u00f3n rural, 23% no percibe ingresos, 22% percibe ingresos menores a un salario m\u00ednimo, 25% de 1 a 2 salarios m\u00ednimos y s\u00f3lo 15% percibe m\u00e1s de 2 salarios m\u00ednimos. En las mujeres ind\u00edgenas estos valores son 11.6% sin ingresos, 32% con un ingreso menor a un salario m\u00ednimo, 28% de 1 a 2 salarios m\u00ednimos y 16% percibe m\u00e1s de 2 salarios m\u00ednimos.&nbsp;<\/p>\n\n\n\n<figure class=\"wp-block-image\"><img decoding=\"async\" src=\"https:\/\/lh7-rt.googleusercontent.com\/docsz\/AD_4nXeElqNjgf9fRncxlwwtrbzYjqqR-o1MjYGdLPHO3jvKlF8ejpvJapJ41mC0zYx2uiiB2As8m1Av3CFjlbea6c6S3di5UbVWN_xepRex-V1x7U7X5vfHLfYgTxsq03GPliWlGWb-JM5Is0-ZnL3d6Rg?key=RR-S6H5YHcNGijsYBGGErgGg\" alt=\"Gr\u00e1fico, Gr\u00e1fico de barras\n\nDescripci\u00f3n generada autom\u00e1ticamente\"\/><\/figure>\n\n\n\n<p class=\"wp-block-paragraph\">De acuerdo con la Encuesta Nacional Agropecuaria 2014 levantada por el INEGI del total de productores identificados, 15.1% son mujeres. Y, por otro lado, el Registro Agrario Nacional se\u00f1ala que existe un total 7 millones de sujetos titulares de derechos agrarios, de los cuales 22.3% son mujeres, que significa un mill\u00f3n 564 mil personas.<\/p>\n\n\n\n<figure class=\"wp-block-image\"><img decoding=\"async\" src=\"https:\/\/lh7-rt.googleusercontent.com\/docsz\/AD_4nXeNifQmHqIIrXkVGx8fuzKy5c6NWiHI4Jdvml3V2179lKLa_Krfi7VcPOhu9B94k6YNDdGi8Hi1VtmOuTPMUz_Rybw3nDjzUC7_xmCXDZu9GT6HCDEn_J3Im8FIVQhOrKhWTWrR8kuwPtqq8-Rf2g?key=RR-S6H5YHcNGijsYBGGErgGg\" alt=\"La tercera parte de los pobres del mundo son ind\u00edgenas, seg\u00fan la ONU |  Cr\u00f3nica de sociales\"\/><\/figure>\n\n\n\n<p class=\"wp-block-paragraph\">Finalmente, es importante decir que en M\u00e9xico existe una gran diversidad de lenguas ind\u00edgenas. Actualmente son catalogadas 68 agrupaciones ling\u00fc\u00edsticas con 364 variantes en todo el pa\u00eds. Los pueblos ind\u00edgenas con mayor concentraci\u00f3n de poblaci\u00f3n rural son: n\u00e1huatl, (24.5%); tseltal, (7.8%); mixteco, (7.4%); tsotsil, (7.2%); maya, (6.5%); otom\u00ed, (5.6%); zapoteco, (5.0%); totonaco, (4.0%); ch\u2019ol (3.8%); y mazateco (3.3%). Estos diez pueblos concentran al 80% de la poblaci\u00f3n ind\u00edgena rural. Los otros 58 pueblos tambi\u00e9n tienen presencia en las localidades rurales.<\/p>\n","protected":false},"excerpt":{"rendered":"<p>M\u00e1s de 5 millones que viven hoy: violencia y discriminaci\u00f3n, feminicidio y escasos recursos econ\u00f3micos, productivos y de salud El a\u00f1o 2025&nbsp; se dedicar\u00e1 a las mujeres ind\u00edgenas, sus im\u00e1genes de poderosas, mientras las de hoy reclaman derechos para modificar&nbsp; su condici\u00f3n y su marginaci\u00f3n Sara Lovera&nbsp; SemM\u00e9xico, Ciudad de M\u00e9xico,&nbsp; 26 de diciembre, 2024.- [&hellip;]<\/p>\n","protected":false},"author":3,"featured_media":91317,"comment_status":"open","ping_status":"open","sticky":false,"template":"","format":"standard","meta":{"_monsterinsights_skip_tracking":false,"footnotes":""},"categories":[694,63],"tags":[],"class_list":["post-91316","post","type-post","status-publish","format-standard","has-post-thumbnail","category-destacadas","category-reportajes"],"_links":{"self":[{"href":"https:\/\/redsemlac.com\/semmexico\/wp-json\/wp\/v2\/posts\/91316","targetHints":{"allow":["GET"]}}],"collection":[{"href":"https:\/\/redsemlac.com\/semmexico\/wp-json\/wp\/v2\/posts"}],"about":[{"href":"https:\/\/redsemlac.com\/semmexico\/wp-json\/wp\/v2\/types\/post"}],"author":[{"embeddable":true,"href":"https:\/\/redsemlac.com\/semmexico\/wp-json\/wp\/v2\/users\/3"}],"replies":[{"embeddable":true,"href":"https:\/\/redsemlac.com\/semmexico\/wp-json\/wp\/v2\/comments?post=91316"}],"version-history":[{"count":0,"href":"https:\/\/redsemlac.com\/semmexico\/wp-json\/wp\/v2\/posts\/91316\/revisions"}],"wp:featuredmedia":[{"embeddable":true,"href":"https:\/\/redsemlac.com\/semmexico\/wp-json\/wp\/v2\/media\/91317"}],"wp:attachment":[{"href":"https:\/\/redsemlac.com\/semmexico\/wp-json\/wp\/v2\/media?parent=91316"}],"wp:term":[{"taxonomy":"category","embeddable":true,"href":"https:\/\/redsemlac.com\/semmexico\/wp-json\/wp\/v2\/categories?post=91316"},{"taxonomy":"post_tag","embeddable":true,"href":"https:\/\/redsemlac.com\/semmexico\/wp-json\/wp\/v2\/tags?post=91316"}],"curies":[{"name":"wp","href":"https:\/\/api.w.org\/{rel}","templated":true}]}}